{"id":71619,"date":"2015-09-03T21:00:22","date_gmt":"2015-09-04T00:00:22","guid":{"rendered":"http:\/\/www.24baires.com\/?p=71619"},"modified":"2015-09-03T20:57:57","modified_gmt":"2015-09-03T23:57:57","slug":"recalde-se-reunio-con-delegados-de-la-nacion-preocupados-por-posibles-despidos","status":"publish","type":"post","link":"http:\/\/www.24baires.com\/?p=71619","title":{"rendered":"Recalde se reuni\u00f3 con delegados de La Naci\u00f3n preocupados por posibles despidos"},"content":{"rendered":"<p>El presidente de la comisi\u00f3n de Legislaci\u00f3n del Trabajo, H\u00e9ctor Recalde (Frente para la Victoria) recibi\u00f3 a integrantes del cuerpo de Delegados del Diario La Naci\u00f3n, quienes le manifestaron su honda preocupaci\u00f3n ante la pretensi\u00f3n de la empresa de despedir a 70 trabajadores.<!--more--><\/p>\n<p>Las autoridades del diario a trav\u00e9s de una presentaci\u00f3n ante el Ministerio de Trabajo intentan iniciar un procedimiento de crisis para producir despidos colectivos de personal, inform\u00f3 el legislador kirchnerista.<\/p>\n<p>\u00abSeguiremos atentos junto a los delegados y sus organizaciones gremiales, al tipo de acci\u00f3n que quiere realizar el diario opositor pol\u00edticamente, y saldremos en defensa de la fuente laboral para los 70 trabajadores en caso de que el Diario La Naci\u00f3n contin\u00fae con esta maniobra real que es generar en los trabajadores, en sus familias y en la sociedad un estado de zozobra y preocupaci\u00f3n. en un momento pol\u00edtico muy especial\u00bb, agreg\u00f3.<\/p>\n<p>Para el diputado del FPV, \u00abla historia de lucha de los trabajadores gr\u00e1ficos y la solidaridad de muchas seccionales del sindicato son fundamentales para que podamos coordinar acciones que impidan el avasallamiento de los derechos de ning\u00fan trabajador\u00bb.<\/p>\n","protected":false},"excerpt":{"rendered":"<p>El presidente de la comisi\u00f3n de Legislaci\u00f3n del Trabajo, H\u00e9ctor Recalde (Frente para la Victoria) recibi\u00f3 a integrantes del cuerpo de Delegados del Diario La Naci\u00f3n, quienes le manifestaron su honda preocupaci\u00f3n ante la pretensi\u00f3n de la empresa de despedir a 70 trabajadores.<\/p>\n","protected":false},"author":8,"featured_media":0,"comment_status":"open","ping_status":"open","sticky":false,"template":"","format":"standard","meta":{"_jetpack_newsletter_access":"","_jetpack_dont_email_post_to_subs":false,"_jetpack_newsletter_tier_id":0,"_jetpack_memberships_contains_paywalled_content":false,"_jetpack_memberships_contains_paid_content":false,"footnotes":""},"categories":[51],"tags":[],"class_list":["post-71619","post","type-post","status-publish","format-standard","hentry","category-politica"],"jetpack_shortlink":"https:\/\/wp.me\/p2JWE0-iD9","jetpack-related-posts":[{"id":80783,"url":"http:\/\/www.24baires.com\/?p=80783","url_meta":{"origin":71619,"position":0},"title":"Educaci\u00f3n en alerta por despidos","author":"GB","date":"30\/03\/2016","format":false,"excerpt":"La ola de despidos en la cartera que dirige Esteban Bullrich se espera que llegue esta semana con la ca\u00edda de contratos. La Junta Interna de la Asociaci\u00f3n Trabajadores del Estado (ATE) en el Ministerio de Educaci\u00f3n y Deportes de la Naci\u00f3n denunci\u00f3 que en esta cartera, que encabeza Esteban\u2026","rel":"","context":"En \u00abPol\u00edtica\u00bb","block_context":{"text":"Pol\u00edtica","link":"http:\/\/www.24baires.com\/?cat=51"},"img":{"alt_text":"esteban bullrich","src":"https:\/\/i0.wp.com\/www.24baires.com\/wp-content\/uploads\/2015\/12\/esteban-bullrich.jpg?resize=350%2C200","width":350,"height":200,"srcset":"https:\/\/i0.wp.com\/www.24baires.com\/wp-content\/uploads\/2015\/12\/esteban-bullrich.jpg?resize=350%2C200 1x, https:\/\/i0.wp.com\/www.24baires.com\/wp-content\/uploads\/2015\/12\/esteban-bullrich.jpg?resize=525%2C300 1.5x"},"classes":[]},{"id":104992,"url":"http:\/\/www.24baires.com\/?p=104992","url_meta":{"origin":71619,"position":1},"title":"Balcarce: despidieron a 150 trabajadores de una empresa que realizaba obras el\u00e9ctricas","author":"GB","date":"18\/10\/2018","format":false,"excerpt":"Se trata de personas que trabajaban para a firma Intesar en una obra que conectaba la estaci\u00f3n transformadora de Vivorat\u00e1 con Bah\u00eda Blanca. En lo que va del a\u00f1o, la empresa ya hab\u00eda despedido a 400 operarios. Una nueva oleada de despidos afecta al distrito de Balcarce. Esta semana la\u2026","rel":"","context":"En \u00abSociedad\u00bb","block_context":{"text":"Sociedad","link":"http:\/\/www.24baires.com\/?cat=1"},"img":{"alt_text":"","src":"https:\/\/i0.wp.com\/www.24baires.com\/wp-content\/uploads\/2018\/10\/despidos-balcarece.jpg?resize=350%2C200","width":350,"height":200,"srcset":"https:\/\/i0.wp.com\/www.24baires.com\/wp-content\/uploads\/2018\/10\/despidos-balcarece.jpg?resize=350%2C200 1x, https:\/\/i0.wp.com\/www.24baires.com\/wp-content\/uploads\/2018\/10\/despidos-balcarece.jpg?resize=525%2C300 1.5x"},"classes":[]},{"id":51976,"url":"http:\/\/www.24baires.com\/?p=51976","url_meta":{"origin":71619,"position":2},"title":"\u00abLos buitres internos buscan instalar el miedo en la sociedad\u00bb, dispar\u00f3 Recalde","author":"AF","date":"17\/08\/2014","format":false,"excerpt":"El diputado nacional por el Frente para la Victoria H\u00e9ctor Recalde afirm\u00f3 que \"los buitres internos est\u00e1n instalando el miedo en la sociedad\", al se\u00f1alar que \"ellos viven del endeudamiento de los pa\u00edses\". \"Al generar el miedo en la sociedad, en especial entre los trabajadores, paralizan todo, y as\u00ed nadie\u2026","rel":"","context":"En \u00abEconom\u00eda\u00bb","block_context":{"text":"Econom\u00eda","link":"http:\/\/www.24baires.com\/?cat=45"},"img":{"alt_text":"recalde padre","src":"https:\/\/i0.wp.com\/www.24baires.com\/wp-content\/uploads\/2012\/12\/recalde-padre-300x180.jpg?resize=350%2C200","width":350,"height":200},"classes":[]},{"id":34124,"url":"http:\/\/www.24baires.com\/?p=34124","url_meta":{"origin":71619,"position":3},"title":"Delegados del diario La Naci\u00f3n denunciaron intimidaciones y amedrentamientos","author":"GB","date":"25\/10\/2013","format":false,"excerpt":"La asamblea del personal de prensa del diario La Naci\u00f3n denunci\u00f3 que la empresa aplica \"una pol\u00edtica de intimidaci\u00f3n y amedrentamiento para limitar la organizaci\u00f3n de los trabajadores\" y sostuvo que el Departamento de Recursos Humanos amenaz\u00f3 a los delegados gremiales con \"apercibimientos, telegramas y cartas-documento\". Un comunicado de la\u2026","rel":"","context":"En \u00abMedios\u00bb","block_context":{"text":"Medios","link":"http:\/\/www.24baires.com\/?cat=54"},"img":{"alt_text":"","src":"","width":0,"height":0},"classes":[]},{"id":91387,"url":"http:\/\/www.24baires.com\/?p=91387","url_meta":{"origin":71619,"position":4},"title":"Amenazaron de muerte a los delegados de ATE que tomaron el Ministerio de Educaci\u00f3n","author":"GB","date":"05\/01\/2017","format":false,"excerpt":"Camporistas de mierda, desestabilizadores\", le escribieron. La protesta fue reprimida dentro del establecimiento. Los delegados sindicales de ATE que participaron de la toma del Ministerio de Educaci\u00f3n fueron amenazados de muerte. A trav\u00e9s de un mensaje dejado en una oficina del tercer piso del Palacio Pizzurno, les dijeron \"camporistas de\u2026","rel":"","context":"En \u00abPol\u00edtica\u00bb","block_context":{"text":"Pol\u00edtica","link":"http:\/\/www.24baires.com\/?cat=51"},"img":{"alt_text":"","src":"https:\/\/i0.wp.com\/www.24baires.com\/wp-content\/uploads\/2016\/12\/educacion.jpg?resize=350%2C200","width":350,"height":200,"srcset":"https:\/\/i0.wp.com\/www.24baires.com\/wp-content\/uploads\/2016\/12\/educacion.jpg?resize=350%2C200 1x, https:\/\/i0.wp.com\/www.24baires.com\/wp-content\/uploads\/2016\/12\/educacion.jpg?resize=525%2C300 1.5x"},"classes":[]},{"id":85444,"url":"http:\/\/www.24baires.com\/?p=85444","url_meta":{"origin":71619,"position":5},"title":"Recalde adelant\u00f3 que el kirchnerismo se opondr\u00e1 a las leyes de flexibilizaci\u00f3n laboral","author":"Grupo Sierra","date":"25\/07\/2016","format":false,"excerpt":"El presidente del bloque del Frente para la Victoria-PJ, H\u00e9ctor Recalde, afirm\u00f3 hoy que esa bancada realizar\u00e1 un giro de corte laborista en su estrategia parlamentaria y sostendr\u00e1 una postura de oposici\u00f3n dura frente a lo que consider\u00f3 \"leyes de flexibilizaci\u00f3n laboral\" que impulsa el Gobierno de Mauricio Macri. \"Nos\u2026","rel":"","context":"En \u00abPol\u00edtica\u00bb","block_context":{"text":"Pol\u00edtica","link":"http:\/\/www.24baires.com\/?cat=51"},"img":{"alt_text":"hector recalde","src":"https:\/\/i0.wp.com\/www.24baires.com\/wp-content\/uploads\/2014\/11\/hector-recalde.jpg?resize=350%2C200","width":350,"height":200,"srcset":"https:\/\/i0.wp.com\/www.24baires.com\/wp-content\/uploads\/2014\/11\/hector-recalde.jpg?resize=350%2C200 1x, https:\/\/i0.wp.com\/www.24baires.com\/wp-content\/uploads\/2014\/11\/hector-recalde.jpg?resize=525%2C300 1.5x"},"classes":[]}],"jetpack_sharing_enabled":true,"jetpack_likes_enabled":true,"jetpack_featured_media_url":"","_links":{"self":[{"href":"http:\/\/www.24baires.com\/index.php?rest_route=\/wp\/v2\/posts\/71619","targetHints":{"allow":["GET"]}}],"collection":[{"href":"http:\/\/www.24baires.com\/index.php?rest_route=\/wp\/v2\/posts"}],"about":[{"href":"http:\/\/www.24baires.com\/index.php?rest_route=\/wp\/v2\/types\/post"}],"author":[{"embeddable":true,"href":"http:\/\/www.24baires.com\/index.php?rest_route=\/wp\/v2\/users\/8"}],"replies":[{"embeddable":true,"href":"http:\/\/www.24baires.com\/index.php?rest_route=%2Fwp%2Fv2%2Fcomments&post=71619"}],"version-history":[{"count":1,"href":"http:\/\/www.24baires.com\/index.php?rest_route=\/wp\/v2\/posts\/71619\/revisions"}],"predecessor-version":[{"id":71620,"href":"http:\/\/www.24baires.com\/index.php?rest_route=\/wp\/v2\/posts\/71619\/revisions\/71620"}],"wp:attachment":[{"href":"http:\/\/www.24baires.com\/index.php?rest_route=%2Fwp%2Fv2%2Fmedia&parent=71619"}],"wp:term":[{"taxonomy":"category","embeddable":true,"href":"http:\/\/www.24baires.com\/index.php?rest_route=%2Fwp%2Fv2%2Fcategories&post=71619"},{"taxonomy":"post_tag","embeddable":true,"href":"http:\/\/www.24baires.com\/index.php?rest_route=%2Fwp%2Fv2%2Ftags&post=71619"}],"curies":[{"name":"wp","href":"https:\/\/api.w.org\/{rel}","templated":true}]}}