{"id":71592,"date":"2015-09-03T16:17:14","date_gmt":"2015-09-03T19:17:14","guid":{"rendered":"http:\/\/www.24baires.com\/?p=71592"},"modified":"2015-09-04T10:54:52","modified_gmt":"2015-09-04T13:54:52","slug":"presentan-denuncia-penal-contra-macri-y-niembro-por-administracion-fraudulenta","status":"publish","type":"post","link":"http:\/\/www.24baires.com\/?p=71592","title":{"rendered":"Presentan denuncia penal contra Macri y Niembro por administraci\u00f3n fraudulenta"},"content":{"rendered":"<p><img data-recalc-dims=\"1\" loading=\"lazy\" decoding=\"async\" class=\"aligncenter size-full wp-image-71593\" src=\"https:\/\/i0.wp.com\/www.24baires.com\/wp-content\/uploads\/2015\/09\/macri-niembro.jpg?resize=560%2C317\" alt=\"macri niembro\" width=\"560\" height=\"317\" srcset=\"https:\/\/i0.wp.com\/www.24baires.com\/wp-content\/uploads\/2015\/09\/macri-niembro.jpg?w=560 560w, https:\/\/i0.wp.com\/www.24baires.com\/wp-content\/uploads\/2015\/09\/macri-niembro.jpg?resize=300%2C170 300w\" sizes=\"auto, (max-width: 560px) 100vw, 560px\" \/>La denuncia contra el jefe de gobierno porte\u00f1o y el periodista y candidato a diputado nacional por Cambiemos fue presentada esta ma\u00f1ana ante el juez de instrucci\u00f3n Roberto Ponce.<!--more--><\/p>\n<p>Una denuncia contra el jefe de gobierno porte\u00f1o, Mauricio Macri, y el periodista y candidato a diputado nacional por Cambiemos, Fernando Niembro, por presuntos delitos en la contrataci\u00f3n de servicios, fue presentada esta ma\u00f1ana ante el juez de instrucci\u00f3n Roberto Ponce.<\/p>\n<p>Fuentes vinculadas a la causa confirmaron que la acci\u00f3n penal, por supuesta \u201cadministraci\u00f3n fraudulenta\u201d, la realiz\u00f3 el abogado Antonio Liurgo, quien solicit\u00f3 el \u201callanamiento\u201d y el \u201cinmediato secuestro de documentaci\u00f3n\u201d de la Direcci\u00f3n de Compras y Contrataciones del gobierno porte\u00f1o.<\/p>\n<p>La denuncia, como lo expuso el escrito de Liurgo, se bas\u00f3 en una \u201cinvestigaci\u00f3n\u201d del periodista Nicol\u00e1s Eisler, publicada d\u00edas atr\u00e1s por el diario Tiempo Argentino.<\/p>\n<p>El letrado dijo que Macri act\u00faa favorecido por \u201cel blindaje que le ha proporcionado la justicia capitalina\u201d y record\u00f3 la condici\u00f3n de \u201cprocesado\u201d del jefe de gobierno porte\u00f1o en el fuero penal federal.<\/p>\n<p>El denunciante consign\u00f3 que Niembro \u201cse habr\u00eda beneficiado en forma irregular mediante contrataci\u00f3n directa \u2013del gobierno porte\u00f1o- a la empresa \u2018La Usina Producciones S.R.L.\u2019, por una suma que se aproxima a los 20.000.000 de pesos\u201d.<\/p>\n<p>Liurgo afirm\u00f3 que \u201dmediante la delictiva aplicaci\u00f3n del Decreto 556\/2010, esta particular fauna administrativa argumentar\u00eda una vez m\u00e1s la premura de la contrataci\u00f3n irregular para evitar la licitaci\u00f3n p\u00fablica\u201d.<\/p>\n<p>El abogado sostuvo que la denuncia penal es \u201cla \u00fanica v\u00eda\u201d para investigar lo que aparece como un multimillonario perjuicio al estado local, \u201cante la imposibilidad\u201d de tratar el caso en la legislatura porte\u00f1a, debido a la oposici\u00f3n del oficialismo.<\/p>\n<p>El denunciante pidi\u00f3 al juez que cite a declarar como testigos a Eisler, a la legisladora de la Ciudad de Buenos Aires Gabriela Alegre y al auditor del gobierno porte\u00f1o Eduardo Epszteyn.<\/p>\n","protected":false},"excerpt":{"rendered":"<p>La denuncia contra el jefe de gobierno porte\u00f1o y el periodista y candidato a diputado nacional por Cambiemos fue presentada esta ma\u00f1ana ante el juez de instrucci\u00f3n Roberto Ponce.<\/p>\n","protected":false},"author":8,"featured_media":0,"comment_status":"open","ping_status":"open","sticky":false,"template":"","format":"standard","meta":{"_jetpack_newsletter_access":"","_jetpack_dont_email_post_to_subs":false,"_jetpack_newsletter_tier_id":0,"_jetpack_memberships_contains_paywalled_content":false,"_jetpack_memberships_contains_paid_content":false,"footnotes":""},"categories":[51],"tags":[],"class_list":["post-71592","post","type-post","status-publish","format-standard","hentry","category-politica"],"jetpack_shortlink":"https:\/\/wp.me\/p2JWE0-iCI","jetpack-related-posts":[{"id":72574,"url":"http:\/\/www.24baires.com\/?p=72574","url_meta":{"origin":71592,"position":0},"title":"Presentaron una nueva denuncia penal contra Macri","author":"GB","date":"23\/09\/2015","format":false,"excerpt":"Una denuncia para que se investigue al jefe del Gobierno de la Ciudad de Buenos Aires, Mauricio Macri, como presunto jefe de una asociaci\u00f3n il\u00edcita, fue presentada ante la justicia penal de esta capital. La denuncia, que involucra a otros funcionarios de la administraci\u00f3n porte\u00f1a la realiz\u00f3 el abogado Antonio\u2026","rel":"","context":"En \u00abPol\u00edtica\u00bb","block_context":{"text":"Pol\u00edtica","link":"http:\/\/www.24baires.com\/?cat=51"},"img":{"alt_text":"macri","src":"https:\/\/i0.wp.com\/www.24baires.com\/wp-content\/uploads\/2014\/09\/macri.jpg?resize=350%2C200","width":350,"height":200,"srcset":"https:\/\/i0.wp.com\/www.24baires.com\/wp-content\/uploads\/2014\/09\/macri.jpg?resize=350%2C200 1x, https:\/\/i0.wp.com\/www.24baires.com\/wp-content\/uploads\/2014\/09\/macri.jpg?resize=525%2C300 1.5x"},"classes":[]},{"id":95304,"url":"http:\/\/www.24baires.com\/?p=95304","url_meta":{"origin":71592,"position":1},"title":"Apelaron el sobreseimiento de Niembro","author":"GB","date":"19\/06\/2017","format":false,"excerpt":"A una semana de la coincidencia entre su retorno a la radio y la decisi\u00f3n judicial de dejarlo libre de culpa y cargo por las irregularidades en los millonarios contratos entre su productora y el gobierno porte\u00f1o, el fiscal de instrucci\u00f3n recurri\u00f3 la absoluci\u00f3n al considerarla \"prematura\" y basada s\u00f3lo\u2026","rel":"","context":"En \u00abPol\u00edtica\u00bb","block_context":{"text":"Pol\u00edtica","link":"http:\/\/www.24baires.com\/?cat=51"},"img":{"alt_text":"","src":"https:\/\/i0.wp.com\/www.24baires.com\/wp-content\/uploads\/2015\/09\/macri-niembro.jpg?resize=350%2C200","width":350,"height":200,"srcset":"https:\/\/i0.wp.com\/www.24baires.com\/wp-content\/uploads\/2015\/09\/macri-niembro.jpg?resize=350%2C200 1x, https:\/\/i0.wp.com\/www.24baires.com\/wp-content\/uploads\/2015\/09\/macri-niembro.jpg?resize=525%2C300 1.5x"},"classes":[]},{"id":71748,"url":"http:\/\/www.24baires.com\/?p=71748","url_meta":{"origin":71592,"position":2},"title":"Allanaron dependencias del gobierno porte\u00f1o y de la empresa vinculada a Niembro","author":"GB","date":"07\/09\/2015","format":false,"excerpt":"Los allanamientos, llevados a cabo por la fiscal\u00eda de instrucci\u00f3n n\u00famero 43, a cargo del fiscal Carlos Velarde, fueron realizados en las \u00faltimas horas en oficinas del Ejecutivo porte\u00f1o y de La Usina Producciones, firma del periodista y candidato por Cambiemos El fiscal a cargo de la causa que investiga\u2026","rel":"","context":"En \u00abJUDICIALES\u00bb","block_context":{"text":"JUDICIALES","link":"http:\/\/www.24baires.com\/?cat=68"},"img":{"alt_text":"macri niembro","src":"https:\/\/i0.wp.com\/www.24baires.com\/wp-content\/uploads\/2015\/09\/macri-niembro.jpg?resize=350%2C200","width":350,"height":200,"srcset":"https:\/\/i0.wp.com\/www.24baires.com\/wp-content\/uploads\/2015\/09\/macri-niembro.jpg?resize=350%2C200 1x, https:\/\/i0.wp.com\/www.24baires.com\/wp-content\/uploads\/2015\/09\/macri-niembro.jpg?resize=525%2C300 1.5x"},"classes":[]},{"id":71566,"url":"http:\/\/www.24baires.com\/?p=71566","url_meta":{"origin":71592,"position":3},"title":"\u00abNo satisfacen las explicaciones del gobierno porte\u00f1o sobre los contratos a Niembro\u00bb","author":"AF","date":"03\/09\/2015","format":false,"excerpt":"El jefe de Gabinete y candidato a gobernador bonaerense, An\u00edbal Fern\u00e1ndez, sostuvo que las autoridades del gobierno porte\u00f1o le recuerdan a Atahualpa Yupanqui, cuando dijo que \"'no aclaren que oscurece', y en \u00e9ste caso tratan de aclarar\", al referirse a la denuncia presentada contra el candidato a diputado de Cambiemos,\u2026","rel":"","context":"En \u00abPol\u00edtica\u00bb","block_context":{"text":"Pol\u00edtica","link":"http:\/\/www.24baires.com\/?cat=51"},"img":{"alt_text":"anibal","src":"https:\/\/i0.wp.com\/www.24baires.com\/wp-content\/uploads\/2015\/01\/anibal.jpg?resize=350%2C200","width":350,"height":200,"srcset":"https:\/\/i0.wp.com\/www.24baires.com\/wp-content\/uploads\/2015\/01\/anibal.jpg?resize=350%2C200 1x, https:\/\/i0.wp.com\/www.24baires.com\/wp-content\/uploads\/2015\/01\/anibal.jpg?resize=525%2C300 1.5x"},"classes":[]},{"id":72479,"url":"http:\/\/www.24baires.com\/?p=72479","url_meta":{"origin":71592,"position":4},"title":"Nuevo esc\u00e1ndalo en Cambiemos: denuncian a Eduardo Amadeo","author":"AF","date":"22\/09\/2015","format":false,"excerpt":"Un informe period\u00edstico revel\u00f3 que el actual candidato a diputado nacional por Cambiemos en la provincia de Buenos Aires figura como presidente de dos asociaciones civiles que entre 2005 y 2015 le facturaron al gobierno porte\u00f1o 4.5 millones de pesos. Tras el esc\u00e1ndalo por la revelaci\u00f3n de los contratos irregulares\u2026","rel":"","context":"En \u00abElecciones 2015\u00bb","block_context":{"text":"Elecciones 2015","link":"http:\/\/www.24baires.com\/?cat=74"},"img":{"alt_text":"eduardo amadeo","src":"https:\/\/i0.wp.com\/www.24baires.com\/wp-content\/uploads\/2015\/09\/eduardo-amadeo-300x200.jpg?resize=350%2C200","width":350,"height":200},"classes":[]},{"id":116805,"url":"http:\/\/www.24baires.com\/?p=116805","url_meta":{"origin":71592,"position":5},"title":"Larreta ratific\u00f3 que ir\u00e1 a la Corte por los fondos de la polic\u00eda porte\u00f1a","author":"AF","date":"01\/12\/2020","format":false,"excerpt":"Pese a que la iniciativa todav\u00eda no fue convertida en ley por el Congreso, el alcalde porte\u00f1o organiz\u00f3 una conferencia de prensa y apunt\u00f3 contra el gobierno nacional. Si bien el proyecto de ley que fija el monto del traspaso de la Polic\u00eda Federal a la Ciudad no se convirti\u00f3\u2026","rel":"","context":"En \u00abLocales\u00bb","block_context":{"text":"Locales","link":"http:\/\/www.24baires.com\/?cat=38"},"img":{"alt_text":"","src":"https:\/\/i0.wp.com\/www.24baires.com\/wp-content\/uploads\/2017\/10\/pe%C3%B1a-larreta.jpg?resize=350%2C200","width":350,"height":200,"srcset":"https:\/\/i0.wp.com\/www.24baires.com\/wp-content\/uploads\/2017\/10\/pe%C3%B1a-larreta.jpg?resize=350%2C200 1x, https:\/\/i0.wp.com\/www.24baires.com\/wp-content\/uploads\/2017\/10\/pe%C3%B1a-larreta.jpg?resize=525%2C300 1.5x"},"classes":[]}],"jetpack_sharing_enabled":true,"jetpack_likes_enabled":true,"jetpack_featured_media_url":"","_links":{"self":[{"href":"http:\/\/www.24baires.com\/index.php?rest_route=\/wp\/v2\/posts\/71592","targetHints":{"allow":["GET"]}}],"collection":[{"href":"http:\/\/www.24baires.com\/index.php?rest_route=\/wp\/v2\/posts"}],"about":[{"href":"http:\/\/www.24baires.com\/index.php?rest_route=\/wp\/v2\/types\/post"}],"author":[{"embeddable":true,"href":"http:\/\/www.24baires.com\/index.php?rest_route=\/wp\/v2\/users\/8"}],"replies":[{"embeddable":true,"href":"http:\/\/www.24baires.com\/index.php?rest_route=%2Fwp%2Fv2%2Fcomments&post=71592"}],"version-history":[{"count":1,"href":"http:\/\/www.24baires.com\/index.php?rest_route=\/wp\/v2\/posts\/71592\/revisions"}],"predecessor-version":[{"id":71594,"href":"http:\/\/www.24baires.com\/index.php?rest_route=\/wp\/v2\/posts\/71592\/revisions\/71594"}],"wp:attachment":[{"href":"http:\/\/www.24baires.com\/index.php?rest_route=%2Fwp%2Fv2%2Fmedia&parent=71592"}],"wp:term":[{"taxonomy":"category","embeddable":true,"href":"http:\/\/www.24baires.com\/index.php?rest_route=%2Fwp%2Fv2%2Fcategories&post=71592"},{"taxonomy":"post_tag","embeddable":true,"href":"http:\/\/www.24baires.com\/index.php?rest_route=%2Fwp%2Fv2%2Ftags&post=71592"}],"curies":[{"name":"wp","href":"https:\/\/api.w.org\/{rel}","templated":true}]}}