{"id":71588,"date":"2015-09-03T15:00:36","date_gmt":"2015-09-03T18:00:36","guid":{"rendered":"http:\/\/www.24baires.com\/?p=71588"},"modified":"2015-09-03T14:17:57","modified_gmt":"2015-09-03T17:17:57","slug":"cristina-viajo-a-santa-cruz-para-encabezar-una-acto-en-rio-turbio-este-viernes","status":"publish","type":"post","link":"http:\/\/www.24baires.com\/?p=71588","title":{"rendered":"Cristina viaj\u00f3 a Santa Cruz para encabezar una acto en R\u00edo Turbio este viernes"},"content":{"rendered":"<p><img data-recalc-dims=\"1\" loading=\"lazy\" decoding=\"async\" class=\"aligncenter size-full wp-image-70904\" src=\"https:\/\/i0.wp.com\/www.24baires.com\/wp-content\/uploads\/2015\/08\/cristina-cadena.jpg?resize=560%2C313\" alt=\"cristina cadena\" width=\"560\" height=\"313\" srcset=\"https:\/\/i0.wp.com\/www.24baires.com\/wp-content\/uploads\/2015\/08\/cristina-cadena.jpg?w=560 560w, https:\/\/i0.wp.com\/www.24baires.com\/wp-content\/uploads\/2015\/08\/cristina-cadena.jpg?resize=300%2C168 300w\" sizes=\"auto, (max-width: 560px) 100vw, 560px\" \/>La Presidenta parti\u00f3 con destino a la ciudad de R\u00edo Gallegos y ma\u00f1ana encabezar\u00e1 un acto en la localidad santacruce\u00f1a de R\u00edo Turbio, donde inaugurar\u00e1 el primer m\u00f3dulo de la central Termoel\u00e9ctrica.<!--more--><\/p>\n<p>La jefa de Estado parti\u00f3 a las 12.30, desde el sector militar del aeroparque metropolitano, a bordo del avi\u00f3n Tango 01, acompa\u00f1ada por colaboradores inmediatos.<\/p>\n<p>La primera mandataria tiene previsto encabezar ma\u00f1ana la ceremonia de inauguraci\u00f3n del primer m\u00f3dulo de la central Termoel\u00e9ctrica de R\u00edo Turbio, Santa Cruz, seg\u00fan se inform\u00f3.<\/p>\n<p>El acto se llevar\u00e1 a cabo a partir de las 16, con la asistencia del intendente municipal, Mat\u00edas Horacio Maz\u00fa; el gobernador de la provincia, Daniel Peralta; el ministro de Planificaci\u00f3n Federal, Julio de Vido y otras autoridades, as\u00ed como representantes de la industria, la producci\u00f3n; dirigentes gremiales y sociales e invitados especiales.<\/p>\n<p>Se trata de la usina m\u00e1s austral del mundo, que se extiende en un predio de 29 hect\u00e1reas y se alimentar\u00e1 con el carb\u00f3n de la mina local, generando electricidad para abastecer dos veces el consumo de esa provincia, y el objetivo es diversificar la matriz energ\u00e9tica, encontrar un uso estrat\u00e9gico para el recurso natural de la zona y reimpulsar el trabajo y el consumo de habitantes de la zona.<\/p>\n","protected":false},"excerpt":{"rendered":"<p>La Presidenta parti\u00f3 con destino a la ciudad de R\u00edo Gallegos y ma\u00f1ana encabezar\u00e1 un acto en la localidad santacruce\u00f1a de R\u00edo Turbio, donde inaugurar\u00e1 el primer m\u00f3dulo de la central Termoel\u00e9ctrica.<\/p>\n","protected":false},"author":4,"featured_media":0,"comment_status":"open","ping_status":"open","sticky":false,"template":"","format":"standard","meta":{"_jetpack_newsletter_access":"","_jetpack_dont_email_post_to_subs":false,"_jetpack_newsletter_tier_id":0,"_jetpack_memberships_contains_paywalled_content":false,"_jetpack_memberships_contains_paid_content":false,"footnotes":""},"categories":[51],"tags":[],"class_list":["post-71588","post","type-post","status-publish","format-standard","hentry","category-politica"],"jetpack_shortlink":"https:\/\/wp.me\/p2JWE0-iCE","jetpack-related-posts":[{"id":31826,"url":"http:\/\/www.24baires.com\/?p=31826","url_meta":{"origin":71588,"position":0},"title":"La presidenta inaugurar\u00e1 la interconexi\u00f3n el\u00e9ctrica en R\u00edo Gallegos","author":"GB","date":"13\/09\/2013","format":false,"excerpt":"La presidenta Cristina Fern\u00e1ndez de Kirchner encabezar\u00e1 la ceremonia de incorporaci\u00f3n de R\u00edo Gallegos al Sistema Argentino Interconectado (SAI), que antes se denominaba Sistema Interconectado Nacional (SIN). La jefa de Estado partir\u00e1 pasado el mediod\u00eda desde el sector militar del aeroparque metropolitano, y previo al acto que encabezar\u00e1 por la\u2026","rel":"","context":"En \u00abPol\u00edtica\u00bb","block_context":{"text":"Pol\u00edtica","link":"http:\/\/www.24baires.com\/?cat=51"},"img":{"alt_text":"","src":"","width":0,"height":0},"classes":[]},{"id":99680,"url":"http:\/\/www.24baires.com\/?p=99680","url_meta":{"origin":71588,"position":1},"title":"Confirmaron el procesamiento con prisi\u00f3n preventiva para Julio de Vido","author":"GB","date":"28\/12\/2017","format":false,"excerpt":"Es por la causa que lo incrimina en el supuesto desv\u00edo de fondos en el Yacimiento Carbon\u00edfero R\u00edo Turbio. La C\u00e1mara Federal porte\u00f1a confirm\u00f3 este viernes el procesamiento y la prisi\u00f3n preventiva para el detenido ex ministro de Planificaci\u00f3n del kirchnerismo Julio De Vido, en la causa en la que\u2026","rel":"","context":"En \u00abPol\u00edtica\u00bb","block_context":{"text":"Pol\u00edtica","link":"http:\/\/www.24baires.com\/?cat=51"},"img":{"alt_text":"","src":"https:\/\/i0.wp.com\/www.24baires.com\/wp-content\/uploads\/2017\/09\/de-vido-juicio.jpg?resize=350%2C200","width":350,"height":200,"srcset":"https:\/\/i0.wp.com\/www.24baires.com\/wp-content\/uploads\/2017\/09\/de-vido-juicio.jpg?resize=350%2C200 1x, https:\/\/i0.wp.com\/www.24baires.com\/wp-content\/uploads\/2017\/09\/de-vido-juicio.jpg?resize=525%2C300 1.5x"},"classes":[]},{"id":40442,"url":"http:\/\/www.24baires.com\/?p=40442","url_meta":{"origin":71588,"position":2},"title":"Cristina parti\u00f3 a El Calafate donde encabezar\u00e1 un acto por el aniversario del Lago Argentino","author":"GB","date":"14\/02\/2014","format":false,"excerpt":"La jefa de Estado parti\u00f3 a las 10.53 a bordo del avi\u00f3n Tango 01, desde el sector militar del aeroparque metropolitano, Jorge Newbery, con destino al aeropuerto internacional de El Calafate. Ma\u00f1ana, la primer mandataria presidir\u00e1 poco antes del mediod\u00eda en el anfiteatro de la localidad tur\u00edstica de El Calafate\u2026","rel":"","context":"En \u00abPol\u00edtica\u00bb","block_context":{"text":"Pol\u00edtica","link":"http:\/\/www.24baires.com\/?cat=51"},"img":{"alt_text":"cristina avion","src":"https:\/\/i0.wp.com\/www.24baires.com\/wp-content\/uploads\/2013\/09\/cristina-avion.jpg?resize=350%2C200","width":350,"height":200},"classes":[]},{"id":98488,"url":"http:\/\/www.24baires.com\/?p=98488","url_meta":{"origin":71588,"position":3},"title":"Macri privatizar\u00e1 la participaci\u00f3n estatal en las empresas energ\u00e9ticas","author":"AF","date":"01\/11\/2017","format":false,"excerpt":"Por medio de un decreto, el Presidente puso en venta las acciones que el Estado tiene en 12 empresas energ\u00e9ticas. Por medio del Decreto 882\/2017 publicado este mi\u00e9rcoles en el Bolet\u00edn Oficial, el presidente Mauricio Macri dispuso la creaci\u00f3n de la empresa Integraci\u00f3n Energ\u00e9tica Argentina SA que surgir\u00e1 de la\u2026","rel":"","context":"En \u00abLocales\u00bb","block_context":{"text":"Locales","link":"http:\/\/www.24baires.com\/?cat=38"},"img":{"alt_text":"","src":"","width":0,"height":0},"classes":[]},{"id":13240,"url":"http:\/\/www.24baires.com\/?p=13240","url_meta":{"origin":71588,"position":4},"title":"Municipios podr\u00e1n pedir fondos a Naci\u00f3n, sin recurrir a las provincias","author":"AF","date":"23\/01\/2013","format":false,"excerpt":"El Gobierno reglament\u00f3 este mi\u00e9rcoles un mecanismo para que los municipios puedan presentarse a pedir fondos al Ejecutivo nacional sin recurrir a los provinciales. El \"Procedimiento para Solicitudes de Ayuda Financiera\" fue reglamentado a trav\u00e9s de la Resoluci\u00f3n 13\/2003 de la Jefatura de Gabinete, en base al decreto 2609\/12, seg\u00fan\u2026","rel":"","context":"En \u00abEconom\u00eda\u00bb","block_context":{"text":"Econom\u00eda","link":"http:\/\/www.24baires.com\/?cat=45"},"img":{"alt_text":"scioli intendentes","src":"https:\/\/i0.wp.com\/www.24baires.com\/wp-content\/uploads\/2013\/01\/scioli-intendentes.png?resize=350%2C200","width":350,"height":200},"classes":[]},{"id":72531,"url":"http:\/\/www.24baires.com\/?p=72531","url_meta":{"origin":71588,"position":5},"title":"Alicia Kirchner: \u201cTener responsabilidades pol\u00edticas es jugarse por el otro\u201d","author":"GB","date":"22\/09\/2015","format":false,"excerpt":"La ministra de Desarrollo Social de la Naci\u00f3n, Alicia Kirchner, sostuvo que \"tener responsabilidades pol\u00edticas es jugarse por el otro y los desaf\u00edos que vienen nos tienen que encontrar siempre trabajando con compromiso\", al visitar este mediod\u00eda Punta Quilla en Puerto Santa Cruz y por la tarde encabezar un acto\u2026","rel":"","context":"En \u00abPol\u00edtica\u00bb","block_context":{"text":"Pol\u00edtica","link":"http:\/\/www.24baires.com\/?cat=51"},"img":{"alt_text":"","src":"","width":0,"height":0},"classes":[]}],"jetpack_sharing_enabled":true,"jetpack_likes_enabled":true,"jetpack_featured_media_url":"","_links":{"self":[{"href":"http:\/\/www.24baires.com\/index.php?rest_route=\/wp\/v2\/posts\/71588","targetHints":{"allow":["GET"]}}],"collection":[{"href":"http:\/\/www.24baires.com\/index.php?rest_route=\/wp\/v2\/posts"}],"about":[{"href":"http:\/\/www.24baires.com\/index.php?rest_route=\/wp\/v2\/types\/post"}],"author":[{"embeddable":true,"href":"http:\/\/www.24baires.com\/index.php?rest_route=\/wp\/v2\/users\/4"}],"replies":[{"embeddable":true,"href":"http:\/\/www.24baires.com\/index.php?rest_route=%2Fwp%2Fv2%2Fcomments&post=71588"}],"version-history":[{"count":1,"href":"http:\/\/www.24baires.com\/index.php?rest_route=\/wp\/v2\/posts\/71588\/revisions"}],"predecessor-version":[{"id":71590,"href":"http:\/\/www.24baires.com\/index.php?rest_route=\/wp\/v2\/posts\/71588\/revisions\/71590"}],"wp:attachment":[{"href":"http:\/\/www.24baires.com\/index.php?rest_route=%2Fwp%2Fv2%2Fmedia&parent=71588"}],"wp:term":[{"taxonomy":"category","embeddable":true,"href":"http:\/\/www.24baires.com\/index.php?rest_route=%2Fwp%2Fv2%2Fcategories&post=71588"},{"taxonomy":"post_tag","embeddable":true,"href":"http:\/\/www.24baires.com\/index.php?rest_route=%2Fwp%2Fv2%2Ftags&post=71588"}],"curies":[{"name":"wp","href":"https:\/\/api.w.org\/{rel}","templated":true}]}}