{"id":71566,"date":"2015-09-03T10:30:18","date_gmt":"2015-09-03T13:30:18","guid":{"rendered":"http:\/\/www.24baires.com\/?p=71566"},"modified":"2015-09-04T10:54:46","modified_gmt":"2015-09-04T13:54:46","slug":"no-satisfacen-las-explicaciones-del-gobierno-porteno-sobre-los-contratos-a-niembro","status":"publish","type":"post","link":"http:\/\/www.24baires.com\/?p=71566","title":{"rendered":"\u00abNo satisfacen las explicaciones del gobierno porte\u00f1o sobre los contratos a Niembro\u00bb"},"content":{"rendered":"<p><img data-recalc-dims=\"1\" loading=\"lazy\" decoding=\"async\" src=\"https:\/\/i0.wp.com\/www.24baires.com\/wp-content\/uploads\/2015\/01\/anibal.jpg?resize=560%2C373\" alt=\"anibal\" width=\"560\" height=\"373\" class=\"aligncenter size-full wp-image-60580\" srcset=\"https:\/\/i0.wp.com\/www.24baires.com\/wp-content\/uploads\/2015\/01\/anibal.jpg?w=560 560w, https:\/\/i0.wp.com\/www.24baires.com\/wp-content\/uploads\/2015\/01\/anibal.jpg?resize=300%2C200 300w\" sizes=\"auto, (max-width: 560px) 100vw, 560px\" \/>El jefe de Gabinete y candidato a gobernador bonaerense, An\u00edbal Fern\u00e1ndez, sostuvo que las autoridades del gobierno porte\u00f1o le recuerdan a Atahualpa Yupanqui, cuando dijo que \u00ab&#8216;no aclaren que oscurece&#8217;, y en \u00e9ste caso tratan de aclarar\u00bb, al referirse a la denuncia presentada contra el candidato a diputado de Cambiemos, el periodista Fernando Niembro, por contratos millonarios recibidos de la administraci\u00f3n de Mauricio Macri.<!--more--><\/p>\n<p>Para el jefe de ministros, las explicaciones de las autoridades del gobierno porte\u00f1o sobre esa relaci\u00f3n comercial con Niembro \u00abno satisfacen a nadie\u00bb y remarc\u00f3 que hay varias razones.<\/p>\n<p>\u00abEl c\u00f3digo de contrataciones de la ciudad aut\u00f3noma de Buenos Aires habla espec\u00edficamente de los gestos anticorrupci\u00f3n, que hacen espec\u00edficamente a que no se utilice la influencia. Y, en este caso, est\u00e1 clar\u00edsima la influencia por el reconocimiento personal para poder hacer la contrataci\u00f3n de 21 millones de pesos cuando tiene un capital de diez mil pesos\u00bb, manifest\u00f3 el jefe de Gabinete .<\/p>\n<p>Fern\u00e1ndez sostuvo que en otro de sus art\u00edculos, el c\u00f3digo de contrataciones sostiene con \u00abclaridad\u00bb que \u00ablo que se est\u00e1 haciendo en este caso debiera ser por \u00fanica vez y cuando se contrata en forma directa es porque el tiempo no le alcanza y tiene que apurarse y fundamentarlo, pero hace m\u00e1s de diez a\u00f1os que est\u00e1 en esa misma situaci\u00f3n. La primera la entiendo que fue en forma directa \u00bfY el resto por qu\u00e9 en se hizo en forma directa?\u00bb, se pregunt\u00f3.<\/p>\n<p>Se\u00f1al\u00f3 que \u00abNiembro sostuvo que present\u00f3 el menor precio y como se sabe si no se publicaron las compulsas de precio, y cada vez que aclara oscurece y se mete m\u00e1s en esto que es ilegal, un delito. Pareciera que los \u00fanicos que pueden cometer errores de esas caracter\u00edsticas son los peronistas que somos sucios, feos y malos y para el PRO, ese tipo de situaciones son cosas que se pueden olvidar r\u00e1pidamente\u00bb.<\/p>\n","protected":false},"excerpt":{"rendered":"<p>El jefe de Gabinete y candidato a gobernador bonaerense, An\u00edbal Fern\u00e1ndez, sostuvo que las autoridades del gobierno porte\u00f1o le recuerdan a Atahualpa Yupanqui, cuando dijo que \u00ab&#8216;no aclaren que oscurece&#8217;, y en \u00e9ste caso tratan de aclarar\u00bb, al referirse a la denuncia presentada contra el candidato a diputado de Cambiemos, el periodista Fernando Niembro, por contratos millonarios recibidos de la [&#8230;]<\/p>\n","protected":false},"author":4,"featured_media":0,"comment_status":"open","ping_status":"open","sticky":false,"template":"","format":"standard","meta":{"_jetpack_newsletter_access":"","_jetpack_dont_email_post_to_subs":false,"_jetpack_newsletter_tier_id":0,"_jetpack_memberships_contains_paywalled_content":false,"_jetpack_memberships_contains_paid_content":false,"footnotes":""},"categories":[51],"tags":[],"class_list":["post-71566","post","type-post","status-publish","format-standard","hentry","category-politica"],"jetpack_shortlink":"https:\/\/wp.me\/p2JWE0-iCi","jetpack-related-posts":[{"id":71713,"url":"http:\/\/www.24baires.com\/?p=71713","url_meta":{"origin":71566,"position":0},"title":"Banco Ciudad y el gobierno porte\u00f1o, \u00fanicos clientes de La Usina Producciones","author":"GB","date":"06\/09\/2015","format":false,"excerpt":"La empresa vinculada al candidato a diputado del Pro Fernando Niembro le factur\u00f3 $21 millones al gobierno porte\u00f1o con procedimientos irregulares y firm\u00f3 un contrato con el banco para difundir publicidad. Hoy se conocieron m\u00e1s datos sobre los movimientos contractuales y facturaci\u00f3n de \"La Usina Producciones\", la empresa cuya titularidad\u2026","rel":"","context":"En \u00abPol\u00edtica\u00bb","block_context":{"text":"Pol\u00edtica","link":"http:\/\/www.24baires.com\/?cat=51"},"img":{"alt_text":"macri niembro","src":"https:\/\/i0.wp.com\/www.24baires.com\/wp-content\/uploads\/2015\/09\/macri-niembro.jpg?resize=350%2C200","width":350,"height":200,"srcset":"https:\/\/i0.wp.com\/www.24baires.com\/wp-content\/uploads\/2015\/09\/macri-niembro.jpg?resize=350%2C200 1x, https:\/\/i0.wp.com\/www.24baires.com\/wp-content\/uploads\/2015\/09\/macri-niembro.jpg?resize=525%2C300 1.5x"},"classes":[]},{"id":71821,"url":"http:\/\/www.24baires.com\/?p=71821","url_meta":{"origin":71566,"position":1},"title":"\u00abQue Niembro d\u00e9 explicaciones o que Macri y Vidal no hablen m\u00e1s de corrupci\u00f3n\u00bb","author":"GB","date":"08\/09\/2015","format":false,"excerpt":"El candidato a gobernador bonaerense por UNA carg\u00f3 contra los principales referentes del macrismo en medio del mutismo que ese espacio adopt\u00f3 luego de que estallara el esc\u00e1ndalo que involucra a uno de sus candidatos. El candidato a gobernador bonerense por el frente Unidos por una Nueva Alternativa (UNA), Felipe\u2026","rel":"","context":"En \u00abPol\u00edtica\u00bb","block_context":{"text":"Pol\u00edtica","link":"http:\/\/www.24baires.com\/?cat=51"},"img":{"alt_text":"felipe sol\u00e1","src":"https:\/\/i0.wp.com\/www.24baires.com\/wp-content\/uploads\/2014\/07\/felipe-sol%C3%A1.jpg?resize=350%2C200","width":350,"height":200,"srcset":"https:\/\/i0.wp.com\/www.24baires.com\/wp-content\/uploads\/2014\/07\/felipe-sol%C3%A1.jpg?resize=350%2C200 1x, https:\/\/i0.wp.com\/www.24baires.com\/wp-content\/uploads\/2014\/07\/felipe-sol%C3%A1.jpg?resize=525%2C300 1.5x"},"classes":[]},{"id":95304,"url":"http:\/\/www.24baires.com\/?p=95304","url_meta":{"origin":71566,"position":2},"title":"Apelaron el sobreseimiento de Niembro","author":"GB","date":"19\/06\/2017","format":false,"excerpt":"A una semana de la coincidencia entre su retorno a la radio y la decisi\u00f3n judicial de dejarlo libre de culpa y cargo por las irregularidades en los millonarios contratos entre su productora y el gobierno porte\u00f1o, el fiscal de instrucci\u00f3n recurri\u00f3 la absoluci\u00f3n al considerarla \"prematura\" y basada s\u00f3lo\u2026","rel":"","context":"En \u00abPol\u00edtica\u00bb","block_context":{"text":"Pol\u00edtica","link":"http:\/\/www.24baires.com\/?cat=51"},"img":{"alt_text":"","src":"https:\/\/i0.wp.com\/www.24baires.com\/wp-content\/uploads\/2015\/09\/macri-niembro.jpg?resize=350%2C200","width":350,"height":200,"srcset":"https:\/\/i0.wp.com\/www.24baires.com\/wp-content\/uploads\/2015\/09\/macri-niembro.jpg?resize=350%2C200 1x, https:\/\/i0.wp.com\/www.24baires.com\/wp-content\/uploads\/2015\/09\/macri-niembro.jpg?resize=525%2C300 1.5x"},"classes":[]},{"id":72215,"url":"http:\/\/www.24baires.com\/?p=72215","url_meta":{"origin":71566,"position":3},"title":"Finalmente Niembro declin\u00f3 su candidatura","author":"GB","date":"16\/09\/2015","format":false,"excerpt":"El periodista ya no se postular\u00e1 por el frente Cambiemos en la provincia de Buenos Aires, luego de que presentara este mediod\u00eda su renuncia en medio del esc\u00e1ndalo de las contrataciones millonarias entre una productora de su propiedad y el gobierno porte\u00f1o. El periodista deportivo Fernando Niembro renunci\u00f3 a su\u2026","rel":"","context":"En \u00abElecciones 2015\u00bb","block_context":{"text":"Elecciones 2015","link":"http:\/\/www.24baires.com\/?cat=74"},"img":{"alt_text":"fernando_niembro","src":"https:\/\/i0.wp.com\/www.24baires.com\/wp-content\/uploads\/2015\/07\/fernando_niembro.jpg?resize=350%2C200","width":350,"height":200,"srcset":"https:\/\/i0.wp.com\/www.24baires.com\/wp-content\/uploads\/2015\/07\/fernando_niembro.jpg?resize=350%2C200 1x, https:\/\/i0.wp.com\/www.24baires.com\/wp-content\/uploads\/2015\/07\/fernando_niembro.jpg?resize=525%2C300 1.5x"},"classes":[]},{"id":72479,"url":"http:\/\/www.24baires.com\/?p=72479","url_meta":{"origin":71566,"position":4},"title":"Nuevo esc\u00e1ndalo en Cambiemos: denuncian a Eduardo Amadeo","author":"AF","date":"22\/09\/2015","format":false,"excerpt":"Un informe period\u00edstico revel\u00f3 que el actual candidato a diputado nacional por Cambiemos en la provincia de Buenos Aires figura como presidente de dos asociaciones civiles que entre 2005 y 2015 le facturaron al gobierno porte\u00f1o 4.5 millones de pesos. Tras el esc\u00e1ndalo por la revelaci\u00f3n de los contratos irregulares\u2026","rel":"","context":"En \u00abElecciones 2015\u00bb","block_context":{"text":"Elecciones 2015","link":"http:\/\/www.24baires.com\/?cat=74"},"img":{"alt_text":"eduardo amadeo","src":"https:\/\/i0.wp.com\/www.24baires.com\/wp-content\/uploads\/2015\/09\/eduardo-amadeo-300x200.jpg?resize=350%2C200","width":350,"height":200},"classes":[]},{"id":71748,"url":"http:\/\/www.24baires.com\/?p=71748","url_meta":{"origin":71566,"position":5},"title":"Allanaron dependencias del gobierno porte\u00f1o y de la empresa vinculada a Niembro","author":"GB","date":"07\/09\/2015","format":false,"excerpt":"Los allanamientos, llevados a cabo por la fiscal\u00eda de instrucci\u00f3n n\u00famero 43, a cargo del fiscal Carlos Velarde, fueron realizados en las \u00faltimas horas en oficinas del Ejecutivo porte\u00f1o y de La Usina Producciones, firma del periodista y candidato por Cambiemos El fiscal a cargo de la causa que investiga\u2026","rel":"","context":"En \u00abJUDICIALES\u00bb","block_context":{"text":"JUDICIALES","link":"http:\/\/www.24baires.com\/?cat=68"},"img":{"alt_text":"macri niembro","src":"https:\/\/i0.wp.com\/www.24baires.com\/wp-content\/uploads\/2015\/09\/macri-niembro.jpg?resize=350%2C200","width":350,"height":200,"srcset":"https:\/\/i0.wp.com\/www.24baires.com\/wp-content\/uploads\/2015\/09\/macri-niembro.jpg?resize=350%2C200 1x, https:\/\/i0.wp.com\/www.24baires.com\/wp-content\/uploads\/2015\/09\/macri-niembro.jpg?resize=525%2C300 1.5x"},"classes":[]}],"jetpack_sharing_enabled":true,"jetpack_likes_enabled":true,"jetpack_featured_media_url":"","_links":{"self":[{"href":"http:\/\/www.24baires.com\/index.php?rest_route=\/wp\/v2\/posts\/71566","targetHints":{"allow":["GET"]}}],"collection":[{"href":"http:\/\/www.24baires.com\/index.php?rest_route=\/wp\/v2\/posts"}],"about":[{"href":"http:\/\/www.24baires.com\/index.php?rest_route=\/wp\/v2\/types\/post"}],"author":[{"embeddable":true,"href":"http:\/\/www.24baires.com\/index.php?rest_route=\/wp\/v2\/users\/4"}],"replies":[{"embeddable":true,"href":"http:\/\/www.24baires.com\/index.php?rest_route=%2Fwp%2Fv2%2Fcomments&post=71566"}],"version-history":[{"count":1,"href":"http:\/\/www.24baires.com\/index.php?rest_route=\/wp\/v2\/posts\/71566\/revisions"}],"predecessor-version":[{"id":71567,"href":"http:\/\/www.24baires.com\/index.php?rest_route=\/wp\/v2\/posts\/71566\/revisions\/71567"}],"wp:attachment":[{"href":"http:\/\/www.24baires.com\/index.php?rest_route=%2Fwp%2Fv2%2Fmedia&parent=71566"}],"wp:term":[{"taxonomy":"category","embeddable":true,"href":"http:\/\/www.24baires.com\/index.php?rest_route=%2Fwp%2Fv2%2Fcategories&post=71566"},{"taxonomy":"post_tag","embeddable":true,"href":"http:\/\/www.24baires.com\/index.php?rest_route=%2Fwp%2Fv2%2Ftags&post=71566"}],"curies":[{"name":"wp","href":"https:\/\/api.w.org\/{rel}","templated":true}]}}