{"id":71554,"date":"2015-09-02T20:52:01","date_gmt":"2015-09-02T23:52:01","guid":{"rendered":"http:\/\/www.24baires.com\/?p=71554"},"modified":"2015-09-02T20:52:01","modified_gmt":"2015-09-02T23:52:01","slug":"bolivia-corrigio-a-massa-sobre-la-baja-de-la-imputabilidad","status":"publish","type":"post","link":"http:\/\/www.24baires.com\/?p=71554","title":{"rendered":"Bolivia corrigi\u00f3 a Massa sobre la baja de la imputabilidad"},"content":{"rendered":"<p><img data-recalc-dims=\"1\" loading=\"lazy\" decoding=\"async\" class=\"aligncenter size-full wp-image-67454\" src=\"https:\/\/i0.wp.com\/www.24baires.com\/wp-content\/uploads\/2015\/06\/sergio-massa.jpg?resize=560%2C199\" alt=\"sergio massa\" width=\"560\" height=\"199\" srcset=\"https:\/\/i0.wp.com\/www.24baires.com\/wp-content\/uploads\/2015\/06\/sergio-massa.jpg?w=560 560w, https:\/\/i0.wp.com\/www.24baires.com\/wp-content\/uploads\/2015\/06\/sergio-massa.jpg?resize=300%2C107 300w\" sizes=\"auto, (max-width: 560px) 100vw, 560px\" \/>El candidato a Presidente del Frente Renovador, Sergio Massa, propuso que Argentina baje la edad de imputabilidad siguiendo el ejemplo de algunos pa\u00edses sudamericanos, entre ellos Bolivia, donde dijo que es de 12 a\u00f1os. Pero la realidad marca que la edad de imputabilidad es a los 14. Adem\u00e1s, el periodista de la agencia ABI, Carlos Rey Cuba Akiyama, explic\u00f3 c\u00f3mo es el asunto a Buenos Aires 2punto0 Formato Radio: ning\u00fan chico de entre 14 y 17 a\u00f1os va a una c\u00e1rcel com\u00fan y corriente, sino a centros de rehabilitaci\u00f3n especial, y reci\u00e9n son trasladados a los penales cuando cumplen 18. Otra vez Massa no ley\u00f3 bien y sale mal parado.<!--more--><\/p>\n<p>El candidato presidencial de UNA, l\u00edder del Frente Renovador, vuelve a quedar fuera de lugar con sus propuestas, cada vez m\u00e1s radicalizadas en la medida que avanza la recta a octubre.<\/p>\n<p>Sergio Massa volvi\u00f3 sobre una iniciativa que presentara tiempo antes para bajar la edad de imputabilidad, aunque pifi\u00f3 en el ejemplo. \u00ab\u00bfCu\u00e1l es el pa\u00eds m\u00e1s progresista de la regi\u00f3n?\u00bb, pregunt\u00f3 a sus interlocutores en una entrevista concedida al programa Minuto Uno, trasmitido por C5N. La respuesta fue Bolivia y \u00e9l dijo \u00ab12 a\u00f1os de imputabilidad\u00bb para seguir con su l\u00ednea de argumentaci\u00f3n.<\/p>\n<p>Pero en Bolivia la edad de imputabilidad no es 12 sino 14 a\u00f1os, demostrando el error del ex Intendente de Tigre.<\/p>\n<p>Desde Bolivia, el periodista y director de la agencia de noticias ABI, Jorge Rey Cuba Akiyama, sali\u00f3 a aclarar c\u00f3mo es el asunto en el pa\u00eds vecino y otros matices del sistema local. \u00abLa edad de imputabilidad es a los 14 a\u00f1os. La \u00faltima reforma a la legislaci\u00f3n penal dice que los bolivianos menores de 14 son inimputables y a partir de esa edad\u00bb, explic\u00f3 en di\u00e1logo con Buenos Aires 2punto0 Formato Radio.<\/p>\n<p>Pero aqu\u00ed la parte m\u00e1s importante: \u00abExiste un r\u00e9gimen especial hasta los 18 a\u00f1os que, en caso de contravenciones a la norma y faltas al buen vivir de la sociedad, son recluidos en casas de rehabilitaci\u00f3n, no en penitenciar\u00edas o centros penales propiamente dichos. No van a la c\u00e1rcel igual que un mayor, tienen un r\u00e9gimen especial. Lo que pasa es que no es posible ni siquiera pensar tener a un chico de 14 a\u00f1os en una penitenciar\u00eda\u00bb.<\/p>\n<p>Tambi\u00e9n mencion\u00f3 algunos problemas en materia carcelaria. \u00abBolivia tiene excedente, excede su capacidad instalada. En los centros penales bolivianos hay, en estos momentos, 70.000 recluidos. Pero la capacidad data de mediados del siglo XX y algunas en el amanecer de ese siglo. Y tienen capacidad, entre otras, para cerca de 40.000 recluidos\u00bb, se\u00f1al\u00f3.<\/p>\n<p>\u00abYo no tengo una precisi\u00f3n pero lo que s\u00ed podr\u00eda formular es que, hasta cumplir los 18 a\u00f1os, van a estas casas de rehabilitaci\u00f3n. Y si han sido juzgados por un asesinato, van a purgar a los centros penales propiamente dichos desde los 18 a\u00f1os. Pero en la casu\u00edstica no revela un incremento de contravenciones a la ley o de delitos en que incurran los bolivianos menores de 14 a\u00f1os, es un \u00edndice muy bajo. Por eso, no tenemos una precisi\u00f3n, puede tratarse de una exquisitez de alg\u00fan legislador que haya propuesto la reforma, este giro en la legislaci\u00f3n penal\u00bb, sigui\u00f3.<\/p>\n<p>\u00abSe habilitaban estas casas de rehabilitaci\u00f3n en su momento, pero fueron cerradas porque no serv\u00edan para la rehabilitaci\u00f3n. M\u00e1s bien parec\u00edan centros de agudizaci\u00f3n del delito. Hab\u00eda autoridades que sacaba a estos muchachos para la comisi\u00f3n de delitos, para el beneficio propio, y luego eran devueltos a estos centros de rehabilitaci\u00f3n. Y en el departamento de Santa Cruz se encontraron entierros ilegales, es decir tumbas clandestinas, donde sacrificaban a los muchachos que entraban a rehabilitarse\u00bb, recalc\u00f3.<\/p>\n<p>&nbsp;<\/p>\n<p>&nbsp;<\/p>\n<p>&nbsp;<\/p>\n<p>&nbsp;<\/p>\n<p>&nbsp;<\/p>\n<p>&nbsp;<\/p>\n<p>&nbsp;<\/p>\n<p>&nbsp;<\/p>\n<p>&nbsp;<\/p>\n<p>&nbsp;<\/p>\n<p>&nbsp;<\/p>\n<p>&nbsp;<\/p>\n<p>&nbsp;<\/p>\n","protected":false},"excerpt":{"rendered":"<p>El candidato a Presidente del Frente Renovador, Sergio Massa, propuso que Argentina baje la edad de imputabilidad siguiendo el ejemplo de algunos pa\u00edses sudamericanos, entre ellos Bolivia, donde dijo que es de 12 a\u00f1os. Pero la realidad marca que la edad de imputabilidad es a los 14. Adem\u00e1s, el periodista de la agencia ABI, Carlos Rey Cuba Akiyama, explic\u00f3 c\u00f3mo [&#8230;]<\/p>\n","protected":false},"author":8,"featured_media":0,"comment_status":"open","ping_status":"open","sticky":false,"template":"","format":"standard","meta":{"_jetpack_newsletter_access":"","_jetpack_dont_email_post_to_subs":false,"_jetpack_newsletter_tier_id":0,"_jetpack_memberships_contains_paywalled_content":false,"_jetpack_memberships_contains_paid_content":false,"footnotes":""},"categories":[51],"tags":[],"class_list":["post-71554","post","type-post","status-publish","format-standard","hentry","category-politica"],"jetpack_shortlink":"https:\/\/wp.me\/p2JWE0-iC6","jetpack-related-posts":[{"id":71328,"url":"http:\/\/www.24baires.com\/?p=71328","url_meta":{"origin":71554,"position":0},"title":"Massa propuso bajar la edad de imputabilidad","author":"GB","date":"28\/08\/2015","format":false,"excerpt":"El candidato a presidente por el frente UNA dialog\u00f3 con adolescentes y j\u00f3venes en Lomas y afirm\u00f3 la \"firme decisi\u00f3n de combatir la inseguridad con un modelo que establezca premios y castigos\". El candidato a presidente por el frente Unidos por una Nueva Alternativa dialog\u00f3 con adolescentes y j\u00f3venes en\u2026","rel":"","context":"En \u00abPol\u00edtica\u00bb","block_context":{"text":"Pol\u00edtica","link":"http:\/\/www.24baires.com\/?cat=51"},"img":{"alt_text":"massa otra","src":"https:\/\/i0.wp.com\/www.24baires.com\/wp-content\/uploads\/2013\/06\/massa-otra.jpg?resize=350%2C200","width":350,"height":200,"srcset":"https:\/\/i0.wp.com\/www.24baires.com\/wp-content\/uploads\/2013\/06\/massa-otra.jpg?resize=350%2C200 1x, https:\/\/i0.wp.com\/www.24baires.com\/wp-content\/uploads\/2013\/06\/massa-otra.jpg?resize=525%2C300 1.5x"},"classes":[]},{"id":31795,"url":"http:\/\/www.24baires.com\/?p=31795","url_meta":{"origin":71554,"position":1},"title":"\u00abTiene l\u00f3gica que Rico vaya con Massa\u00bb, asegur\u00f3 An\u00edbal Fern\u00e1ndez","author":"AF","date":"13\/09\/2013","format":false,"excerpt":"El senador del Frente para la Victoria se refiri\u00f3 al apoyo del ex carapintada al candidato del Frente Renovador y calific\u00f3 a la lista de ese espacio como \"un puchero a la espa\u00f1ola armada por Magnetto\". Adem\u00e1s, habl\u00f3 sobre imputabilidad de menores, seguridad y trata. El ex militar carapintada confirm\u00f3\u2026","rel":"","context":"En \u00abPol\u00edtica\u00bb","block_context":{"text":"Pol\u00edtica","link":"http:\/\/www.24baires.com\/?cat=51"},"img":{"alt_text":"","src":"","width":0,"height":0},"classes":[]},{"id":108568,"url":"http:\/\/www.24baires.com\/?p=108568","url_meta":{"origin":71554,"position":2},"title":"Massa desminti\u00f3 una presunta \u201ccumbre\u201d con Vidal que anunci\u00f3 Clar\u00edn","author":"GB","date":"04\/06\/2019","format":false,"excerpt":"Desde la red social Twitter, el l\u00edder del Frente Renovador acus\u00f3 al Gobierno nacional de haber montado una operaci\u00f3n medi\u00e1tica para \u201cpegarlo\u201d a Vidal. Les sugiri\u00f3 que se dediquen a gobernar. Los coletazos del cada vez m\u00e1s firme \u201cplan Y\u201d, que facilitar\u00eda a la gobernadora Mar\u00eda Eugenia Vidal a adherirse\u2026","rel":"","context":"En \u00abPol\u00edtica\u00bb","block_context":{"text":"Pol\u00edtica","link":"http:\/\/www.24baires.com\/?cat=51"},"img":{"alt_text":"","src":"https:\/\/i0.wp.com\/www.24baires.com\/wp-content\/uploads\/2018\/11\/vidal-massa-300x200.jpg?resize=350%2C200","width":350,"height":200},"classes":[]},{"id":106459,"url":"http:\/\/www.24baires.com\/?p=106459","url_meta":{"origin":71554,"position":3},"title":"Massa confirm\u00f3 su deseo de ser presidente","author":"GB","date":"21\/01\/2019","format":false,"excerpt":"\"De ninguna manera voy a ser candidato a gobernador\", afirm\u00f3 el l\u00edder del Frente Renovador. El fundador del Frente Renovador, Sergio Massa, afirm\u00f3 que ser\u00e1 \u201ccandidato a presidente\u201d en las pr\u00f3ximas elecciones, pero \u201cde ninguna manera\u201d se postular\u00eda como gobernador de la provincia de Buenos Aires. \u201cVoy a ser candidato\u2026","rel":"","context":"En \u00abPol\u00edtica\u00bb","block_context":{"text":"Pol\u00edtica","link":"http:\/\/www.24baires.com\/?cat=51"},"img":{"alt_text":"","src":"https:\/\/i0.wp.com\/www.24baires.com\/wp-content\/uploads\/2016\/09\/s-massa.jpg?resize=350%2C200","width":350,"height":200,"srcset":"https:\/\/i0.wp.com\/www.24baires.com\/wp-content\/uploads\/2016\/09\/s-massa.jpg?resize=350%2C200 1x, https:\/\/i0.wp.com\/www.24baires.com\/wp-content\/uploads\/2016\/09\/s-massa.jpg?resize=525%2C300 1.5x"},"classes":[]},{"id":31728,"url":"http:\/\/www.24baires.com\/?p=31728","url_meta":{"origin":71554,"position":4},"title":"Aldo Rico manifest\u00f3 su apoyo a Sergio Massa","author":"AF","date":"12\/09\/2013","format":false,"excerpt":"El ex carapintada elogi\u00f3 al intendente de Tigre y critic\u00f3 con dureza al kirchnerismo: \"No tiene pol\u00edtica de nada. Ni de seguridad, ni energ\u00e9tica ni econ\u00f3mica. La \u00fanica pol\u00edtica que tiene es la de robar\". El ex intendente de San Miguel, Aldo Rico, elogi\u00f3 hoy al intendente de Tigre y\u2026","rel":"","context":"En \u00abPol\u00edtica\u00bb","block_context":{"text":"Pol\u00edtica","link":"http:\/\/www.24baires.com\/?cat=51"},"img":{"alt_text":"","src":"","width":0,"height":0},"classes":[]},{"id":108324,"url":"http:\/\/www.24baires.com\/?p=108324","url_meta":{"origin":71554,"position":5},"title":"Alberto Fern\u00e1ndez invit\u00f3 a Massa a integrar el espacio que encabeza con Cristina","author":"GB","date":"22\/05\/2019","format":false,"excerpt":"El precandidato a presidente llam\u00f3 al l\u00edder del Frente Renovador para que se incorpore al espacio pol\u00edtico que encabeza junto a la ex presidenta. El precandidato a presidente Alberto Fern\u00e1ndez invit\u00f3 al l\u00edder del Frente Renovador, Sergio Massa, a integrar el espacio pol\u00edtico que encabeza junto a la ex presidenta\u2026","rel":"","context":"En \u00abPol\u00edtica\u00bb","block_context":{"text":"Pol\u00edtica","link":"http:\/\/www.24baires.com\/?cat=51"},"img":{"alt_text":"","src":"https:\/\/i0.wp.com\/www.24baires.com\/wp-content\/uploads\/2019\/05\/alberto-fernandez-massa.jpg?resize=350%2C200","width":350,"height":200,"srcset":"https:\/\/i0.wp.com\/www.24baires.com\/wp-content\/uploads\/2019\/05\/alberto-fernandez-massa.jpg?resize=350%2C200 1x, https:\/\/i0.wp.com\/www.24baires.com\/wp-content\/uploads\/2019\/05\/alberto-fernandez-massa.jpg?resize=525%2C300 1.5x"},"classes":[]}],"jetpack_sharing_enabled":true,"jetpack_likes_enabled":true,"jetpack_featured_media_url":"","_links":{"self":[{"href":"http:\/\/www.24baires.com\/index.php?rest_route=\/wp\/v2\/posts\/71554","targetHints":{"allow":["GET"]}}],"collection":[{"href":"http:\/\/www.24baires.com\/index.php?rest_route=\/wp\/v2\/posts"}],"about":[{"href":"http:\/\/www.24baires.com\/index.php?rest_route=\/wp\/v2\/types\/post"}],"author":[{"embeddable":true,"href":"http:\/\/www.24baires.com\/index.php?rest_route=\/wp\/v2\/users\/8"}],"replies":[{"embeddable":true,"href":"http:\/\/www.24baires.com\/index.php?rest_route=%2Fwp%2Fv2%2Fcomments&post=71554"}],"version-history":[{"count":1,"href":"http:\/\/www.24baires.com\/index.php?rest_route=\/wp\/v2\/posts\/71554\/revisions"}],"predecessor-version":[{"id":71555,"href":"http:\/\/www.24baires.com\/index.php?rest_route=\/wp\/v2\/posts\/71554\/revisions\/71555"}],"wp:attachment":[{"href":"http:\/\/www.24baires.com\/index.php?rest_route=%2Fwp%2Fv2%2Fmedia&parent=71554"}],"wp:term":[{"taxonomy":"category","embeddable":true,"href":"http:\/\/www.24baires.com\/index.php?rest_route=%2Fwp%2Fv2%2Fcategories&post=71554"},{"taxonomy":"post_tag","embeddable":true,"href":"http:\/\/www.24baires.com\/index.php?rest_route=%2Fwp%2Fv2%2Ftags&post=71554"}],"curies":[{"name":"wp","href":"https:\/\/api.w.org\/{rel}","templated":true}]}}