{"id":71530,"date":"2015-09-02T16:07:16","date_gmt":"2015-09-02T19:07:16","guid":{"rendered":"http:\/\/www.24baires.com\/?p=71530"},"modified":"2015-09-02T16:07:16","modified_gmt":"2015-09-02T19:07:16","slug":"estela-de-carlotto-a-scioli-cuando-seas-presidente-conta-con-nosotros","status":"publish","type":"post","link":"http:\/\/www.24baires.com\/?p=71530","title":{"rendered":"Estela de Carlotto a Scioli: \u00abCuando seas presidente, cont\u00e1 con nosotros\u00bb"},"content":{"rendered":"<p><img data-recalc-dims=\"1\" loading=\"lazy\" decoding=\"async\" src=\"https:\/\/i0.wp.com\/www.24baires.com\/wp-content\/uploads\/2015\/09\/scioli.jpg?resize=560%2C357\" alt=\"scioli\" width=\"560\" height=\"357\" class=\"aligncenter size-full wp-image-71531\" srcset=\"https:\/\/i0.wp.com\/www.24baires.com\/wp-content\/uploads\/2015\/09\/scioli.jpg?w=560 560w, https:\/\/i0.wp.com\/www.24baires.com\/wp-content\/uploads\/2015\/09\/scioli.jpg?resize=300%2C191 300w\" sizes=\"auto, (max-width: 560px) 100vw, 560px\" \/>La titular de Abuelas de Plaza de Mayo agradeci\u00f3 Daniel Scioli la entrega de la base de datos de ni\u00f1os y ni\u00f1as institucionalizados durante la \u00faltima dictadura, y le dijo al gobernador bonaerense que cuenta con su respaldo en caso de que resulte electo.<!--more--><\/p>\n<p>a titular de Abuelas de Plaza de Mayo agradeci\u00f3 Daniel Scioli la entrega de la base de datos de ni\u00f1os y ni\u00f1as institucionalizados durante la \u00faltima dictadura, y le dijo al gobernador bonaerense que cuenta con su respaldo en caso de que resulte electo.<\/p>\n<p>\u00abCuando seas presidente, cont\u00e1 con nosotros\u00bb, sostuvo Carlotto en un acto en la Casa de Gobierno provincial, donde remarc\u00f3: \u00abComo abuela no puedo nombrar que vos Daniel sos mi candidato, nosotros no somos pol\u00edticas, no tenemos partidos, somos mujeres que aprendemos todos los d\u00edas algo\u00bb.<\/p>\n<p>En ese sentido, destac\u00f3 que \u00abesto que pasa hoy ac\u00e1 es \u00fanico\u00bb, en alusi\u00f3n a la entrega de la base de datos de la Secretar\u00eda de Ni\u00f1ez y Adolescencia, y enfatiz\u00f3 que \u00abyo creo que la promesa grande para la continuidad de un proyecto que empez\u00f3 N\u00e9stor (Kirchner) y Cristina (Fern\u00e1ndez de Kirchner) es que vos sigas trabajando y sigamos trabajando juntos\u00bb.<br \/>\nCarlotto valor\u00f3 que \u00abnosotros fuimos abriendo el camino y no con valent\u00eda sino con amor, ese amor del encuentro\u00bb y subray\u00f3 que \u00abestoy feliz de que hayamos encontrado hace un a\u00f1o a mi nieto (Ignacio Guido Montoya Carlotto), que est\u00e1 muy bien y se est\u00e1 realizando plenamente\u00bb.<br \/>\nSostuvo que \u00abtodos los que faltan hay que sacarlo de estas hojas amarillas, no nos vamos a encontrar con chicos enteros porque son lo que llevan adentro de pap\u00e1 y mam\u00e1, esos valientes que dieron la vida, a los que no hay que olvidar nunca\u00bb.<br \/>\n\u00abYo no tengo palabras para esto, solamente desearte lo mejor, y desde ya tambi\u00e9n, cuando seas presidente, cont\u00e1 con nosotros\u00bb, finaliz\u00f3.<\/p>\n","protected":false},"excerpt":{"rendered":"<p>La titular de Abuelas de Plaza de Mayo agradeci\u00f3 Daniel Scioli la entrega de la base de datos de ni\u00f1os y ni\u00f1as institucionalizados durante la \u00faltima dictadura, y le dijo al gobernador bonaerense que cuenta con su respaldo en caso de que resulte electo.<\/p>\n","protected":false},"author":8,"featured_media":0,"comment_status":"open","ping_status":"open","sticky":false,"template":"","format":"standard","meta":{"_jetpack_newsletter_access":"","_jetpack_dont_email_post_to_subs":false,"_jetpack_newsletter_tier_id":0,"_jetpack_memberships_contains_paywalled_content":false,"_jetpack_memberships_contains_paid_content":false,"footnotes":""},"categories":[51],"tags":[],"class_list":["post-71530","post","type-post","status-publish","format-standard","hentry","category-politica"],"jetpack_shortlink":"https:\/\/wp.me\/p2JWE0-iBI","jetpack-related-posts":[{"id":49155,"url":"http:\/\/www.24baires.com\/?p=49155","url_meta":{"origin":71530,"position":0},"title":"Estela de Carlotto: \u00abLa ley de adopci\u00f3n traer\u00e1 mucha tranquilidad\u00bb","author":"Grupo Sierra","date":"02\/07\/2014","format":false,"excerpt":"La titular de Abuelas de Plaza de Mayo habl\u00f3 sobre la nueva normativa. Ahora, los plazos para adoptar ser\u00e1n menores al agotarse las acciones para intentar revincularlos con su familia de origen. El gobernador bonaerense, Daniel Scioli, encabez\u00f3 una jornada en la que se analiz\u00f3 la implementaci\u00f3n de la nueva\u2026","rel":"","context":"En \u00abSociedad\u00bb","block_context":{"text":"Sociedad","link":"http:\/\/www.24baires.com\/?cat=1"},"img":{"alt_text":"estela carlotto","src":"https:\/\/i0.wp.com\/www.24baires.com\/wp-content\/uploads\/2013\/04\/estela-carlotto.jpg?resize=350%2C200","width":350,"height":200,"srcset":"https:\/\/i0.wp.com\/www.24baires.com\/wp-content\/uploads\/2013\/04\/estela-carlotto.jpg?resize=350%2C200 1x, https:\/\/i0.wp.com\/www.24baires.com\/wp-content\/uploads\/2013\/04\/estela-carlotto.jpg?resize=525%2C300 1.5x"},"classes":[]},{"id":49190,"url":"http:\/\/www.24baires.com\/?p=49190","url_meta":{"origin":71530,"position":1},"title":"Desde Provincia buscan agilizar los plazos de espera para la adopci\u00f3n de ni\u00f1os","author":"GB","date":"03\/07\/2014","format":false,"excerpt":"El plazo para que un ni\u00f1o pueda ser adoptado podr\u00e1 ser menor al agotarse las acciones para intentar revincularlos con su familia de origen, seg\u00fan la nueva ley de procedimientos de adopci\u00f3n en Buenos Aires, cuya implementaci\u00f3n se analiz\u00f3 ayer en una jornada encabezada por el gobernador, Daniel Scioli. El\u2026","rel":"","context":"En \u00abProvincia\u00bb","block_context":{"text":"Provincia","link":"http:\/\/www.24baires.com\/?cat=40"},"img":{"alt_text":"","src":"https:\/\/i0.wp.com\/www.24baires.com\/wp-content\/uploads\/2014\/07\/adopcion.jpg?resize=350%2C200","width":350,"height":200,"srcset":"https:\/\/i0.wp.com\/www.24baires.com\/wp-content\/uploads\/2014\/07\/adopcion.jpg?resize=350%2C200 1x, https:\/\/i0.wp.com\/www.24baires.com\/wp-content\/uploads\/2014\/07\/adopcion.jpg?resize=525%2C300 1.5x"},"classes":[]},{"id":101248,"url":"http:\/\/www.24baires.com\/?p=101248","url_meta":{"origin":71530,"position":2},"title":"Vidal inaugur\u00f3 un Espacio para la Memoria junto a Carlotto","author":"AF","date":"23\/03\/2018","format":false,"excerpt":"La gobernadora bonaerense inaugur\u00f3 un Espacio para la Memoria junto a la titular de Abuelas de Plaza de Mayo. En v\u00edsperas de un nuevo aniversario del golpe de Estado de 1976, la presidenta de Abuelas, Estela de Carlotto, acompa\u00f1\u00f3 a la gobernadora bonaerense, Mar\u00eda Eugenia Vidal, en la inauguraci\u00f3n de\u2026","rel":"","context":"En \u00abSociedad\u00bb","block_context":{"text":"Sociedad","link":"http:\/\/www.24baires.com\/?cat=1"},"img":{"alt_text":"","src":"https:\/\/i0.wp.com\/www.24baires.com\/wp-content\/uploads\/2018\/03\/vidal-carlotto.png?resize=350%2C200","width":350,"height":200,"srcset":"https:\/\/i0.wp.com\/www.24baires.com\/wp-content\/uploads\/2018\/03\/vidal-carlotto.png?resize=350%2C200 1x, https:\/\/i0.wp.com\/www.24baires.com\/wp-content\/uploads\/2018\/03\/vidal-carlotto.png?resize=525%2C300 1.5x"},"classes":[]},{"id":52952,"url":"http:\/\/www.24baires.com\/?p=52952","url_meta":{"origin":71530,"position":3},"title":"Abuelas de Plaza de Mayo firm\u00f3 un importante convenio con Provincia","author":"Grupo Sierra","date":"02\/09\/2014","format":false,"excerpt":"El acuerdo con Scioli es \"para el relevamiento, clasificaci\u00f3n y an\u00e1lisis de documentaci\u00f3n de ni\u00f1os y ni\u00f1as del per\u00edodo de la \u00faltima dictadura c\u00edvico militar\". Del acto, realizado en el Sal\u00f3n de Acuerdos de la Gobernaci\u00f3n, en La Plata, participaron la titular de Abuelas de Plaza de Mayo, Estela de\u2026","rel":"","context":"En \u00abSociedad\u00bb","block_context":{"text":"Sociedad","link":"http:\/\/www.24baires.com\/?cat=1"},"img":{"alt_text":"","src":"https:\/\/i0.wp.com\/www.24baires.com\/wp-content\/uploads\/2014\/09\/estela-de-carlotto-scioli.jpg?resize=350%2C200","width":350,"height":200,"srcset":"https:\/\/i0.wp.com\/www.24baires.com\/wp-content\/uploads\/2014\/09\/estela-de-carlotto-scioli.jpg?resize=350%2C200 1x, https:\/\/i0.wp.com\/www.24baires.com\/wp-content\/uploads\/2014\/09\/estela-de-carlotto-scioli.jpg?resize=525%2C300 1.5x"},"classes":[]},{"id":102322,"url":"http:\/\/www.24baires.com\/?p=102322","url_meta":{"origin":71530,"position":4},"title":"La asociaci\u00f3n Abuelas de Plaza de Mayo fue nominada al Premio Nobel de la Paz 2018","author":"AF","date":"23\/05\/2018","format":false,"excerpt":"Ya son varias las ocasiones en que la asociaci\u00f3n que preside Estela de Carlotto recibe la nominaci\u00f3n. El Comit\u00e9 Noruego acept\u00f3 a la asociaci\u00f3n Abuelas de Plaza de Mayo entre los nominados al Premio Nobel de la Paz edici\u00f3n 2018. La presidenta de Abuelas, Estela de Carlotto, har\u00e1 el anuncio\u2026","rel":"","context":"En \u00abSociedad\u00bb","block_context":{"text":"Sociedad","link":"http:\/\/www.24baires.com\/?cat=1"},"img":{"alt_text":"","src":"https:\/\/i0.wp.com\/www.24baires.com\/wp-content\/uploads\/2012\/11\/madres-abuelas-circuito-camps.jpg?resize=350%2C200","width":350,"height":200,"srcset":"https:\/\/i0.wp.com\/www.24baires.com\/wp-content\/uploads\/2012\/11\/madres-abuelas-circuito-camps.jpg?resize=350%2C200 1x, https:\/\/i0.wp.com\/www.24baires.com\/wp-content\/uploads\/2012\/11\/madres-abuelas-circuito-camps.jpg?resize=525%2C300 1.5x"},"classes":[]},{"id":108660,"url":"http:\/\/www.24baires.com\/?p=108660","url_meta":{"origin":71530,"position":5},"title":"Abuelas de Plaza de Mayo confirm\u00f3 el hallazgo del nieto 130","author":"GB","date":"10\/06\/2019","format":false,"excerpt":"La organizaci\u00f3n anunci\u00f3 una nueva restituci\u00f3n de identidad, que ser\u00e1 presentada el pr\u00f3ximo jueves. Suman 130 los nietos recuperados. La organizaci\u00f3n Abuelas de Plaza de Mayo anunci\u00f3 este mediod\u00eda la restituci\u00f3n de identidad del nieto n\u00famero 130, que ser\u00e1 presentado formalmente el jueves, en una conferencia de prensa. All\u00ed se\u2026","rel":"","context":"En \u00abSociedad\u00bb","block_context":{"text":"Sociedad","link":"http:\/\/www.24baires.com\/?cat=1"},"img":{"alt_text":"","src":"https:\/\/i0.wp.com\/www.24baires.com\/wp-content\/uploads\/2013\/04\/estela-carlotto.jpg?resize=350%2C200","width":350,"height":200,"srcset":"https:\/\/i0.wp.com\/www.24baires.com\/wp-content\/uploads\/2013\/04\/estela-carlotto.jpg?resize=350%2C200 1x, https:\/\/i0.wp.com\/www.24baires.com\/wp-content\/uploads\/2013\/04\/estela-carlotto.jpg?resize=525%2C300 1.5x"},"classes":[]}],"jetpack_sharing_enabled":true,"jetpack_likes_enabled":true,"jetpack_featured_media_url":"","_links":{"self":[{"href":"http:\/\/www.24baires.com\/index.php?rest_route=\/wp\/v2\/posts\/71530","targetHints":{"allow":["GET"]}}],"collection":[{"href":"http:\/\/www.24baires.com\/index.php?rest_route=\/wp\/v2\/posts"}],"about":[{"href":"http:\/\/www.24baires.com\/index.php?rest_route=\/wp\/v2\/types\/post"}],"author":[{"embeddable":true,"href":"http:\/\/www.24baires.com\/index.php?rest_route=\/wp\/v2\/users\/8"}],"replies":[{"embeddable":true,"href":"http:\/\/www.24baires.com\/index.php?rest_route=%2Fwp%2Fv2%2Fcomments&post=71530"}],"version-history":[{"count":1,"href":"http:\/\/www.24baires.com\/index.php?rest_route=\/wp\/v2\/posts\/71530\/revisions"}],"predecessor-version":[{"id":71532,"href":"http:\/\/www.24baires.com\/index.php?rest_route=\/wp\/v2\/posts\/71530\/revisions\/71532"}],"wp:attachment":[{"href":"http:\/\/www.24baires.com\/index.php?rest_route=%2Fwp%2Fv2%2Fmedia&parent=71530"}],"wp:term":[{"taxonomy":"category","embeddable":true,"href":"http:\/\/www.24baires.com\/index.php?rest_route=%2Fwp%2Fv2%2Fcategories&post=71530"},{"taxonomy":"post_tag","embeddable":true,"href":"http:\/\/www.24baires.com\/index.php?rest_route=%2Fwp%2Fv2%2Ftags&post=71530"}],"curies":[{"name":"wp","href":"https:\/\/api.w.org\/{rel}","templated":true}]}}