{"id":71504,"date":"2015-09-02T10:30:43","date_gmt":"2015-09-02T13:30:43","guid":{"rendered":"http:\/\/www.24baires.com\/?p=71504"},"modified":"2015-09-03T11:02:14","modified_gmt":"2015-09-03T14:02:14","slug":"anibal-nego-malestar-con-el-dolar-ahorro-y-dijo-que-se-pagara-el-boden-2015","status":"publish","type":"post","link":"http:\/\/www.24baires.com\/?p=71504","title":{"rendered":"An\u00edbal neg\u00f3 malestar con el d\u00f3lar ahorro y dijo que se pagar\u00e1 el Boden 2015"},"content":{"rendered":"<p><img data-recalc-dims=\"1\" loading=\"lazy\" decoding=\"async\" src=\"https:\/\/i0.wp.com\/www.24baires.com\/wp-content\/uploads\/2015\/08\/an%C3%ADbal-cierre.jpg?resize=560%2C370\" alt=\"an\u00edbal cierre\" width=\"560\" height=\"370\" class=\"aligncenter size-full wp-image-70083\" srcset=\"https:\/\/i0.wp.com\/www.24baires.com\/wp-content\/uploads\/2015\/08\/an%C3%ADbal-cierre.jpg?w=560 560w, https:\/\/i0.wp.com\/www.24baires.com\/wp-content\/uploads\/2015\/08\/an%C3%ADbal-cierre.jpg?resize=300%2C198 300w\" sizes=\"auto, (max-width: 560px) 100vw, 560px\" \/>El jefe de Gabinete, An\u00edbal Fern\u00e1ndez, opin\u00f3 este mi\u00e9rcoles que \u00abno existe malestar en la ciudadan\u00eda\u00bb por la compra del denominado d\u00f3lar ahorro y volvi\u00f3 a confirmar el pago del bono.<!--more--><\/p>\n<p>Consultado acerca del supuesto malestar de un sector comprador del denominado d\u00f3lar ahorro, el funcionario asegur\u00f3: \u00abSi hay un malestar en la ciudadan\u00eda, no reconozco a nadie con la autoridad para poder decir que existe ese malestar en la ciudadan\u00eda\u00bb.<\/p>\n<p>En esa l\u00ednea, explic\u00f3 que \u00ablo que s\u00ed hay es una vocaci\u00f3n del Gobierno desde un principio y desde hace un tiempo importante, que es la de restablecer la posibilidad de compra de d\u00f3lares para ahorro. Y conforme tiene movimiento la divisa, se toman las medidas medidas necesarias, se toman decisiones que son calzadas con esa decisi\u00f3n, que tienen que ver con el momento en el que se est\u00e1, el momento y el movimiento del ingreso de divisas al pa\u00eds\u00bb.<\/p>\n<p>\u00abYo la verdad es que no creo que se haya generado ning\u00fan malestar en nadie, espec\u00edficamente en el manejo de la compra de la divisa extranjera\u00bb, consider\u00f3 el ministro coordinador.<\/p>\n<p>Consultado por las deudas que la Argentina mantiene y, en particular, sobre el pago del BODEN 2015, Fern\u00e1ndez asegur\u00f3: \u00abtodo el mundo es consciente de que se ha insistido en reiteradas oportunidades que se pagar\u00e1 como corresponde y eso es lo que va a suceder\u00bb.<\/p>\n","protected":false},"excerpt":{"rendered":"<p>El jefe de Gabinete, An\u00edbal Fern\u00e1ndez, opin\u00f3 este mi\u00e9rcoles que \u00abno existe malestar en la ciudadan\u00eda\u00bb por la compra del denominado d\u00f3lar ahorro y volvi\u00f3 a confirmar el pago del bono.<\/p>\n","protected":false},"author":4,"featured_media":0,"comment_status":"open","ping_status":"open","sticky":false,"template":"","format":"standard","meta":{"_jetpack_newsletter_access":"","_jetpack_dont_email_post_to_subs":false,"_jetpack_newsletter_tier_id":0,"_jetpack_memberships_contains_paywalled_content":false,"_jetpack_memberships_contains_paid_content":false,"footnotes":""},"categories":[51],"tags":[],"class_list":["post-71504","post","type-post","status-publish","format-standard","hentry","category-politica"],"jetpack_shortlink":"https:\/\/wp.me\/p2JWE0-iBi","jetpack-related-posts":[{"id":116373,"url":"http:\/\/www.24baires.com\/?p=116373","url_meta":{"origin":71504,"position":0},"title":"Funcionarios de alto rango no podr\u00e1n comprar d\u00f3lar ahorro","author":"AF","date":"01\/10\/2020","format":false,"excerpt":"As\u00ed lo anticip\u00f3 el ministro de Econom\u00eda Mart\u00edn Guzm\u00e1n. \"Hay que generar confianza para generar ahorro en nuestra moneda\", plante\u00f3. El ministro de Econom\u00eda, Mart\u00edn Guzm\u00e1n, dijo hoy que \"no habr\u00e1\" nuevas medidas cambiarias y aclar\u00f3 que los funcionarios de alto rango no van a poder comprar d\u00f3lar ahorro. En\u2026","rel":"","context":"En \u00abSociedad\u00bb","block_context":{"text":"Sociedad","link":"http:\/\/www.24baires.com\/?cat=1"},"img":{"alt_text":"","src":"https:\/\/i0.wp.com\/www.24baires.com\/wp-content\/uploads\/2018\/04\/d%C3%B3lar.jpg?resize=350%2C200","width":350,"height":200,"srcset":"https:\/\/i0.wp.com\/www.24baires.com\/wp-content\/uploads\/2018\/04\/d%C3%B3lar.jpg?resize=350%2C200 1x, https:\/\/i0.wp.com\/www.24baires.com\/wp-content\/uploads\/2018\/04\/d%C3%B3lar.jpg?resize=525%2C300 1.5x"},"classes":[]},{"id":111664,"url":"http:\/\/www.24baires.com\/?p=111664","url_meta":{"origin":71504,"position":1},"title":"\u00abEl Pa\u00eds\u00bb de Espa\u00f1a alerta sobre otra \u00abcrisis terminal\u00bb en Argentina","author":"GB","date":"16\/08\/2019","format":false,"excerpt":"El medio ib\u00e9rico hizo un pantallazo sobre la situaci\u00f3n financiera tras las PASO y se\u00f1ala la incertidumbre en la que vive la poblaci\u00f3n. La crisis econ\u00f3mica, que empeor\u00f3 en los \u00faltimos d\u00edas tras las elecciones Primarias Abiertas Simult\u00e1neas y Obligatorias, tambi\u00e9n preocupa fuera de nuestras fronteras. El diario El Pa\u00eds\u2026","rel":"","context":"En \u00abEconom\u00eda\u00bb","block_context":{"text":"Econom\u00eda","link":"http:\/\/www.24baires.com\/?cat=45"},"img":{"alt_text":"","src":"https:\/\/i0.wp.com\/www.24baires.com\/wp-content\/uploads\/2017\/04\/movilizacion-lanus.jpg?resize=350%2C200","width":350,"height":200,"srcset":"https:\/\/i0.wp.com\/www.24baires.com\/wp-content\/uploads\/2017\/04\/movilizacion-lanus.jpg?resize=350%2C200 1x, https:\/\/i0.wp.com\/www.24baires.com\/wp-content\/uploads\/2017\/04\/movilizacion-lanus.jpg?resize=525%2C300 1.5x"},"classes":[]},{"id":121912,"url":"http:\/\/www.24baires.com\/?p=121912","url_meta":{"origin":71504,"position":2},"title":"Adi\u00f3s Impuesto PA\u00cdS","author":"GB","date":"23\/12\/2024","format":false,"excerpt":"Con esta medida, se espera una baja en el d\u00f3lar tarjeta, mientras se mantienen ciertas percepciones en compras y ahorro en divisas. Desde este lunes, deja de regir el Impuesto Para una Argentina Inclusiva y Solidaria (PAIS), implementado el 19 de diciembre de 2019 durante el gobierno de Alberto Fern\u00e1ndez.\u2026","rel":"","context":"En \u00abEconom\u00eda\u00bb","block_context":{"text":"Econom\u00eda","link":"http:\/\/www.24baires.com\/?cat=45"},"img":{"alt_text":"","src":"https:\/\/i0.wp.com\/www.24baires.com\/wp-content\/uploads\/2024\/12\/dolar-tarjeta.webp?resize=350%2C200","width":350,"height":200,"srcset":"https:\/\/i0.wp.com\/www.24baires.com\/wp-content\/uploads\/2024\/12\/dolar-tarjeta.webp?resize=350%2C200 1x, https:\/\/i0.wp.com\/www.24baires.com\/wp-content\/uploads\/2024\/12\/dolar-tarjeta.webp?resize=525%2C300 1.5x, https:\/\/i0.wp.com\/www.24baires.com\/wp-content\/uploads\/2024\/12\/dolar-tarjeta.webp?resize=700%2C400 2x"},"classes":[]},{"id":64212,"url":"http:\/\/www.24baires.com\/?p=64212","url_meta":{"origin":71504,"position":3},"title":"Vanoli vet\u00f3 la propuesta del asesor de Scioli por el \u00abd\u00f3lar ahorro\u00bb","author":"GB","date":"13\/04\/2015","format":false,"excerpt":"El presidente del Banco Central, Alejandro Vanoli, defendi\u00f3 este lunes la continuidad de la autorizaci\u00f3n acotada de compra de moneda extranjera para tenencia personal, conocida como \"d\u00f3lar ahorro\", y sali\u00f3 al cruce de la propuesta de salir de esa modalidad que formulara Miguel Bein, asesor econ\u00f3mico del gobernador Daniel Scioli.\u2026","rel":"","context":"En \u00abEconom\u00eda\u00bb","block_context":{"text":"Econom\u00eda","link":"http:\/\/www.24baires.com\/?cat=45"},"img":{"alt_text":"vanoli 1","src":"https:\/\/i0.wp.com\/www.24baires.com\/wp-content\/uploads\/2014\/10\/vanoli-1.jpg?resize=350%2C200","width":350,"height":200,"srcset":"https:\/\/i0.wp.com\/www.24baires.com\/wp-content\/uploads\/2014\/10\/vanoli-1.jpg?resize=350%2C200 1x, https:\/\/i0.wp.com\/www.24baires.com\/wp-content\/uploads\/2014\/10\/vanoli-1.jpg?resize=525%2C300 1.5x"},"classes":[]},{"id":113467,"url":"http:\/\/www.24baires.com\/?p=113467","url_meta":{"origin":71504,"position":4},"title":"La compra de d\u00f3lares para ahorro tambi\u00e9n tendr\u00e1 el recargo del 30%","author":"GB","date":"17\/12\/2019","format":false,"excerpt":"Al tope de 200 d\u00f3lares por mes, habr\u00e1 que adicionarle el impuesto. Los dep\u00f3sitos en pesos, en cambio, dejar\u00e1n de pagar renta financiera. El ministro de Econom\u00eda, Mart\u00edn Guzm\u00e1n, anunci\u00f3 este martes que la compra de d\u00f3lares para ahorro tendr\u00e1 un recargo del 30%, a la vez que ratific\u00f3 el\u2026","rel":"","context":"En \u00abEconom\u00eda\u00bb","block_context":{"text":"Econom\u00eda","link":"http:\/\/www.24baires.com\/?cat=45"},"img":{"alt_text":"","src":"https:\/\/i0.wp.com\/www.24baires.com\/wp-content\/uploads\/2018\/07\/d%C3%B3lar.jpg?resize=350%2C200","width":350,"height":200,"srcset":"https:\/\/i0.wp.com\/www.24baires.com\/wp-content\/uploads\/2018\/07\/d%C3%B3lar.jpg?resize=350%2C200 1x, https:\/\/i0.wp.com\/www.24baires.com\/wp-content\/uploads\/2018\/07\/d%C3%B3lar.jpg?resize=525%2C300 1.5x"},"classes":[]},{"id":99830,"url":"http:\/\/www.24baires.com\/?p=99830","url_meta":{"origin":71504,"position":5},"title":"Extienden plazos a beneficiarios del Procrear afectados por la suba del d\u00f3lar","author":"GB","date":"08\/01\/2018","format":false,"excerpt":"Los beneficiarios del plan Procrear que resultaron perjudicados por el aumento del d\u00f3lar, que hizo subir la valuaci\u00f3n de las propiedades y los oblig\u00f3 a contar con m\u00e1s dinero al inicio de la operaci\u00f3n, contar\u00e1n con una pr\u00f3rroga para alcanzar el monto necesario para la compra de la propiedad, anunci\u00f3\u2026","rel":"","context":"En \u00abPol\u00edtica\u00bb","block_context":{"text":"Pol\u00edtica","link":"http:\/\/www.24baires.com\/?cat=51"},"img":{"alt_text":"","src":"https:\/\/i0.wp.com\/www.24baires.com\/wp-content\/uploads\/2015\/01\/procrear-anses.jpg?resize=350%2C200","width":350,"height":200,"srcset":"https:\/\/i0.wp.com\/www.24baires.com\/wp-content\/uploads\/2015\/01\/procrear-anses.jpg?resize=350%2C200 1x, https:\/\/i0.wp.com\/www.24baires.com\/wp-content\/uploads\/2015\/01\/procrear-anses.jpg?resize=525%2C300 1.5x"},"classes":[]}],"jetpack_sharing_enabled":true,"jetpack_likes_enabled":true,"jetpack_featured_media_url":"","_links":{"self":[{"href":"http:\/\/www.24baires.com\/index.php?rest_route=\/wp\/v2\/posts\/71504","targetHints":{"allow":["GET"]}}],"collection":[{"href":"http:\/\/www.24baires.com\/index.php?rest_route=\/wp\/v2\/posts"}],"about":[{"href":"http:\/\/www.24baires.com\/index.php?rest_route=\/wp\/v2\/types\/post"}],"author":[{"embeddable":true,"href":"http:\/\/www.24baires.com\/index.php?rest_route=\/wp\/v2\/users\/4"}],"replies":[{"embeddable":true,"href":"http:\/\/www.24baires.com\/index.php?rest_route=%2Fwp%2Fv2%2Fcomments&post=71504"}],"version-history":[{"count":1,"href":"http:\/\/www.24baires.com\/index.php?rest_route=\/wp\/v2\/posts\/71504\/revisions"}],"predecessor-version":[{"id":71505,"href":"http:\/\/www.24baires.com\/index.php?rest_route=\/wp\/v2\/posts\/71504\/revisions\/71505"}],"wp:attachment":[{"href":"http:\/\/www.24baires.com\/index.php?rest_route=%2Fwp%2Fv2%2Fmedia&parent=71504"}],"wp:term":[{"taxonomy":"category","embeddable":true,"href":"http:\/\/www.24baires.com\/index.php?rest_route=%2Fwp%2Fv2%2Fcategories&post=71504"},{"taxonomy":"post_tag","embeddable":true,"href":"http:\/\/www.24baires.com\/index.php?rest_route=%2Fwp%2Fv2%2Ftags&post=71504"}],"curies":[{"name":"wp","href":"https:\/\/api.w.org\/{rel}","templated":true}]}}