{"id":71501,"date":"2015-09-01T21:30:34","date_gmt":"2015-09-02T00:30:34","guid":{"rendered":"http:\/\/www.24baires.com\/?p=71501"},"modified":"2015-09-01T21:21:06","modified_gmt":"2015-09-02T00:21:06","slug":"intendentes-advierten-sobre-la-gobernabilidad-si-gana-macri","status":"publish","type":"post","link":"http:\/\/www.24baires.com\/?p=71501","title":{"rendered":"Intendentes advierten sobre la gobernabilidad si gana Macri"},"content":{"rendered":"<p>Intendentes peronistas bonaerenses reafirmaron su apoyo a la candidatura presidencial oficialista y adem\u00e1s advirtieron sobre la gobernabilidad de los municipios y el futuro econ\u00f3mico y social en el Conurbano, en el eventual caso de que el l\u00edder del PRO Mauricio Macri fuera el pr\u00f3ximo presidente argentino.<!--more--><\/p>\n<p>Tras el encuentro realizado ayer en La Plata entre Scioli y 70 intendentes, los l\u00edderes municipales se mostraron confiados en el triunfo del candidato oficialista en primera vuelta, pero cargaron las tintas contra el proyecto de pa\u00eds que propone Macri al que consideraron \u00abun modelo de la devaluaci\u00f3n y el ajuste\u00bb.<\/p>\n<p>Asimismo, los intendentes Alberto Descalzo (Ituzaing\u00f3), Julio Pereyra (Florencio Varela), Jorge Ferraresi (Avellaneda), y el candidato por el FpV en Merlo Gustavo Men\u00e9ndez coincidieron en avizorar un futuro complejo social y econ\u00f3micamente en el Conurbano bonaerense porque \u00abel modelo de Macri va a afectar a la calidad de vida de la gente y eso va a complicar la gobernabilidad\u00bb.<\/p>\n<p>Para Descalzo, un gobierno del PRO \u00abterminar\u00e1 con todas las conquistas y la ampliaci\u00f3n de derechos que hubo en estos 12 a\u00f1os y eso afectar\u00e1 a la gente porque el proyecto de Macri tiene que ver con el ajuste y el desempleo\u00bb.<\/p>\n<p>A la hora de ejemplificar, el intendente de Ituzaing\u00f3 se\u00f1al\u00f3 a T\u00e9lam que \u00abpara nosotros -el FpV- la obra p\u00fablica, una calle o las cloacas, es una inversi\u00f3n social mientras que para ellos -la oposici\u00f3n- es un gasto\u00bb.<\/p>\n<p>\u00abEl recorte de recursos provocar\u00eda un retroceso porque todav\u00eda falta avanzar en cloacas\u00bb, advirti\u00f3 Descalzo, quien adem\u00e1s destac\u00f3 que la realizaci\u00f3n de obras sanitarias \u00abpermiti\u00f3 bajar la mortalidad infantil y mejorar la calidad de vida de los vecinos\u00bb.<\/p>\n<p>A su turno, el jefe comunal de Florencio Varela, Julio Pereyra, sentenci\u00f3: \u00ab(Los intendentes) no podr\u00edamos gobernar con Macri presidente, no s\u00f3lo por nosotros, sino por la gente que representamos\u00bb.<\/p>\n<p>En declaraciones radiales, el intendente de Florencio Varela sostuvo que \u00abel tercer cord\u00f3n no es un tema importante para Macri, ya que fue N\u00e9stor Kirchner, la presidenta Cristina Fern\u00e1ndez de Kirchner y Daniel Scioli quienes siempre nos tuvieron en cuenta\u00bb.<\/p>\n<p>Pereyra, quien tambi\u00e9n es el presidente de la Federaci\u00f3n Argentina de Municipios (FAM), afirm\u00f3: \u00abEstoy convencido de que Daniel Scioli gana en primera vuelta, la gente no es tonta\u00bb.<\/p>\n<p>En la misma l\u00ednea, el intendente de Avellaneda Jorge Ferraresi consider\u00f3 que el FpV \u00abtiene que levantar la performance en la provincia de Buenos Aires\u00bb.<\/p>\n<p>\u00abLos intendentes no vamos a poder hacer nada en la Provincia, si no lo tenemos a Daniel Scioli en la Naci\u00f3n\u00bb, dijo Ferraresi en declaraciones radiales.<\/p>\n<p>Con respecto a c\u00f3mo afectar\u00eda a los municipios bonaerenses la llegada de Mauricio Macri a la presidencia, el candidato del FpV a intendente de Merlo, Gustavo Men\u00e9ndez, se\u00f1al\u00f3 que gobernar a nivel local \u00abser\u00eda dif\u00edcil\u00bb porque \u00abhay dos modelos de pa\u00eds diferentes, y con Macri se defender\u00eda el modelo del ajuste, de la exclusi\u00f3n y del d\u00f3lar que favorece a las minor\u00edas\u00bb.<\/p>\n<p>En declaraciones a T\u00e9lam, Men\u00e9ndez afirm\u00f3 que \u00abhay un proyecto emparentado con la agenda del desarrollo y otro que quiere volver atr\u00e1s con ese modelo para pocos\u00bb, al tiempo que indic\u00f3 que \u00abla gente sabe esto a la hora de votar, por eso el Frente para la Victoria va a ganar en primera vuelta\u00bb.<\/p>\n<p>Asimismo, Men\u00e9ndez ponder\u00f3 los discursos de Scioli y (Carlos) Zannini en referencia a la \u00absegunda etapa de industrializaci\u00f3n\u00bb que llevar\u00e1 a cabo el Frente para la Victoria con el gobernador bonaerense como presidente.<\/p>\n","protected":false},"excerpt":{"rendered":"<p>Intendentes peronistas bonaerenses reafirmaron su apoyo a la candidatura presidencial oficialista y adem\u00e1s advirtieron sobre la gobernabilidad de los municipios y el futuro econ\u00f3mico y social en el Conurbano, en el eventual caso de que el l\u00edder del PRO Mauricio Macri fuera el pr\u00f3ximo presidente argentino.<\/p>\n","protected":false},"author":8,"featured_media":0,"comment_status":"open","ping_status":"open","sticky":false,"template":"","format":"standard","meta":{"_jetpack_newsletter_access":"","_jetpack_dont_email_post_to_subs":false,"_jetpack_newsletter_tier_id":0,"_jetpack_memberships_contains_paywalled_content":false,"_jetpack_memberships_contains_paid_content":false,"footnotes":""},"categories":[51],"tags":[],"class_list":["post-71501","post","type-post","status-publish","format-standard","hentry","category-politica"],"jetpack_shortlink":"https:\/\/wp.me\/p2JWE0-iBf","jetpack-related-posts":[{"id":107833,"url":"http:\/\/www.24baires.com\/?p=107833","url_meta":{"origin":71501,"position":0},"title":"Un intendente no descart\u00f3 a Vidal como candidata a presidenta y vaticin\u00f3 \u201csorpresas\u201d","author":"GB","date":"26\/04\/2019","format":false,"excerpt":"El intendente de Bah\u00eda Blanca, sorprendi\u00f3 a todos al se\u00f1alar que \u201cno descarta\u201d que la gobernadora Vidal pueda ser finalmente la reemplazante de Macri para los comicios. \"Nos quedan 2 meses para el cierre de lista, seguro vamos a tener alguna sorpresa\u201d, apunt\u00f3. Los rumores sobre si la gobernadora Mar\u00eda\u2026","rel":"","context":"En \u00abMunicipios\u00bb","block_context":{"text":"Municipios","link":"http:\/\/www.24baires.com\/?cat=44"},"img":{"alt_text":"","src":"","width":0,"height":0},"classes":[]},{"id":111749,"url":"http:\/\/www.24baires.com\/?p=111749","url_meta":{"origin":71501,"position":1},"title":"Vidal reuni\u00f3 a sus intendentes y les pidi\u00f3 \u00abescuchar m\u00e1s a los vecinos\u00bb","author":"GB","date":"22\/08\/2019","format":false,"excerpt":"La gobernadora bonaerense, Mar\u00eda Eugenia Vidal, les pidi\u00f3 a los intendentes de Juntos por el Cambio \"escuchar m\u00e1s a los vecinos\" de cara a las elecciones generales de octubre, y \u00e9stos a su vez le solicitaron m\u00e1s fondos para contener la situaci\u00f3n social. La gobernadora encabez\u00f3 un encuentro con los\u2026","rel":"","context":"En \u00abProvincia\u00bb","block_context":{"text":"Provincia","link":"http:\/\/www.24baires.com\/?cat=40"},"img":{"alt_text":"","src":"https:\/\/i0.wp.com\/www.24baires.com\/wp-content\/uploads\/2019\/08\/vidal-intendentes-300x200.jpg?resize=350%2C200","width":350,"height":200},"classes":[]},{"id":120385,"url":"http:\/\/www.24baires.com\/?p=120385","url_meta":{"origin":71501,"position":2},"title":"Kicillof: \u201cLa derecha tiene muchos candidatos y un solo proyecto: quitar derechos\u201d","author":"AF","date":"16\/08\/2023","format":false,"excerpt":"El gobernador bonaerense inaugur\u00f3 en Berisso el nuevo edificio para el Centro Educativo Complementario N\u00b0 802 y habl\u00f3 sobre el resultado de la PASO, la importancia de ir a votar, lo realizado durante su gesti\u00f3n y las asignaturas pendientes. El gobernador de la provincia de Buenos Aires, Axel Kicillof, asegur\u00f3\u2026","rel":"","context":"En \u00abPol\u00edtica\u00bb","block_context":{"text":"Pol\u00edtica","link":"http:\/\/www.24baires.com\/?cat=51"},"img":{"alt_text":"","src":"https:\/\/i0.wp.com\/www.24baires.com\/wp-content\/uploads\/2023\/01\/axel-kicillofjpg.jpg?resize=350%2C200","width":350,"height":200,"srcset":"https:\/\/i0.wp.com\/www.24baires.com\/wp-content\/uploads\/2023\/01\/axel-kicillofjpg.jpg?resize=350%2C200 1x, https:\/\/i0.wp.com\/www.24baires.com\/wp-content\/uploads\/2023\/01\/axel-kicillofjpg.jpg?resize=525%2C300 1.5x, https:\/\/i0.wp.com\/www.24baires.com\/wp-content\/uploads\/2023\/01\/axel-kicillofjpg.jpg?resize=700%2C400 2x"},"classes":[]},{"id":100652,"url":"http:\/\/www.24baires.com\/?p=100652","url_meta":{"origin":71501,"position":3},"title":"Martiniano Molina consider\u00f3 que la escuela de intendentes \u00abes fundamental\u201d","author":"GB","date":"21\/02\/2018","format":false,"excerpt":"Se trata de una capacitaci\u00f3n que ser\u00e1 obligatoria para todos los candidatos a jefes comunales del pa\u00eds. La motoriza Jorge Macri desde la Secretar\u00eda de Gobiernos Locales del oficialismo. La novedosa \u201cescuela de intendentes\u201d que lanz\u00f3 Cambiemos en las \u00faltimas horas ya comienza a recibir elogios desde dentro del oficialismo;\u2026","rel":"","context":"En \u00abMunicipios\u00bb","block_context":{"text":"Municipios","link":"http:\/\/www.24baires.com\/?cat=44"},"img":{"alt_text":"","src":"https:\/\/i0.wp.com\/www.24baires.com\/wp-content\/uploads\/2017\/02\/martiniano.jpg?resize=350%2C200","width":350,"height":200,"srcset":"https:\/\/i0.wp.com\/www.24baires.com\/wp-content\/uploads\/2017\/02\/martiniano.jpg?resize=350%2C200 1x, https:\/\/i0.wp.com\/www.24baires.com\/wp-content\/uploads\/2017\/02\/martiniano.jpg?resize=525%2C300 1.5x"},"classes":[]},{"id":104303,"url":"http:\/\/www.24baires.com\/?p=104303","url_meta":{"origin":71501,"position":4},"title":"Intendentes de todo el pa\u00eds piden a Macri la restituci\u00f3n del Fondo Sojero","author":"AF","date":"05\/09\/2018","format":false,"excerpt":"Mientras el ministro de Econom\u00eda sigue dando explicaciones al FMI acerca del nuevo plan de ajuste de la alianza gobernante, un grupo de intendentes advirti\u00f3 que los municipios necesitan m\u00e1s fondos para hacer frente a \"situaciones complejas como el hambre\". El grupo de intendentes peronistas de todo el pa\u00eds, encabezados\u2026","rel":"","context":"En \u00abPol\u00edtica\u00bb","block_context":{"text":"Pol\u00edtica","link":"http:\/\/www.24baires.com\/?cat=51"},"img":{"alt_text":"","src":"https:\/\/i0.wp.com\/www.24baires.com\/wp-content\/uploads\/2018\/09\/intendentes.png?resize=350%2C200","width":350,"height":200,"srcset":"https:\/\/i0.wp.com\/www.24baires.com\/wp-content\/uploads\/2018\/09\/intendentes.png?resize=350%2C200 1x, https:\/\/i0.wp.com\/www.24baires.com\/wp-content\/uploads\/2018\/09\/intendentes.png?resize=525%2C300 1.5x"},"classes":[]},{"id":105220,"url":"http:\/\/www.24baires.com\/?p=105220","url_meta":{"origin":71501,"position":5},"title":"Un sector de Cambiemos introduce en la Legislatura la idea de eliminar las PASO","author":"GB","date":"01\/11\/2018","format":false,"excerpt":"Un grupo de legisladores de Cambiemos comenzaron a delinear en las \u00faltimas horas una estrategia parlamentaria para avanzar en la eliminaci\u00f3n de las PASO en las pr\u00f3ximas elecciones bonaerenses, una movida surgida de un sector de los intendentes oficialistas que encabeza Jorge Macri (Vicente L\u00f3pez). La avanzada legislativa, que cosecha\u2026","rel":"","context":"En \u00abPol\u00edtica\u00bb","block_context":{"text":"Pol\u00edtica","link":"http:\/\/www.24baires.com\/?cat=51"},"img":{"alt_text":"","src":"https:\/\/i0.wp.com\/www.24baires.com\/wp-content\/uploads\/2012\/12\/diputados-ba.jpg?resize=350%2C200","width":350,"height":200,"srcset":"https:\/\/i0.wp.com\/www.24baires.com\/wp-content\/uploads\/2012\/12\/diputados-ba.jpg?resize=350%2C200 1x, https:\/\/i0.wp.com\/www.24baires.com\/wp-content\/uploads\/2012\/12\/diputados-ba.jpg?resize=525%2C300 1.5x"},"classes":[]}],"jetpack_sharing_enabled":true,"jetpack_likes_enabled":true,"jetpack_featured_media_url":"","_links":{"self":[{"href":"http:\/\/www.24baires.com\/index.php?rest_route=\/wp\/v2\/posts\/71501","targetHints":{"allow":["GET"]}}],"collection":[{"href":"http:\/\/www.24baires.com\/index.php?rest_route=\/wp\/v2\/posts"}],"about":[{"href":"http:\/\/www.24baires.com\/index.php?rest_route=\/wp\/v2\/types\/post"}],"author":[{"embeddable":true,"href":"http:\/\/www.24baires.com\/index.php?rest_route=\/wp\/v2\/users\/8"}],"replies":[{"embeddable":true,"href":"http:\/\/www.24baires.com\/index.php?rest_route=%2Fwp%2Fv2%2Fcomments&post=71501"}],"version-history":[{"count":1,"href":"http:\/\/www.24baires.com\/index.php?rest_route=\/wp\/v2\/posts\/71501\/revisions"}],"predecessor-version":[{"id":71502,"href":"http:\/\/www.24baires.com\/index.php?rest_route=\/wp\/v2\/posts\/71501\/revisions\/71502"}],"wp:attachment":[{"href":"http:\/\/www.24baires.com\/index.php?rest_route=%2Fwp%2Fv2%2Fmedia&parent=71501"}],"wp:term":[{"taxonomy":"category","embeddable":true,"href":"http:\/\/www.24baires.com\/index.php?rest_route=%2Fwp%2Fv2%2Fcategories&post=71501"},{"taxonomy":"post_tag","embeddable":true,"href":"http:\/\/www.24baires.com\/index.php?rest_route=%2Fwp%2Fv2%2Ftags&post=71501"}],"curies":[{"name":"wp","href":"https:\/\/api.w.org\/{rel}","templated":true}]}}