{"id":71467,"date":"2015-09-01T15:00:09","date_gmt":"2015-09-01T18:00:09","guid":{"rendered":"http:\/\/www.24baires.com\/?p=71467"},"modified":"2015-09-02T10:58:38","modified_gmt":"2015-09-02T13:58:38","slug":"scioli-aseguro-que-si-llega-a-presidente-las-pymes-tendran-un-rol-central","status":"publish","type":"post","link":"http:\/\/www.24baires.com\/?p=71467","title":{"rendered":"Scioli asegur\u00f3 que, si llega a Presidente, las pymes \u00abtendr\u00e1n un rol central\u00bb"},"content":{"rendered":"<p><img data-recalc-dims=\"1\" loading=\"lazy\" decoding=\"async\" class=\"aligncenter size-full wp-image-70134\" src=\"https:\/\/i0.wp.com\/www.24baires.com\/wp-content\/uploads\/2015\/08\/scioli-cierre-campa%C3%B1a.jpg?resize=560%2C307\" alt=\"scioli cierre campa\u00f1a\" width=\"560\" height=\"307\" srcset=\"https:\/\/i0.wp.com\/www.24baires.com\/wp-content\/uploads\/2015\/08\/scioli-cierre-campa%C3%B1a.jpg?w=560 560w, https:\/\/i0.wp.com\/www.24baires.com\/wp-content\/uploads\/2015\/08\/scioli-cierre-campa%C3%B1a.jpg?resize=300%2C164 300w\" sizes=\"auto, (max-width: 560px) 100vw, 560px\" \/>El candidato presidencial del Frente para la Victoria y gobernador bonaerense, Daniel Scioli, asegur\u00f3 que dar\u00e1 a las peque\u00f1as y medianas empresas \u00abtodas las herramientas financieras\u00bb necesarias.<!--more--><\/p>\n<p>\u00abLa pr\u00f3xima etapa es la de la gran agenda del desarrollo argentino y ustedes -las pymes- van a tener un rol central. Les voy a dar todas las herramientas financieras para seguir instalando capacidad productiva\u00bb, dijo Scioli al participar esta tarde de un acto por el D\u00eda de la Industria, que se celebra ma\u00f1ana, en la sede de la Confederaci\u00f3n Argentina de la Mediana Empresa (CAME).<\/p>\n<p>Participan tambi\u00e9n del encuentro el secretario general de la Presidencia, Eduardo \u00abWado\u00bb de Pedro; los ministros de Econom\u00eda, Axel Kicillof; y de Industria, Debora Giorgi; y el candidato a vicepresidente, Carlos Zannini, y el titular de CAME, Osvaldo Cornide.<\/p>\n<p>En su discurso ante los empresarios, Scioli destac\u00f3 que las pymes \u00abson la expresi\u00f3n de la clase media\u00bb y remarc\u00f3 que en el \u00e1mbito de Latinoam\u00e9rica \u00abla clase media que m\u00e1s ha crecido es la argentina, lo cual tiene que ver con el desarrollo y el c\u00edrculo virtuoso generador de empleo\u00bb.<\/p>\n<p>\u00abUn gobierno tiene que fijar prioridades. Y si hay un espacio pol\u00edtico que tiene resultados pol\u00edticos en apoyo a las pymes es precisamente nuestro espacio, que es el que prioriza con sus pol\u00edticas la movilidad social ascendente\u00bb, sostuvo.<\/p>\n<p>\u00abLas pymes hacen al vigor y a la vida de cada una de las ciudades, cuando se dinamiza el comercio, crecen las peque\u00f1as y medianas industrias\u00bb, indic\u00f3 el mandatario bonaerense.<\/p>\n","protected":false},"excerpt":{"rendered":"<p>El candidato presidencial del Frente para la Victoria y gobernador bonaerense, Daniel Scioli, asegur\u00f3 que dar\u00e1 a las peque\u00f1as y medianas empresas \u00abtodas las herramientas financieras\u00bb necesarias.<\/p>\n","protected":false},"author":4,"featured_media":0,"comment_status":"open","ping_status":"open","sticky":false,"template":"","format":"standard","meta":{"_jetpack_newsletter_access":"","_jetpack_dont_email_post_to_subs":false,"_jetpack_newsletter_tier_id":0,"_jetpack_memberships_contains_paywalled_content":false,"_jetpack_memberships_contains_paid_content":false,"footnotes":""},"categories":[51],"tags":[],"class_list":["post-71467","post","type-post","status-publish","format-standard","hentry","category-politica"],"jetpack_shortlink":"https:\/\/wp.me\/p2JWE0-iAH","jetpack-related-posts":[{"id":110811,"url":"http:\/\/www.24baires.com\/?p=110811","url_meta":{"origin":71467,"position":0},"title":"\u00abEstamos virtualmente en default, eso no quiere decir que no vamos a pagar la deuda\u00bb","author":"AF","date":"14\/06\/2019","format":false,"excerpt":"El precandidato presidencial del Frente de Todos habl\u00f3 ante m\u00e1s de 2 mil empresarios PyME a los que asegur\u00f3 son \"los que van a poner en pie a la Argentina otra vez\". Toda una toma de posici\u00f3n frente al abandono del sector por parte del gobierno de Macri. Ante m\u00e1s\u2026","rel":"","context":"En \u00abPol\u00edtica\u00bb","block_context":{"text":"Pol\u00edtica","link":"http:\/\/www.24baires.com\/?cat=51"},"img":{"alt_text":"","src":"https:\/\/i0.wp.com\/www.24baires.com\/wp-content\/uploads\/2019\/06\/alberto-fernandez.jpg?resize=350%2C200","width":350,"height":200,"srcset":"https:\/\/i0.wp.com\/www.24baires.com\/wp-content\/uploads\/2019\/06\/alberto-fernandez.jpg?resize=350%2C200 1x, https:\/\/i0.wp.com\/www.24baires.com\/wp-content\/uploads\/2019\/06\/alberto-fernandez.jpg?resize=525%2C300 1.5x"},"classes":[]},{"id":101122,"url":"http:\/\/www.24baires.com\/?p=101122","url_meta":{"origin":71467,"position":1},"title":"Indagar\u00e1n a Scioli por irregularidades en la construcci\u00f3n de las UPA 24","author":"AF","date":"17\/03\/2018","format":false,"excerpt":"El ex gobernador Daniel Scioli y quien fuera su ministro de Salud, Alejandro Collia, fueron imputados y citados a prestar declaraci\u00f3n indagatoria en el marco de una causa que investiga presuntas irregularidades en la adjudicaci\u00f3n de ocho Unidades de Pronta Atenci\u00f3n (UPA 24) para las que se destinaron m\u00e1s de\u2026","rel":"","context":"En \u00abJUDICIALES\u00bb","block_context":{"text":"JUDICIALES","link":"http:\/\/www.24baires.com\/?cat=68"},"img":{"alt_text":"","src":"https:\/\/i0.wp.com\/www.24baires.com\/wp-content\/uploads\/2014\/05\/Daniel-Scioli.jpg?resize=350%2C200","width":350,"height":200,"srcset":"https:\/\/i0.wp.com\/www.24baires.com\/wp-content\/uploads\/2014\/05\/Daniel-Scioli.jpg?resize=350%2C200 1x, https:\/\/i0.wp.com\/www.24baires.com\/wp-content\/uploads\/2014\/05\/Daniel-Scioli.jpg?resize=525%2C300 1.5x"},"classes":[]},{"id":111094,"url":"http:\/\/www.24baires.com\/?p=111094","url_meta":{"origin":71467,"position":2},"title":"\u201cEste gobierno puso a las pymes en el centro del infierno\u201d","author":"AF","date":"05\/07\/2019","format":false,"excerpt":"El presidente Mauricio Macri hab\u00eda dicho que puso a las pymes en el centro de la escena, pero \u00e9stas le respondieron duramente, afirmando todo lo contrario. El presidente de la Naci\u00f3n Mauricio Macri particip\u00f3 de un encuentro por el D\u00eda de las Pymes, organizado por la C\u00e1mara Argentina de la\u2026","rel":"","context":"En \u00abPol\u00edtica\u00bb","block_context":{"text":"Pol\u00edtica","link":"http:\/\/www.24baires.com\/?cat=51"},"img":{"alt_text":"","src":"https:\/\/i0.wp.com\/www.24baires.com\/wp-content\/uploads\/2019\/02\/macri-singer.jpeg?resize=350%2C200","width":350,"height":200,"srcset":"https:\/\/i0.wp.com\/www.24baires.com\/wp-content\/uploads\/2019\/02\/macri-singer.jpeg?resize=350%2C200 1x, https:\/\/i0.wp.com\/www.24baires.com\/wp-content\/uploads\/2019\/02\/macri-singer.jpeg?resize=525%2C300 1.5x"},"classes":[]},{"id":112328,"url":"http:\/\/www.24baires.com\/?p=112328","url_meta":{"origin":71467,"position":3},"title":"Alberto Fern\u00e1ndez se reuni\u00f3 con la UIA","author":"AF","date":"02\/10\/2019","format":false,"excerpt":"Tras el encuentro, el ex jefe de Gabinete y candidato presidencial del Frente de Todos asegur\u00f3 que comparte con los empresarios la nececidad de dejar de \"maltratar\" a la industria. Alberto Fern\u00e1ndez advirti\u00f3, sin embargo, que Cambiemos dejar\u00e1 un d\u00e9ficit fiscal superior al 7 por ciento del PBI. El candidato\u2026","rel":"","context":"En \u00abPol\u00edtica\u00bb","block_context":{"text":"Pol\u00edtica","link":"http:\/\/www.24baires.com\/?cat=51"},"img":{"alt_text":"","src":"https:\/\/i0.wp.com\/www.24baires.com\/wp-content\/uploads\/2019\/06\/fern%C3%A1ndezz.jpg?resize=350%2C200","width":350,"height":200,"srcset":"https:\/\/i0.wp.com\/www.24baires.com\/wp-content\/uploads\/2019\/06\/fern%C3%A1ndezz.jpg?resize=350%2C200 1x, https:\/\/i0.wp.com\/www.24baires.com\/wp-content\/uploads\/2019\/06\/fern%C3%A1ndezz.jpg?resize=525%2C300 1.5x"},"classes":[]},{"id":119478,"url":"http:\/\/www.24baires.com\/?p=119478","url_meta":{"origin":71467,"position":4},"title":"El Gobierno gestiona un cr\u00e9dito de US$ 200 millones para pymes","author":"AF","date":"26\/10\/2022","format":false,"excerpt":"El prop\u00f3sito del nuevo fondeo es alcanzar a m\u00e1s de 1.000 pymes de todo el pa\u00eds, generar empleos de calidad y promover el aumento de la productividad de las empresas a trav\u00e9s de la generaci\u00f3n de exportaciones de bienes con valor agregado. El secretario de Industria y Desarrollo Productivo, Jos\u00e9\u2026","rel":"","context":"En \u00abPol\u00edtica\u00bb","block_context":{"text":"Pol\u00edtica","link":"http:\/\/www.24baires.com\/?cat=51"},"img":{"alt_text":"","src":"https:\/\/i0.wp.com\/www.24baires.com\/wp-content\/uploads\/2022\/10\/world-bank-group.jpg?resize=350%2C200","width":350,"height":200,"srcset":"https:\/\/i0.wp.com\/www.24baires.com\/wp-content\/uploads\/2022\/10\/world-bank-group.jpg?resize=350%2C200 1x, https:\/\/i0.wp.com\/www.24baires.com\/wp-content\/uploads\/2022\/10\/world-bank-group.jpg?resize=525%2C300 1.5x, https:\/\/i0.wp.com\/www.24baires.com\/wp-content\/uploads\/2022\/10\/world-bank-group.jpg?resize=700%2C400 2x"},"classes":[]},{"id":108572,"url":"http:\/\/www.24baires.com\/?p=108572","url_meta":{"origin":71467,"position":5},"title":"Unas 50 pymes cierran sus puertas diariamente","author":"AF","date":"04\/06\/2019","format":false,"excerpt":"El Ministerio de Producci\u00f3n discontinu\u00f3 las estad\u00edsticas sobre el cierre de empresas en 2017 cuando la crisis se intensific\u00f3. La Asamblea de Peque\u00f1os y Medianos Empresarios (Apyme) y la Asociaci\u00f3n de Empresarios Nacionales (ENAC) advirtieron este martes que al menos 50 PyMEs bajan sus persianas como consecuencia de las pol\u00edticas\u2026","rel":"","context":"En \u00abEconom\u00eda\u00bb","block_context":{"text":"Econom\u00eda","link":"http:\/\/www.24baires.com\/?cat=45"},"img":{"alt_text":"","src":"https:\/\/i0.wp.com\/www.24baires.com\/wp-content\/uploads\/2019\/04\/pyme.jpg?resize=350%2C200","width":350,"height":200,"srcset":"https:\/\/i0.wp.com\/www.24baires.com\/wp-content\/uploads\/2019\/04\/pyme.jpg?resize=350%2C200 1x, https:\/\/i0.wp.com\/www.24baires.com\/wp-content\/uploads\/2019\/04\/pyme.jpg?resize=525%2C300 1.5x"},"classes":[]}],"jetpack_sharing_enabled":true,"jetpack_likes_enabled":true,"jetpack_featured_media_url":"","_links":{"self":[{"href":"http:\/\/www.24baires.com\/index.php?rest_route=\/wp\/v2\/posts\/71467","targetHints":{"allow":["GET"]}}],"collection":[{"href":"http:\/\/www.24baires.com\/index.php?rest_route=\/wp\/v2\/posts"}],"about":[{"href":"http:\/\/www.24baires.com\/index.php?rest_route=\/wp\/v2\/types\/post"}],"author":[{"embeddable":true,"href":"http:\/\/www.24baires.com\/index.php?rest_route=\/wp\/v2\/users\/4"}],"replies":[{"embeddable":true,"href":"http:\/\/www.24baires.com\/index.php?rest_route=%2Fwp%2Fv2%2Fcomments&post=71467"}],"version-history":[{"count":1,"href":"http:\/\/www.24baires.com\/index.php?rest_route=\/wp\/v2\/posts\/71467\/revisions"}],"predecessor-version":[{"id":71468,"href":"http:\/\/www.24baires.com\/index.php?rest_route=\/wp\/v2\/posts\/71467\/revisions\/71468"}],"wp:attachment":[{"href":"http:\/\/www.24baires.com\/index.php?rest_route=%2Fwp%2Fv2%2Fmedia&parent=71467"}],"wp:term":[{"taxonomy":"category","embeddable":true,"href":"http:\/\/www.24baires.com\/index.php?rest_route=%2Fwp%2Fv2%2Fcategories&post=71467"},{"taxonomy":"post_tag","embeddable":true,"href":"http:\/\/www.24baires.com\/index.php?rest_route=%2Fwp%2Fv2%2Ftags&post=71467"}],"curies":[{"name":"wp","href":"https:\/\/api.w.org\/{rel}","templated":true}]}}