{"id":71460,"date":"2015-09-01T13:00:23","date_gmt":"2015-09-01T16:00:23","guid":{"rendered":"http:\/\/www.24baires.com\/?p=71460"},"modified":"2015-09-01T12:38:42","modified_gmt":"2015-09-01T15:38:42","slug":"rossi-no-concebimos-la-argentina-fuera-del-marco-del-desarrollo-y-la-integracion-regional","status":"publish","type":"post","link":"http:\/\/www.24baires.com\/?p=71460","title":{"rendered":"Rossi: \u201cNo concebimos la Argentina fuera del marco del desarrollo y la integraci\u00f3n regional\u201d"},"content":{"rendered":"<p><img data-recalc-dims=\"1\" loading=\"lazy\" decoding=\"async\" class=\"aligncenter size-full wp-image-71461\" src=\"https:\/\/i0.wp.com\/www.24baires.com\/wp-content\/uploads\/2015\/09\/rossi-pj-san-isidro.jpg?resize=560%2C340\" alt=\"rossi pj san isidro\" width=\"560\" height=\"340\" srcset=\"https:\/\/i0.wp.com\/www.24baires.com\/wp-content\/uploads\/2015\/09\/rossi-pj-san-isidro.jpg?w=560 560w, https:\/\/i0.wp.com\/www.24baires.com\/wp-content\/uploads\/2015\/09\/rossi-pj-san-isidro.jpg?resize=300%2C182 300w\" sizes=\"auto, (max-width: 560px) 100vw, 560px\" \/>El ministro de Defensa y candidato nacional al Parlasur, Agust\u00edn Rossi, particip\u00f3 anoche del encuentro \u201cConstruyendo el Parlasur\u201d que se llev\u00f3 a cabo en la sede el PJ de San Isidro. <!--more--><\/p>\n<p>\u201cTenemos una mirada multilateral del mundo pero sabemos que nuestro lugar es Am\u00e9rica Latina\u201d, asegur\u00f3 Rossi, al tiempo que agreg\u00f3: \u201cLa elecci\u00f3n directa de los candidatos al Parlasur es una manera de profundizar, consolidar y relegitimar el proceso de integraci\u00f3n que hemos venido construyendo en todos estos a\u00f1os\u201d.<\/p>\n<p>\u201cNo concebimos la Argentina fuera del marco del desarrollo y la integraci\u00f3n regional, subray\u00f3 el Ministro, que comparti\u00f3 el encuentro con los candidatos al Parlamento del Mercosur, Jorge Taiana y Edgardo Esteban, la diputada nacional Mar\u00eda Teresa Garc\u00eda, el subsecretario de Gesti\u00f3n y Articulaci\u00f3n Institucional de la provincia de Buenos Aires, Francisco Cafiero y, el candidato a intendente Santiago Cafiero.<\/p>\n<p>Por otra parte, Rossi critic\u00f3 a la oposici\u00f3n: \u201cEn donde pierden, denuncian fraude\u201d. Y sum\u00f3: \u201cIntentan instalar que los resultados electorales est\u00e1n te\u00f1idos de pr\u00e1cticas pol\u00edticas no transparentes; no aceptan los resultados cuando son negativos para ellos y eso es antidemocr\u00e1tico\u201d.<\/p>\n<p>\u201cNo hubiera existido nunca la UNASUR y la CELAC si no hubiera existido antes el No al Alca\u201d, afirm\u00f3 a su turno Taiana.<\/p>\n<p>Y a\u00f1adi\u00f3: \u201cAm\u00e9rica Latina ha sido la \u00fanica regi\u00f3n en el mundo que redujo la desigualdad gracias a las pol\u00edticas p\u00fablicas que apuntaron a la inclusi\u00f3n social, en defensa de los trabajadores y la distribuci\u00f3n del ingreso\u201d.<\/p>\n<p>Adem\u00e1s, el ex canciller asegur\u00f3: \u201cNo hay desarrollo posible ni sustentable sin integraci\u00f3n regional\u201d.<\/p>\n","protected":false},"excerpt":{"rendered":"<p>El ministro de Defensa y candidato nacional al Parlasur, Agust\u00edn Rossi, particip\u00f3 anoche del encuentro \u201cConstruyendo el Parlasur\u201d que se llev\u00f3 a cabo en la sede el PJ de San Isidro.<\/p>\n","protected":false},"author":4,"featured_media":0,"comment_status":"open","ping_status":"open","sticky":false,"template":"","format":"standard","meta":{"_jetpack_newsletter_access":"","_jetpack_dont_email_post_to_subs":false,"_jetpack_newsletter_tier_id":0,"_jetpack_memberships_contains_paywalled_content":false,"_jetpack_memberships_contains_paid_content":false,"footnotes":""},"categories":[51],"tags":[],"class_list":["post-71460","post","type-post","status-publish","format-standard","hentry","category-politica"],"jetpack_shortlink":"https:\/\/wp.me\/p2JWE0-iAA","jetpack-related-posts":[{"id":69686,"url":"http:\/\/www.24baires.com\/?p=69686","url_meta":{"origin":71460,"position":0},"title":"Rossi: \u201cLa oposici\u00f3n busca frenar el proceso de integraci\u00f3n latinoamericana\u201d","author":"AF","date":"28\/07\/2015","format":false,"excerpt":"El ministro de Defensa y candidato nacional al Parlasur, Agust\u00edn Rossi, particip\u00f3 hoy del Encuentro Nacional de Candidatos al Parlasur por el Frente para la Victoria que cerraron el candidato a presidente Daniel Scioli y a vice, Carlos Zannini, en la provincia de Mendoza. \u201cLa oposici\u00f3n busca frenar el proceso\u2026","rel":"","context":"En \u00abPol\u00edtica\u00bb","block_context":{"text":"Pol\u00edtica","link":"http:\/\/www.24baires.com\/?cat=51"},"img":{"alt_text":"rossi","src":"https:\/\/i0.wp.com\/www.24baires.com\/wp-content\/uploads\/2015\/02\/rossi1.jpg?resize=350%2C200","width":350,"height":200,"srcset":"https:\/\/i0.wp.com\/www.24baires.com\/wp-content\/uploads\/2015\/02\/rossi1.jpg?resize=350%2C200 1x, https:\/\/i0.wp.com\/www.24baires.com\/wp-content\/uploads\/2015\/02\/rossi1.jpg?resize=525%2C300 1.5x"},"classes":[]},{"id":69755,"url":"http:\/\/www.24baires.com\/?p=69755","url_meta":{"origin":71460,"position":1},"title":"Rossi: \u00abQuieren frenar el proceso de integraci\u00f3n\u00bb","author":"AF","date":"30\/07\/2015","format":false,"excerpt":"El ministro de Defensa y precandidato al Parlasur por el FpV, Agust\u00edn Rossi, cuestion\u00f3 a la oposici\u00f3n en relaci\u00f3n \"pluralidad latinoamericana\". \"El Parlasur es fundamental para que haya m\u00e1s pluralidad en ese proceso de integraci\u00f3n\u201d y a\u00f1adi\u00f3 que \"los integrantes de este cuerpo ser\u00e1n elegidos a trav\u00e9s del voto directo\u2026","rel":"","context":"En \u00abElecciones 2015\u00bb","block_context":{"text":"Elecciones 2015","link":"http:\/\/www.24baires.com\/?cat=74"},"img":{"alt_text":"rossi","src":"https:\/\/i0.wp.com\/www.24baires.com\/wp-content\/uploads\/2014\/08\/rossi.jpg?resize=350%2C200","width":350,"height":200,"srcset":"https:\/\/i0.wp.com\/www.24baires.com\/wp-content\/uploads\/2014\/08\/rossi.jpg?resize=350%2C200 1x, https:\/\/i0.wp.com\/www.24baires.com\/wp-content\/uploads\/2014\/08\/rossi.jpg?resize=525%2C300 1.5x"},"classes":[]},{"id":69662,"url":"http:\/\/www.24baires.com\/?p=69662","url_meta":{"origin":71460,"position":2},"title":"Scioli destac\u00f3 la \u00abagenda de integraci\u00f3n\u00bb del Frente para la Victoria","author":"AF","date":"28\/07\/2015","format":false,"excerpt":"El candidato a presidente por el Frente para la Victoria, Daniel Scioli, junto al candidato a vicepresidente, Carlos Zannini, encabez\u00f3 el acto de cierre del encuentro regional de candidatos al Parlasur. El candidato presidencial del Frente para la Victoria, Daniel Scioli, cerr\u00f3 en la capital provincial el encuentro de Parlamentarios\u2026","rel":"","context":"En \u00abPol\u00edtica\u00bb","block_context":{"text":"Pol\u00edtica","link":"http:\/\/www.24baires.com\/?cat=51"},"img":{"alt_text":"","src":"https:\/\/i0.wp.com\/www.24baires.com\/wp-content\/uploads\/2015\/07\/scioli-en-mendoza.jpg?resize=350%2C200","width":350,"height":200,"srcset":"https:\/\/i0.wp.com\/www.24baires.com\/wp-content\/uploads\/2015\/07\/scioli-en-mendoza.jpg?resize=350%2C200 1x, https:\/\/i0.wp.com\/www.24baires.com\/wp-content\/uploads\/2015\/07\/scioli-en-mendoza.jpg?resize=525%2C300 1.5x"},"classes":[]},{"id":73078,"url":"http:\/\/www.24baires.com\/?p=73078","url_meta":{"origin":71460,"position":3},"title":"Rossi: \u00abArgentina est\u00e1 bien en un mundo complicado\u00bb","author":"AF","date":"03\/10\/2015","format":false,"excerpt":"El ministro de Defensa de la Naci\u00f3n, Agust\u00edn Rossi, sostuvo que \"Argentina est\u00e1 bien en un mundo que est\u00e1 complicado\", y asegur\u00f3 que \"Daniel Scioli va a ganar en la primera vuelta\" las elecciones presidenciales del 25 de octubre. El candidato a ocupar una banca en el Parlasur, asisti\u00f3 esta\u2026","rel":"","context":"En \u00abInternacionales\u00bb","block_context":{"text":"Internacionales","link":"http:\/\/www.24baires.com\/?cat=73"},"img":{"alt_text":"","src":"","width":0,"height":0},"classes":[]},{"id":71838,"url":"http:\/\/www.24baires.com\/?p=71838","url_meta":{"origin":71460,"position":4},"title":"\u201cLas elecciones de octubre se van a desarrollar con la misma normalidad que las PASO\u201d","author":"GB","date":"08\/09\/2015","format":false,"excerpt":"El ministro de Defensa y candidato nacional al Parlasur, Agust\u00edn Rossi, visit\u00f3 hoy la provincia de Catamarca. All\u00ed se refiri\u00f3 a las elecciones nacionales de octubre. \u201cLos argentinos seguir\u00e1n acompa\u00f1ando este proyecto, no van a dar una vuelta atr\u00e1s\u201d, asegur\u00f3. Y afirm\u00f3: \u201cLas elecciones de octubre se van a desarrollar\u2026","rel":"","context":"En \u00abElecciones 2015\u00bb","block_context":{"text":"Elecciones 2015","link":"http:\/\/www.24baires.com\/?cat=74"},"img":{"alt_text":"rossi","src":"https:\/\/i0.wp.com\/www.24baires.com\/wp-content\/uploads\/2015\/02\/rossi1.jpg?resize=350%2C200","width":350,"height":200,"srcset":"https:\/\/i0.wp.com\/www.24baires.com\/wp-content\/uploads\/2015\/02\/rossi1.jpg?resize=350%2C200 1x, https:\/\/i0.wp.com\/www.24baires.com\/wp-content\/uploads\/2015\/02\/rossi1.jpg?resize=525%2C300 1.5x"},"classes":[]},{"id":84019,"url":"http:\/\/www.24baires.com\/?p=84019","url_meta":{"origin":71460,"position":5},"title":"Rossi denunci\u00f3 que el gobierno de Macri esp\u00eda a ex funcionarios kirchneristas","author":"GB","date":"21\/06\/2016","format":false,"excerpt":"Fue durante la sesi\u00f3n del Parlasur donde intentaron expulsar a Jos\u00e9 L\u00f3pez. \"\u00bfSe est\u00e1 construyendo en Argentina una fuerza paraestatal como en los 70, comandado por dirigentes pol\u00edticos entre los que est\u00e1n Zuvic y Carri\u00f3, con apoyo de servicios de inteligencia?\", dispar\u00f3. El diputado del Parlasur Agust\u00edn Rossi (FPV) denunci\u00f3,\u2026","rel":"","context":"En \u00abPol\u00edtica\u00bb","block_context":{"text":"Pol\u00edtica","link":"http:\/\/www.24baires.com\/?cat=51"},"img":{"alt_text":"rossi","src":"https:\/\/i0.wp.com\/www.24baires.com\/wp-content\/uploads\/2015\/02\/rossi1.jpg?resize=350%2C200","width":350,"height":200,"srcset":"https:\/\/i0.wp.com\/www.24baires.com\/wp-content\/uploads\/2015\/02\/rossi1.jpg?resize=350%2C200 1x, https:\/\/i0.wp.com\/www.24baires.com\/wp-content\/uploads\/2015\/02\/rossi1.jpg?resize=525%2C300 1.5x"},"classes":[]}],"jetpack_sharing_enabled":true,"jetpack_likes_enabled":true,"jetpack_featured_media_url":"","_links":{"self":[{"href":"http:\/\/www.24baires.com\/index.php?rest_route=\/wp\/v2\/posts\/71460","targetHints":{"allow":["GET"]}}],"collection":[{"href":"http:\/\/www.24baires.com\/index.php?rest_route=\/wp\/v2\/posts"}],"about":[{"href":"http:\/\/www.24baires.com\/index.php?rest_route=\/wp\/v2\/types\/post"}],"author":[{"embeddable":true,"href":"http:\/\/www.24baires.com\/index.php?rest_route=\/wp\/v2\/users\/4"}],"replies":[{"embeddable":true,"href":"http:\/\/www.24baires.com\/index.php?rest_route=%2Fwp%2Fv2%2Fcomments&post=71460"}],"version-history":[{"count":1,"href":"http:\/\/www.24baires.com\/index.php?rest_route=\/wp\/v2\/posts\/71460\/revisions"}],"predecessor-version":[{"id":71462,"href":"http:\/\/www.24baires.com\/index.php?rest_route=\/wp\/v2\/posts\/71460\/revisions\/71462"}],"wp:attachment":[{"href":"http:\/\/www.24baires.com\/index.php?rest_route=%2Fwp%2Fv2%2Fmedia&parent=71460"}],"wp:term":[{"taxonomy":"category","embeddable":true,"href":"http:\/\/www.24baires.com\/index.php?rest_route=%2Fwp%2Fv2%2Fcategories&post=71460"},{"taxonomy":"post_tag","embeddable":true,"href":"http:\/\/www.24baires.com\/index.php?rest_route=%2Fwp%2Fv2%2Ftags&post=71460"}],"curies":[{"name":"wp","href":"https:\/\/api.w.org\/{rel}","templated":true}]}}