{"id":71443,"date":"2015-09-01T10:30:26","date_gmt":"2015-09-01T13:30:26","guid":{"rendered":"http:\/\/www.24baires.com\/?p=71443"},"modified":"2015-09-02T10:58:33","modified_gmt":"2015-09-02T13:58:33","slug":"cristina-no-va-a-permitir-que-le-roben-la-plata-a-los-argentinos-aseguro-anibal","status":"publish","type":"post","link":"http:\/\/www.24baires.com\/?p=71443","title":{"rendered":"\u00abCristina no va a permitir que le roben la plata a los argentinos\u00bb, asegur\u00f3 An\u00edbal"},"content":{"rendered":"<p><img data-recalc-dims=\"1\" loading=\"lazy\" decoding=\"async\" class=\"aligncenter size-full wp-image-63981\" src=\"https:\/\/i0.wp.com\/www.24baires.com\/wp-content\/uploads\/2015\/04\/anibal-conferencia.jpg?resize=560%2C379\" alt=\"anibal conferencia\" width=\"560\" height=\"379\" srcset=\"https:\/\/i0.wp.com\/www.24baires.com\/wp-content\/uploads\/2015\/04\/anibal-conferencia.jpg?w=560 560w, https:\/\/i0.wp.com\/www.24baires.com\/wp-content\/uploads\/2015\/04\/anibal-conferencia.jpg?resize=300%2C203 300w\" sizes=\"auto, (max-width: 560px) 100vw, 560px\" \/>El jefe de Gabinete celebr\u00f3 la decisi\u00f3n de la Corte de Apelaciones de Nueva York que rechaz\u00f3 el fallo de Griesa y advirti\u00f3 que el pa\u00eds tiene \u00abuna Presidenta con decisi\u00f3n clara y firme, como son los estadistas\u00bb.<!--more--><\/p>\n<p>An\u00edbal Fern\u00e1ndez destac\u00f3 la sentencia en contra del juez de Nueva York que posibilitaba a los fondos buitres avanzar con embargos contra el Banco Central, al tiempo que se\u00f1al\u00f3 que \u00abArgentina le paga a todo el mundo\u00bb.<\/p>\n<p>Asimismo, se\u00f1al\u00f3 la postura \u00abgenuflexa\u00bb ante los fondos buitre del candidato presidencial de Cambiemos, Mauricio Macri, y se\u00f1al\u00f3 que si se hubiera seguido esta posici\u00f3n estos fondos \u00abse hubiesen llevado todo lo de los argentinos\u00bb.<\/p>\n<p>En el mismo sentido agreg\u00f3 que si \u00ablos gestos genuflexos hubiesen prosperado\u00bb, aludiendo a los esbozados por el candidato presidencial de Cambiemos Macri, \u00abse hubiesen llevado todo lo de los argentinos. No se puede ser tan grosero de decir de pagar lo que (el juez Thomas) Griesa dice, porque hubieran destrozado al pa\u00eds sin ninguna necesidad\u00bb, puntualiz\u00f3 Fern\u00e1ndez.<\/p>\n<p>En di\u00e1logo con la prensa antes de ingresar a la Casa de Gobierno, el jefe de ministros se refiri\u00f3 de esta forma a la resoluci\u00f3n de la Corte de Nueva York, que fren\u00f3 un fallo de Griesa contra la Argentina.<\/p>\n<p>\u00abPara llevar adelante este tipo de negociaciones -agreg\u00f3 Fern\u00e1ndez- hay que tener estatura de estadista y saber exactamente lo que sucede como lo hace el Estado argentino y la presidenta de la Naci\u00f3n\u00bb.<\/p>\n<p>\u00abAnte muchas adversidades en esta problem\u00e1tica, nos encontramos con nuestra Presidenta de la Naci\u00f3n, con una decisi\u00f3n bien clara y firme como los estadistas, y nos asegura que no va a pagar permitiendo que le roben la plata a los argentinos\u00bb, remarc\u00f3.<\/p>\n<p>El ministro coordinador aprovech\u00f3 la conferencia de prensa para criticar la postura de Mauricio Macri sobre el pago a los fondos buitre: \u00abcomo siempre, en todos los temas aparecen cachivaches en estas cosas. Por ejemplo uno que dice que se sienta en el juzgado de Griesa y lo que dice Griesa se hace; f\u00edjense si ese gesto genuflexo hubiese prosperado, hoy hubiesen rifado todo lo de los argentinos, permiti\u00e9ndole a los acreedores llevarse lo que no les correspond\u00eda\u00bb.<\/p>\n<p>\u00ab\u00bfVieron que yo se los ven\u00eda diciendo? -advirti\u00f3 Fern\u00e1ndez-. \u00bfVieron que hay que ser serios en estas cosas? Hay que ser serios en la defensa de los intereses de los argentinos. \u00bfVieron que hay que tener el lomo curtido, saber poner el lomo para defender los intereses de todos los argentinos?. Intereses que nos pertenecen a todos, y esperar ser los suficientemente inteligentes y fuertes y consolidados para tomar decisiones con respeto, pero con fuerza y que no se puede ser tan grosero como para decir que van y se sientan en el despacho de Griesa y lo que \u00e9l ordena hacerlo y pagarlo\u00bb.<\/p>\n<p>Finalmente, el ministro coordinador asegur\u00f3 que si se hubiese hecho lo que dec\u00eda y aconsejaba Macri a trav\u00e9s de la prensa \u00abse destrozaba la Argentina sin ninguna necesidad. Bueno, ac\u00e1 tienen los resultados de lo que nosotros hicimos, y les digo m\u00e1s: si no sabe de qu\u00e9 habla, que se calle. Si vos quer\u00e9s ser Presidente de la Naci\u00f3n y no sab\u00e9s de qu\u00e9 est\u00e1n hablando, no te metas, por favor. Quedate en tu casa, hac\u00e9 de presidente de Boca. Hac\u00e9 lo que vos quieras, pero no te metas a opinar como lo hace Macri de cualquier cosa porque no sabe, no sabe\u00bb.<\/p>\n","protected":false},"excerpt":{"rendered":"<p>El jefe de Gabinete celebr\u00f3 la decisi\u00f3n de la Corte de Apelaciones de Nueva York que rechaz\u00f3 el fallo de Griesa y advirti\u00f3 que el pa\u00eds tiene \u00abuna Presidenta con decisi\u00f3n clara y firme, como son los estadistas\u00bb.<\/p>\n","protected":false},"author":4,"featured_media":0,"comment_status":"open","ping_status":"open","sticky":false,"template":"","format":"standard","meta":{"_jetpack_newsletter_access":"","_jetpack_dont_email_post_to_subs":false,"_jetpack_newsletter_tier_id":0,"_jetpack_memberships_contains_paywalled_content":false,"_jetpack_memberships_contains_paid_content":false,"footnotes":""},"categories":[51],"tags":[],"class_list":["post-71443","post","type-post","status-publish","format-standard","hentry","category-politica"],"jetpack_shortlink":"https:\/\/wp.me\/p2JWE0-iAj","jetpack-related-posts":[{"id":120450,"url":"http:\/\/www.24baires.com\/?p=120450","url_meta":{"origin":71443,"position":0},"title":"Kicillof afirma que Argentina tiene \u00abaltas chances\u00bb de evitar una sentencia firme en su contra","author":"AF","date":"09\/09\/2023","format":false,"excerpt":"Asimismo, el gobernador indic\u00f3 que \"ante los nuevos milagros\" que proponen los candidatos de la oposici\u00f3n, UxP tiene \"la obligaci\u00f3n de explicarlos para la vida cotidiana\". \"Han encontrado un nuevo lenguaje para camuflar viejas y fracasadas recetas\", sostuvo. El gobernador bonaerense, Axel Kicillof, afirm\u00f3 que la Argentina \"tiene altas chances\"\u2026","rel":"","context":"En \u00abPol\u00edtica\u00bb","block_context":{"text":"Pol\u00edtica","link":"http:\/\/www.24baires.com\/?cat=51"},"img":{"alt_text":"","src":"https:\/\/i0.wp.com\/www.24baires.com\/wp-content\/uploads\/2023\/08\/kici.webp?resize=350%2C200","width":350,"height":200,"srcset":"https:\/\/i0.wp.com\/www.24baires.com\/wp-content\/uploads\/2023\/08\/kici.webp?resize=350%2C200 1x, https:\/\/i0.wp.com\/www.24baires.com\/wp-content\/uploads\/2023\/08\/kici.webp?resize=525%2C300 1.5x, https:\/\/i0.wp.com\/www.24baires.com\/wp-content\/uploads\/2023\/08\/kici.webp?resize=700%2C400 2x"},"classes":[]},{"id":71689,"url":"http:\/\/www.24baires.com\/?p=71689","url_meta":{"origin":71443,"position":1},"title":"\u00abMacri quiere gobernar para unos pocos\u00bb","author":"AF","date":"05\/09\/2015","format":false,"excerpt":"El gobernador bonaerense y candidato presidencial por el FpV habl\u00f3 al cerrar en Mar del Plata el encuentro provincial del PJ bonaerense. Advirti\u00f3 que Macri \"quiere tomar el camino de pol\u00edticas de falso atajo como la devaluaci\u00f3n para gobernar para pocos\". \"En un contexto de incertidumbre global hay que fortalecer\u2026","rel":"","context":"En \u00abPol\u00edtica\u00bb","block_context":{"text":"Pol\u00edtica","link":"http:\/\/www.24baires.com\/?cat=51"},"img":{"alt_text":"scioli cierre campa\u00f1a","src":"https:\/\/i0.wp.com\/www.24baires.com\/wp-content\/uploads\/2015\/08\/scioli-cierre-campa%C3%B1a.jpg?resize=350%2C200","width":350,"height":200,"srcset":"https:\/\/i0.wp.com\/www.24baires.com\/wp-content\/uploads\/2015\/08\/scioli-cierre-campa%C3%B1a.jpg?resize=350%2C200 1x, https:\/\/i0.wp.com\/www.24baires.com\/wp-content\/uploads\/2015\/08\/scioli-cierre-campa%C3%B1a.jpg?resize=525%2C300 1.5x"},"classes":[]},{"id":120623,"url":"http:\/\/www.24baires.com\/?p=120623","url_meta":{"origin":71443,"position":2},"title":"Tienen mi respaldo para salir a la calle y defender la vida de los argentinos\u00bb, le dijo Massa a la Federal","author":"GB","date":"06\/11\/2023","format":false,"excerpt":"Con cr\u00edticas a la justicia, el ministro y candidato presidencial de Uni\u00f3n por la Patria, Sergio Massa, particip\u00f3 de un acto en la Escuela de Cadetes 'Comisario General Juan \u00c1ngel Pirker'. El ministro de Econom\u00eda de la Naci\u00f3n y candidato presidencial, Sergio Massa, manifest\u00f3 este s\u00e1bado su \"respaldo\" a la\u2026","rel":"","context":"En \u00abPol\u00edtica\u00bb","block_context":{"text":"Pol\u00edtica","link":"http:\/\/www.24baires.com\/?cat=51"},"img":{"alt_text":"","src":"https:\/\/i0.wp.com\/www.24baires.com\/wp-content\/uploads\/2023\/11\/massa-policia.jpeg?resize=350%2C200","width":350,"height":200,"srcset":"https:\/\/i0.wp.com\/www.24baires.com\/wp-content\/uploads\/2023\/11\/massa-policia.jpeg?resize=350%2C200 1x, https:\/\/i0.wp.com\/www.24baires.com\/wp-content\/uploads\/2023\/11\/massa-policia.jpeg?resize=525%2C300 1.5x, https:\/\/i0.wp.com\/www.24baires.com\/wp-content\/uploads\/2023\/11\/massa-policia.jpeg?resize=700%2C400 2x"},"classes":[]},{"id":112269,"url":"http:\/\/www.24baires.com\/?p=112269","url_meta":{"origin":71443,"position":3},"title":"Alberto Fern\u00e1ndez: \u00abMacri todos los d\u00edas puede hacer las cosas peor de lo que las ha hecho\u00bb","author":"GB","date":"27\/09\/2019","format":false,"excerpt":"El precandidato presidencial del Frente de Todos se\u00f1al\u00f3 que el mandatario tiene una \"incapacidad de gesti\u00f3n incre\u00edble\". Alberto Fern\u00e1ndez volvi\u00f3 a criticar este viernes el acuerdo con el Fondo Monetario Internacional (FMI) e insisti\u00f3 en que Mauricio Macri dejar\u00e1 el peor escenario posible. En di\u00e1logo con Radio 10, el precandidato\u2026","rel":"","context":"En \u00abPol\u00edtica\u00bb","block_context":{"text":"Pol\u00edtica","link":"http:\/\/www.24baires.com\/?cat=51"},"img":{"alt_text":"","src":"","width":0,"height":0},"classes":[]},{"id":59534,"url":"http:\/\/www.24baires.com\/?p=59534","url_meta":{"origin":71443,"position":4},"title":"Kicillof advirti\u00f3 sobre un ataque de los fondos buitre a la regi\u00f3n","author":"AF","date":"04\/01\/2015","format":false,"excerpt":"El ministro hizo esta referencia al relacionar la demanda que recibi\u00f3 la petrolera brasile\u00f1a Petrobras de parte del fondo buitre Aurelius, con la pol\u00edtica ejecutada por el mismo grupo especulativo contra Argentina. El ministro de Econom\u00eda, Axel Kicillof, advirti\u00f3 sobre \u201cuna estrategia m\u00e1s generalizada que est\u00e1 utilizando la cuesti\u00f3n financiera\u2026","rel":"","context":"En \u00abEconom\u00eda\u00bb","block_context":{"text":"Econom\u00eda","link":"http:\/\/www.24baires.com\/?cat=45"},"img":{"alt_text":"axelkicillof","src":"https:\/\/i0.wp.com\/www.24baires.com\/wp-content\/uploads\/2014\/01\/axelkicillof.jpg?resize=350%2C200","width":350,"height":200,"srcset":"https:\/\/i0.wp.com\/www.24baires.com\/wp-content\/uploads\/2014\/01\/axelkicillof.jpg?resize=350%2C200 1x, https:\/\/i0.wp.com\/www.24baires.com\/wp-content\/uploads\/2014\/01\/axelkicillof.jpg?resize=525%2C300 1.5x"},"classes":[]},{"id":77560,"url":"http:\/\/www.24baires.com\/?p=77560","url_meta":{"origin":71443,"position":5},"title":"\u00abNo arreglar con los fondos buitre ha sido tremendamente caro para Argentina\u00bb","author":"GB","date":"13\/01\/2016","format":false,"excerpt":"El ministro de Hacienda y Finanzas, Alfonso Prat Gay se refiri\u00f3 a la falta de un acuerdo con los fondos buitre, pero se\u00f1al\u00f3 que no hay que esperar que de la reuni\u00f3n que se lleva adelante en Nueva York se arregle el pleito de manera inmediata. El ministro de Hacienda\u2026","rel":"","context":"En \u00abEconom\u00eda\u00bb","block_context":{"text":"Econom\u00eda","link":"http:\/\/www.24baires.com\/?cat=45"},"img":{"alt_text":"prat gay","src":"https:\/\/i0.wp.com\/www.24baires.com\/wp-content\/uploads\/2015\/12\/prat-gay.jpg?resize=350%2C200","width":350,"height":200,"srcset":"https:\/\/i0.wp.com\/www.24baires.com\/wp-content\/uploads\/2015\/12\/prat-gay.jpg?resize=350%2C200 1x, https:\/\/i0.wp.com\/www.24baires.com\/wp-content\/uploads\/2015\/12\/prat-gay.jpg?resize=525%2C300 1.5x"},"classes":[]}],"jetpack_sharing_enabled":true,"jetpack_likes_enabled":true,"jetpack_featured_media_url":"","_links":{"self":[{"href":"http:\/\/www.24baires.com\/index.php?rest_route=\/wp\/v2\/posts\/71443","targetHints":{"allow":["GET"]}}],"collection":[{"href":"http:\/\/www.24baires.com\/index.php?rest_route=\/wp\/v2\/posts"}],"about":[{"href":"http:\/\/www.24baires.com\/index.php?rest_route=\/wp\/v2\/types\/post"}],"author":[{"embeddable":true,"href":"http:\/\/www.24baires.com\/index.php?rest_route=\/wp\/v2\/users\/4"}],"replies":[{"embeddable":true,"href":"http:\/\/www.24baires.com\/index.php?rest_route=%2Fwp%2Fv2%2Fcomments&post=71443"}],"version-history":[{"count":1,"href":"http:\/\/www.24baires.com\/index.php?rest_route=\/wp\/v2\/posts\/71443\/revisions"}],"predecessor-version":[{"id":71444,"href":"http:\/\/www.24baires.com\/index.php?rest_route=\/wp\/v2\/posts\/71443\/revisions\/71444"}],"wp:attachment":[{"href":"http:\/\/www.24baires.com\/index.php?rest_route=%2Fwp%2Fv2%2Fmedia&parent=71443"}],"wp:term":[{"taxonomy":"category","embeddable":true,"href":"http:\/\/www.24baires.com\/index.php?rest_route=%2Fwp%2Fv2%2Fcategories&post=71443"},{"taxonomy":"post_tag","embeddable":true,"href":"http:\/\/www.24baires.com\/index.php?rest_route=%2Fwp%2Fv2%2Ftags&post=71443"}],"curies":[{"name":"wp","href":"https:\/\/api.w.org\/{rel}","templated":true}]}}