{"id":71381,"date":"2015-08-31T10:30:22","date_gmt":"2015-08-31T13:30:22","guid":{"rendered":"http:\/\/www.24baires.com\/?p=71381"},"modified":"2015-08-31T10:09:58","modified_gmt":"2015-08-31T13:09:58","slug":"macri-esta-tratando-de-deslegitimizar-la-eleccion-porque-no-tiene-otra-forma-de-ganarla","status":"publish","type":"post","link":"http:\/\/www.24baires.com\/?p=71381","title":{"rendered":"\u00abMacri est\u00e1 tratando de deslegitimizar la elecci\u00f3n porque no tiene otra forma de ganarla\u201d"},"content":{"rendered":"<p><img data-recalc-dims=\"1\" loading=\"lazy\" decoding=\"async\" class=\"aligncenter size-full wp-image-63981\" src=\"https:\/\/i0.wp.com\/www.24baires.com\/wp-content\/uploads\/2015\/04\/anibal-conferencia.jpg?resize=560%2C379\" alt=\"anibal conferencia\" width=\"560\" height=\"379\" srcset=\"https:\/\/i0.wp.com\/www.24baires.com\/wp-content\/uploads\/2015\/04\/anibal-conferencia.jpg?w=560 560w, https:\/\/i0.wp.com\/www.24baires.com\/wp-content\/uploads\/2015\/04\/anibal-conferencia.jpg?resize=300%2C203 300w\" sizes=\"auto, (max-width: 560px) 100vw, 560px\" \/>El jefe de Gabinete se refiri\u00f3 a las denuncias de la oposici\u00f3n sobre los comicios en Tucum\u00e1n y asegur\u00f3 que \u201cMacri es el campe\u00f3n mundial de las campa\u00f1as sucias\u201d.<!--more--><\/p>\n<p>En ese sentido, Fern\u00e1ndez record\u00f3 que \u201chasta en Salta critic\u00f3 la elecci\u00f3n y denunci\u00f3 fraude cuando se hizo con boleta eletro\u00f3nica\u201d.<\/p>\n<p>\u201cEst\u00e1 tratando de desligitimar porque no tiene otra forma de hacerlo, porque cre\u00eda que iba a ganar en todas las provincias y no gan\u00f3 en ninguna\u201d.<\/p>\n<p>Ante una consulta al ingresar esta ma\u00f1ana a Casa de Gobierno, el funcionario nacional sum\u00f3 al asesor macrista, el ecuatoriano Jaime Dur\u00e1n Barba, como otro de los responsables de haber instalado el clima de supuesto fraude en las elecciones desarrolladas en el curso del a\u00f1o.<\/p>\n<p>Preguntado por las denuncias tras las elecciones en Salta, Santa Fe y Tucum\u00e1n, donde el PRO y los aliados afirmaron que hab\u00eda habido fraude, Fern\u00e1ndez respondi\u00f3 con que \u00aben todos estos lugares hicieron\u00bb campa\u00f1a para afirmar que hubo fraude, sin que lo consiguieran demostrar.<\/p>\n<p>&nbsp;<\/p>\n<p>&nbsp;<\/p>\n<p>&nbsp;<\/p>\n<p>&nbsp;<\/p>\n<p>&nbsp;<\/p>\n","protected":false},"excerpt":{"rendered":"<p>El jefe de Gabinete se refiri\u00f3 a las denuncias de la oposici\u00f3n sobre los comicios en Tucum\u00e1n y asegur\u00f3 que \u201cMacri es el campe\u00f3n mundial de las campa\u00f1as sucias\u201d.<\/p>\n","protected":false},"author":8,"featured_media":0,"comment_status":"open","ping_status":"open","sticky":false,"template":"","format":"standard","meta":{"_jetpack_newsletter_access":"","_jetpack_dont_email_post_to_subs":false,"_jetpack_newsletter_tier_id":0,"_jetpack_memberships_contains_paywalled_content":false,"_jetpack_memberships_contains_paid_content":false,"footnotes":""},"categories":[51],"tags":[],"class_list":["post-71381","post","type-post","status-publish","format-standard","hentry","category-politica"],"jetpack_shortlink":"https:\/\/wp.me\/p2JWE0-izj","jetpack-related-posts":[{"id":112828,"url":"http:\/\/www.24baires.com\/?p=112828","url_meta":{"origin":71381,"position":0},"title":"Escrutinio definitivo: el Frente de Todos estir\u00f3 su ventaja sobre Juntos por el Cambio","author":"AF","date":"01\/11\/2019","format":false,"excerpt":"La dupla Fern\u00e1ndez-Fern\u00e1ndez obtuvo 74.097 votos m\u00e1s, mientras que la f\u00f3rmula Macri-Pichetto tuvo una ca\u00edda de 0,10 por ciento. los apoderados del FdT ampliaron su denuncia sobre irregularidades en el conteo realizado en siete consulados. Ya hay datos del escrutinio definitivo. Por ahora corresponden a las provincias de Santa Fe,\u2026","rel":"","context":"En \u00abELECCIONES 2019\u00bb","block_context":{"text":"ELECCIONES 2019","link":"http:\/\/www.24baires.com\/?cat=329"},"img":{"alt_text":"","src":"https:\/\/i0.wp.com\/www.24baires.com\/wp-content\/uploads\/2019\/11\/escrutinio-20foto-20na.jpg?resize=350%2C200","width":350,"height":200,"srcset":"https:\/\/i0.wp.com\/www.24baires.com\/wp-content\/uploads\/2019\/11\/escrutinio-20foto-20na.jpg?resize=350%2C200 1x, https:\/\/i0.wp.com\/www.24baires.com\/wp-content\/uploads\/2019\/11\/escrutinio-20foto-20na.jpg?resize=525%2C300 1.5x"},"classes":[]},{"id":71125,"url":"http:\/\/www.24baires.com\/?p=71125","url_meta":{"origin":71381,"position":1},"title":"Cano ratific\u00f3 la denuncia por fraude, pero reconoce una posible derrota","author":"AF","date":"25\/08\/2015","format":false,"excerpt":"Jos\u00e9 Cano, el candidato a gobernador de Tucum\u00e1n por Acuerdo por el Bicentenario en las elecciones del domingo pasado, admiti\u00f3 hoy como \"probable\" un triunfo de Juan Manzur (FpV) a la gobernaci\u00f3n de Tucum\u00e1n, luego de realizarse el escrutinio definitivo de votos, en el cual espera recuperar \"muchos votos\". \"Es\u2026","rel":"","context":"En \u00abElecciones 2015\u00bb","block_context":{"text":"Elecciones 2015","link":"http:\/\/www.24baires.com\/?cat=74"},"img":{"alt_text":"","src":"https:\/\/i0.wp.com\/www.24baires.com\/wp-content\/uploads\/2015\/08\/jos%C3%A9-cano-tucum%C3%A1n.jpg?resize=350%2C200","width":350,"height":200,"srcset":"https:\/\/i0.wp.com\/www.24baires.com\/wp-content\/uploads\/2015\/08\/jos%C3%A9-cano-tucum%C3%A1n.jpg?resize=350%2C200 1x, https:\/\/i0.wp.com\/www.24baires.com\/wp-content\/uploads\/2015\/08\/jos%C3%A9-cano-tucum%C3%A1n.jpg?resize=525%2C300 1.5x"},"classes":[]},{"id":111732,"url":"http:\/\/www.24baires.com\/?p=111732","url_meta":{"origin":71381,"position":2},"title":"El caso por fraude y negocios de Macri incompatibles con los peajes","author":"AF","date":"21\/08\/2019","format":false,"excerpt":"Mientras se demora el avance de la causa que involucra al Presidente, en el juzgado sostienen que las concesiones van a caer si se comprueban las irregularidades. Fraude al Estado y negocios incompatibles con la funci\u00f3n p\u00fablica. Estos son hasta el momento los delitos que investiga el juez Rodolfo Canicoba\u2026","rel":"","context":"En \u00abPol\u00edtica\u00bb","block_context":{"text":"Pol\u00edtica","link":"http:\/\/www.24baires.com\/?cat=51"},"img":{"alt_text":"","src":"https:\/\/i0.wp.com\/www.24baires.com\/wp-content\/uploads\/2019\/08\/peaje.jpg?resize=350%2C200","width":350,"height":200,"srcset":"https:\/\/i0.wp.com\/www.24baires.com\/wp-content\/uploads\/2019\/08\/peaje.jpg?resize=350%2C200 1x, https:\/\/i0.wp.com\/www.24baires.com\/wp-content\/uploads\/2019\/08\/peaje.jpg?resize=525%2C300 1.5x"},"classes":[]},{"id":112986,"url":"http:\/\/www.24baires.com\/?p=112986","url_meta":{"origin":71381,"position":3},"title":"Evo Morales avis\u00f3 que est\u00e1 dispuesto a volver a Bolivia si el pueblo se lo pide","author":"AF","date":"13\/11\/2019","format":false,"excerpt":"El ex presidente de Bolivia se defendi\u00f3 de las acusaciones de fraude en las elecciones del 20 de octubre y le pidi\u00f3 a las Fuerzas Armadas que paren con los ataques al pueblo. El ex presidente de Bolivia Evo Morales afirm\u00f3 este mi\u00e9rcoles, 24 horas despu\u00e9s de llegar asilado a\u2026","rel":"","context":"En \u00abInternacionales\u00bb","block_context":{"text":"Internacionales","link":"http:\/\/www.24baires.com\/?cat=73"},"img":{"alt_text":"","src":"https:\/\/i0.wp.com\/www.24baires.com\/wp-content\/uploads\/2019\/11\/evo-morales.jpg?resize=350%2C200","width":350,"height":200,"srcset":"https:\/\/i0.wp.com\/www.24baires.com\/wp-content\/uploads\/2019\/11\/evo-morales.jpg?resize=350%2C200 1x, https:\/\/i0.wp.com\/www.24baires.com\/wp-content\/uploads\/2019\/11\/evo-morales.jpg?resize=525%2C300 1.5x"},"classes":[]},{"id":71103,"url":"http:\/\/www.24baires.com\/?p=71103","url_meta":{"origin":71381,"position":4},"title":"An\u00edbal: \u00abEn Tucum\u00e1n se busca deslegitimar las elecciones\u00bb","author":"AF","date":"25\/08\/2015","format":false,"excerpt":"El jefe de Gabinete tambi\u00e9n se manifest\u00f3 \"en contra de la represi\u00f3n\" registrada en la capital provincial en el marco de una marcha opositora para denunciar un supuesto fraude en los comicios en los que result\u00f3 ganador el candidato a gobernador del FpV, Juan Manzur. \"Estoy en contra de la\u2026","rel":"","context":"En \u00abPol\u00edtica\u00bb","block_context":{"text":"Pol\u00edtica","link":"http:\/\/www.24baires.com\/?cat=51"},"img":{"alt_text":"an\u00edbal cierre","src":"https:\/\/i0.wp.com\/www.24baires.com\/wp-content\/uploads\/2015\/08\/an%C3%ADbal-cierre.jpg?resize=350%2C200","width":350,"height":200,"srcset":"https:\/\/i0.wp.com\/www.24baires.com\/wp-content\/uploads\/2015\/08\/an%C3%ADbal-cierre.jpg?resize=350%2C200 1x, https:\/\/i0.wp.com\/www.24baires.com\/wp-content\/uploads\/2015\/08\/an%C3%ADbal-cierre.jpg?resize=525%2C300 1.5x"},"classes":[]},{"id":71163,"url":"http:\/\/www.24baires.com\/?p=71163","url_meta":{"origin":71381,"position":5},"title":"An\u00edbal Fern\u00e1ndez: \u201cAsusta que la oposici\u00f3n pida la nulidad de las elecciones\u201d","author":"AF","date":"26\/08\/2015","format":false,"excerpt":"El jefe de Gabinete se refiri\u00f3 esta ma\u00f1ana al pedido opositor respecto a los comicios en Tucum\u00e1n y ratific\u00f3 que \"no hubo indicios de fraude\", en sinton\u00eda con lo expresado por la Junta Electoral. Fern\u00e1ndez afirm\u00f3 que la elecci\u00f3n \u201cest\u00e1 hecha y no se va a hacer de vuelta\", al\u2026","rel":"","context":"En \u00abPol\u00edtica\u00bb","block_context":{"text":"Pol\u00edtica","link":"http:\/\/www.24baires.com\/?cat=51"},"img":{"alt_text":"anibal conferencia","src":"https:\/\/i0.wp.com\/www.24baires.com\/wp-content\/uploads\/2015\/04\/anibal-conferencia.jpg?resize=350%2C200","width":350,"height":200,"srcset":"https:\/\/i0.wp.com\/www.24baires.com\/wp-content\/uploads\/2015\/04\/anibal-conferencia.jpg?resize=350%2C200 1x, https:\/\/i0.wp.com\/www.24baires.com\/wp-content\/uploads\/2015\/04\/anibal-conferencia.jpg?resize=525%2C300 1.5x"},"classes":[]}],"jetpack_sharing_enabled":true,"jetpack_likes_enabled":true,"jetpack_featured_media_url":"","_links":{"self":[{"href":"http:\/\/www.24baires.com\/index.php?rest_route=\/wp\/v2\/posts\/71381","targetHints":{"allow":["GET"]}}],"collection":[{"href":"http:\/\/www.24baires.com\/index.php?rest_route=\/wp\/v2\/posts"}],"about":[{"href":"http:\/\/www.24baires.com\/index.php?rest_route=\/wp\/v2\/types\/post"}],"author":[{"embeddable":true,"href":"http:\/\/www.24baires.com\/index.php?rest_route=\/wp\/v2\/users\/8"}],"replies":[{"embeddable":true,"href":"http:\/\/www.24baires.com\/index.php?rest_route=%2Fwp%2Fv2%2Fcomments&post=71381"}],"version-history":[{"count":1,"href":"http:\/\/www.24baires.com\/index.php?rest_route=\/wp\/v2\/posts\/71381\/revisions"}],"predecessor-version":[{"id":71382,"href":"http:\/\/www.24baires.com\/index.php?rest_route=\/wp\/v2\/posts\/71381\/revisions\/71382"}],"wp:attachment":[{"href":"http:\/\/www.24baires.com\/index.php?rest_route=%2Fwp%2Fv2%2Fmedia&parent=71381"}],"wp:term":[{"taxonomy":"category","embeddable":true,"href":"http:\/\/www.24baires.com\/index.php?rest_route=%2Fwp%2Fv2%2Fcategories&post=71381"},{"taxonomy":"post_tag","embeddable":true,"href":"http:\/\/www.24baires.com\/index.php?rest_route=%2Fwp%2Fv2%2Ftags&post=71381"}],"curies":[{"name":"wp","href":"https:\/\/api.w.org\/{rel}","templated":true}]}}