{"id":71364,"date":"2015-08-30T12:26:13","date_gmt":"2015-08-30T15:26:13","guid":{"rendered":"http:\/\/www.24baires.com\/?p=71364"},"modified":"2015-08-31T09:41:49","modified_gmt":"2015-08-31T12:41:49","slug":"scioli-acuso-a-macri-de-querer-sembrar-violencia-y-panico","status":"publish","type":"post","link":"http:\/\/www.24baires.com\/?p=71364","title":{"rendered":"Scioli acus\u00f3 a Macri de \u201cquerer sembrar violencia y p\u00e1nico\u201d"},"content":{"rendered":"<p><img data-recalc-dims=\"1\" loading=\"lazy\" decoding=\"async\" class=\"alignright size-full wp-image-70306\" src=\"https:\/\/i0.wp.com\/www.24baires.com\/wp-content\/uploads\/2015\/08\/bunker-scioli.jpg?resize=320%2C214\" alt=\"bunker scioli\" width=\"320\" height=\"214\" srcset=\"https:\/\/i0.wp.com\/www.24baires.com\/wp-content\/uploads\/2015\/08\/bunker-scioli.jpg?w=320 320w, https:\/\/i0.wp.com\/www.24baires.com\/wp-content\/uploads\/2015\/08\/bunker-scioli.jpg?resize=300%2C201 300w\" sizes=\"auto, (max-width: 320px) 100vw, 320px\" \/>El gobernador y candidato a presidente por el FpV le respondi\u00f3 al jefe de Gobierno porte\u00f1o por sus dichos contra la vuelta del p\u00fablico visitante a los estadios de f\u00fatbol.<!--more--><\/p>\n<p>El gobernador bonaerense y candidato a presidente por el Frente para la Victoria (FpV), Daniel Scioli, le respondi\u00f3 al jefe de Gobierno porte\u00f1o, Mauricio Macri, sus dichos contra la vuelta del p\u00fablico visitante a los estadios de f\u00fatbol y lo acus\u00f3 al l\u00edder del PRO de \u201cquerer sembrar violencia y p\u00e1nico diciendo que va a pasar algo si vuelven los visitantes a las canchas\u201d.<\/p>\n<p>Tras conocerse la iniciativa del gobierno bonaerense de permitir el ingreso del p\u00fablico visitante en la Provincia en un \u00fanico partido por fecha de Primera Divisi\u00f3n y donde haya Polic\u00eda local, Macri apunt\u00f3 contra Scioli al se\u00f1alar que la decisi\u00f3n fue adoptada \u201cdesde el punto de vista electoral\u201d, lo que fue rechazado por el candidato a presidente oficialista al manifestar que \u201clo planificamos con responsabilidad, no por contexto electoral\u201d.<\/p>\n<p>En ese sentido, agreg\u00f3: \u201cEl regreso de p\u00fablico visitante gradualmente nosotros lo planificamos con responsabilidad y no por contexto electoral, sino porque egresaron 18 mil polic\u00edas que nos permite reforzar la prevenci\u00f3n y destinar algunos de ellos para espect\u00e1culos deportivos\u201d.<\/p>\n<p>Durante una recorrida por el festival RockeaBA en el predio ferial Tecn\u00f3polis en la localidad de Villa Marteli, el gobernador bonaerense asegur\u00f3 que \u201cla decisi\u00f3n que tomamos estaba prevista desde principio de a\u00f1o\u201d.<\/p>\n<p>Acompa\u00f1ado por el vicegobernador Gabriel Mariotto y al titular de ANSES, Diego Bossio y el automovilista Marcos Di Palma, Scioli fustig\u00f3 al macrismo y al resto de la oposici\u00f3n al manifestar que \u201cellos est\u00e1n tomando la peor actitud, ya que en lugar de colaborar, confrontan\u201d, seg\u00fan un comunicado de prensa.<\/p>\n<p>El candidato a presidente por el FpV concluy\u00f3: \u201cLe guste o no le guste, le duela o no, le d\u00e9 bronca o no, \u00e9l (Macri) piensa que cuanto peor le va a la gente, mejor le va a ir a \u00e9l (Macri); y yo pienso que cuanto mejor le va a la gente, es mejor para la Argentina\u201d.<\/p>\n<p>Por la ma\u00f1ana, en declaraciones radicales, el candidato a presidente por la alianza Cambiemos, Mauricio Macri, critic\u00f3 el regreso de los hinchas visitantes a los estadios de f\u00fatbol y desafi\u00f3: \u201cVamos a ver c\u00f3mo les sale\u00bb.<\/p>\n<p>El ex presidente de Boca Juniors advirti\u00f3 que \u00absi (la decisi\u00f3n) es por pol\u00edtica, para mostrar maquillaje y quieren que vuelvan, ser\u00e1n responsables ellos (el Gobierno) de c\u00f3mo funcionen las cosas\u00bb.<\/p>\n<p>&nbsp;<\/p>\n<p>&nbsp;<\/p>\n<p>&nbsp;<\/p>\n<p>&nbsp;<\/p>\n<p>&nbsp;<\/p>\n<p>&nbsp;<\/p>\n<p>&nbsp;<\/p>\n<p>&nbsp;<\/p>\n<p>&nbsp;<\/p>\n<p>&nbsp;<\/p>\n","protected":false},"excerpt":{"rendered":"<p>El gobernador y candidato a presidente por el FpV le respondi\u00f3 al jefe de Gobierno porte\u00f1o por sus dichos contra la vuelta del p\u00fablico visitante a los estadios de f\u00fatbol.<\/p>\n","protected":false},"author":8,"featured_media":0,"comment_status":"open","ping_status":"open","sticky":false,"template":"","format":"standard","meta":{"_jetpack_newsletter_access":"","_jetpack_dont_email_post_to_subs":false,"_jetpack_newsletter_tier_id":0,"_jetpack_memberships_contains_paywalled_content":false,"_jetpack_memberships_contains_paid_content":false,"footnotes":""},"categories":[51],"tags":[],"class_list":["post-71364","post","type-post","status-publish","format-standard","hentry","category-politica"],"jetpack_shortlink":"https:\/\/wp.me\/p2JWE0-iz2","jetpack-related-posts":[{"id":74160,"url":"http:\/\/www.24baires.com\/?p=74160","url_meta":{"origin":71364,"position":0},"title":"Habr\u00e1 balotaje entre Scioli y Macri","author":"AF","date":"26\/10\/2015","format":false,"excerpt":"Con el 97,12 por ciento de las mesas escrutadas, Scioli se impon\u00eda en la elecci\u00f3n presidencial, con 8.995.699 sufragios que equivalen al 36,86 por ciento; mientras Macri lograba 8.378.671 votos que representan el 34,33 por ciento, por lo que deber\u00e1n volver a enfrentarse en una segunda vuelta el 22 de\u2026","rel":"","context":"En \u00abElecciones 2015\u00bb","block_context":{"text":"Elecciones 2015","link":"http:\/\/www.24baires.com\/?cat=74"},"img":{"alt_text":"scioli macri","src":"https:\/\/i0.wp.com\/www.24baires.com\/wp-content\/uploads\/2014\/02\/scioli-macri.jpg?resize=350%2C200","width":350,"height":200,"srcset":"https:\/\/i0.wp.com\/www.24baires.com\/wp-content\/uploads\/2014\/02\/scioli-macri.jpg?resize=350%2C200 1x, https:\/\/i0.wp.com\/www.24baires.com\/wp-content\/uploads\/2014\/02\/scioli-macri.jpg?resize=525%2C300 1.5x"},"classes":[]},{"id":72472,"url":"http:\/\/www.24baires.com\/?p=72472","url_meta":{"origin":71364,"position":1},"title":"An\u00edbal Fern\u00e1ndez, enfocado en consolidar la candidatura de Scioli","author":"AF","date":"22\/09\/2015","format":false,"excerpt":"El jefe de Gabinete rechaz\u00f3 adem\u00e1s las denuncias sobre un supuesto pacto entre el gobernador bonaerense y su contrincante de UNA, Sergio Massa, para perjudicar al postulante presidencial de Cambiemos, Mauricio Macri, de cara a las elecciones de octubre. Para el jefe de ministros, \"lo que tiene que hacer Scioli\u2026","rel":"","context":"En \u00abElecciones 2015\u00bb","block_context":{"text":"Elecciones 2015","link":"http:\/\/www.24baires.com\/?cat=74"},"img":{"alt_text":"an\u00edbal cierre","src":"https:\/\/i0.wp.com\/www.24baires.com\/wp-content\/uploads\/2015\/08\/an%C3%ADbal-cierre.jpg?resize=350%2C200","width":350,"height":200,"srcset":"https:\/\/i0.wp.com\/www.24baires.com\/wp-content\/uploads\/2015\/08\/an%C3%ADbal-cierre.jpg?resize=350%2C200 1x, https:\/\/i0.wp.com\/www.24baires.com\/wp-content\/uploads\/2015\/08\/an%C3%ADbal-cierre.jpg?resize=525%2C300 1.5x"},"classes":[]},{"id":64836,"url":"http:\/\/www.24baires.com\/?p=64836","url_meta":{"origin":71364,"position":2},"title":"El massista Joaqu\u00edn de la Torre opin\u00f3 sobre el FpV y elogi\u00f3 a Randazzo","author":"GB","date":"24\/04\/2015","format":false,"excerpt":"SAN MIGUEL-El jefe comunal de San Miguel, Joaqu\u00edn de la Torre, elogi\u00f3 al ministro del Interior y Transporte y acus\u00f3 al gobernador bonaerense, Daniel Scioli, y al jefe de Gobierno porte\u00f1o, Mauricio Macri, de tener \u201cuna estrategia al presentarse como los \u00fanicos candidatos\u201d. De la Torre, uno de los intendentes\u2026","rel":"","context":"En \u00abElecciones 2015\u00bb","block_context":{"text":"Elecciones 2015","link":"http:\/\/www.24baires.com\/?cat=74"},"img":{"alt_text":"","src":"","width":0,"height":0},"classes":[]},{"id":63538,"url":"http:\/\/www.24baires.com\/?p=63538","url_meta":{"origin":71364,"position":3},"title":"Hebe quiere a Cristina como gobernadora porque \u00abla Provincia est\u00e1 hecha moco\u00bb","author":"GB","date":"24\/03\/2015","format":false,"excerpt":"La titular de la asociaci\u00f3n Madres de Plaza de Mayo acus\u00f3 a Scioli de haber apoyado la \u00faltima dictadura. La titular de la asociaci\u00f3n Madres de Plaza de Mayo, Hebe de Bonafini, acus\u00f3 este martes al gobernador bonaerense, Daniel Scioli, de apoyar la \u00faltima dictadura y pidi\u00f3 que la presidenta\u2026","rel":"","context":"En \u00abPol\u00edtica\u00bb","block_context":{"text":"Pol\u00edtica","link":"http:\/\/www.24baires.com\/?cat=51"},"img":{"alt_text":"hebe-de-bonafini","src":"https:\/\/i0.wp.com\/www.24baires.com\/wp-content\/uploads\/2014\/01\/hebe-de-bonafini.jpg?resize=350%2C200","width":350,"height":200,"srcset":"https:\/\/i0.wp.com\/www.24baires.com\/wp-content\/uploads\/2014\/01\/hebe-de-bonafini.jpg?resize=350%2C200 1x, https:\/\/i0.wp.com\/www.24baires.com\/wp-content\/uploads\/2014\/01\/hebe-de-bonafini.jpg?resize=525%2C300 1.5x"},"classes":[]},{"id":65289,"url":"http:\/\/www.24baires.com\/?p=65289","url_meta":{"origin":71364,"position":4},"title":"\u00abNo tengo dudas de que Scioli va a ser el presidente\u00bb","author":"AF","date":"04\/05\/2015","format":false,"excerpt":"El secretario de Seguridad de la Naci\u00f3n, Sergio Berni, confi\u00f3 hoy en el triunfo de Daniel Scioli en las elecciones presidenciales de octubre, como el candidato del Frente para la Victoria (FpV), y consider\u00f3 a Sergio Massa, del Frente Renovador, un \"kirchnerista despechado\" y a Macri el reeditor \"de la\u2026","rel":"","context":"En \u00abElecciones 2015\u00bb","block_context":{"text":"Elecciones 2015","link":"http:\/\/www.24baires.com\/?cat=74"},"img":{"alt_text":"","src":"https:\/\/i0.wp.com\/www.24baires.com\/wp-content\/uploads\/2015\/05\/berni-scioli.jpg?resize=350%2C200","width":350,"height":200,"srcset":"https:\/\/i0.wp.com\/www.24baires.com\/wp-content\/uploads\/2015\/05\/berni-scioli.jpg?resize=350%2C200 1x, https:\/\/i0.wp.com\/www.24baires.com\/wp-content\/uploads\/2015\/05\/berni-scioli.jpg?resize=525%2C300 1.5x"},"classes":[]},{"id":71501,"url":"http:\/\/www.24baires.com\/?p=71501","url_meta":{"origin":71364,"position":5},"title":"Intendentes advierten sobre la gobernabilidad si gana Macri","author":"GB","date":"01\/09\/2015","format":false,"excerpt":"Intendentes peronistas bonaerenses reafirmaron su apoyo a la candidatura presidencial oficialista y adem\u00e1s advirtieron sobre la gobernabilidad de los municipios y el futuro econ\u00f3mico y social en el Conurbano, en el eventual caso de que el l\u00edder del PRO Mauricio Macri fuera el pr\u00f3ximo presidente argentino. Tras el encuentro realizado\u2026","rel":"","context":"En \u00abPol\u00edtica\u00bb","block_context":{"text":"Pol\u00edtica","link":"http:\/\/www.24baires.com\/?cat=51"},"img":{"alt_text":"","src":"","width":0,"height":0},"classes":[]}],"jetpack_sharing_enabled":true,"jetpack_likes_enabled":true,"jetpack_featured_media_url":"","_links":{"self":[{"href":"http:\/\/www.24baires.com\/index.php?rest_route=\/wp\/v2\/posts\/71364","targetHints":{"allow":["GET"]}}],"collection":[{"href":"http:\/\/www.24baires.com\/index.php?rest_route=\/wp\/v2\/posts"}],"about":[{"href":"http:\/\/www.24baires.com\/index.php?rest_route=\/wp\/v2\/types\/post"}],"author":[{"embeddable":true,"href":"http:\/\/www.24baires.com\/index.php?rest_route=\/wp\/v2\/users\/8"}],"replies":[{"embeddable":true,"href":"http:\/\/www.24baires.com\/index.php?rest_route=%2Fwp%2Fv2%2Fcomments&post=71364"}],"version-history":[{"count":1,"href":"http:\/\/www.24baires.com\/index.php?rest_route=\/wp\/v2\/posts\/71364\/revisions"}],"predecessor-version":[{"id":71365,"href":"http:\/\/www.24baires.com\/index.php?rest_route=\/wp\/v2\/posts\/71364\/revisions\/71365"}],"wp:attachment":[{"href":"http:\/\/www.24baires.com\/index.php?rest_route=%2Fwp%2Fv2%2Fmedia&parent=71364"}],"wp:term":[{"taxonomy":"category","embeddable":true,"href":"http:\/\/www.24baires.com\/index.php?rest_route=%2Fwp%2Fv2%2Fcategories&post=71364"},{"taxonomy":"post_tag","embeddable":true,"href":"http:\/\/www.24baires.com\/index.php?rest_route=%2Fwp%2Fv2%2Ftags&post=71364"}],"curies":[{"name":"wp","href":"https:\/\/api.w.org\/{rel}","templated":true}]}}