{"id":71348,"date":"2015-08-29T17:00:43","date_gmt":"2015-08-29T20:00:43","guid":{"rendered":"http:\/\/www.24baires.com\/?p=71348"},"modified":"2015-08-29T20:31:12","modified_gmt":"2015-08-29T23:31:12","slug":"macri-asegura-que-scioli-se-ha-kirchnerizado-100","status":"publish","type":"post","link":"http:\/\/www.24baires.com\/?p=71348","title":{"rendered":"Macri asegura que \u00abScioli se ha kirchnerizado 100%\u00bb"},"content":{"rendered":"<p><img data-recalc-dims=\"1\" loading=\"lazy\" decoding=\"async\" class=\"aligncenter size-full wp-image-53420\" src=\"https:\/\/i0.wp.com\/www.24baires.com\/wp-content\/uploads\/2014\/09\/macri-41.jpg?resize=560%2C282\" alt=\"macri 4\" width=\"560\" height=\"282\" srcset=\"https:\/\/i0.wp.com\/www.24baires.com\/wp-content\/uploads\/2014\/09\/macri-41.jpg?w=560 560w, https:\/\/i0.wp.com\/www.24baires.com\/wp-content\/uploads\/2014\/09\/macri-41.jpg?resize=300%2C151 300w\" sizes=\"auto, (max-width: 560px) 100vw, 560px\" \/>El candidato presidencial de Cambiemos insisti\u00f3 adem\u00e1s en criticar el sistema de votaci\u00f3n argentino y volvi\u00f3 a evitar pronunciarse sobre una eventual alianza electoral con el titular del Frente Renovador (FR).<!--more--><\/p>\n<p>\u00abScioli se ha kirchnerizado 100 por 100\u00bb, afirm\u00f3 el Jefe de Gobierno porte\u00f1o en declaraciones a Radio Mitre cuando le preguntaron sobre su relaci\u00f3n con el gobernador de la Provincia de Buenos Aires.<\/p>\n<p>Tambi\u00e9n volvi\u00f3 a cargar contra el sistema de votaci\u00f3n al insistir en que \u00abes arcaico y tramposo\u00bb, y en que \u00abhay preocupaci\u00f3n\u00bb respecto de las elecciones presidenciales del 25 de octubre.<\/p>\n<p>\u00abEso representa la trampa, el robo de la boleta\u00bb, argument\u00f3; y cuando le preguntaron si &#8216;hay tiempo para adecuarse a nuevas tecnolog\u00edas&#8217;, dijo: \u00absi el oficialismo no acompa\u00f1a, olvid\u00e9moslo\u00bb.<\/p>\n<p>\u00abSi ellos no deciden, a trav\u00e9s de Di Tullio&#8230; creo que se llama, establecer mejorar al sistema, nada va a mejorar\u00bb, afirm\u00f3 en referencia al director nacional electoral, Alejandro Tullio.<\/p>\n<p>Por otra parte, cuando le preguntaron sobre una eventual alianza con el candidato presidencial de UNA, Sergio Massa, tras la mesa opositora que compartieron esta semana, Macri respondi\u00f3 que \u00ablo mejor de la conferencia fueron las declaraciones de Margarita Stolbitzer\u00bb, y afirm\u00f3 -en el encuentro sostenido con la prensa- que los opositores estaban \u00abcomprometidos a encontrar coincidencias en temas espec\u00edficos\u00bb.<\/p>\n<p>\u00abEn esa mesa ha habido un enorme consenso en relaci\u00f3n a eso\u00bb, concluy\u00f3 el titular del PRO.<\/p>\n","protected":false},"excerpt":{"rendered":"<p>El candidato presidencial de Cambiemos insisti\u00f3 adem\u00e1s en criticar el sistema de votaci\u00f3n argentino y volvi\u00f3 a evitar pronunciarse sobre una eventual alianza electoral con el titular del Frente Renovador (FR).<\/p>\n","protected":false},"author":4,"featured_media":0,"comment_status":"open","ping_status":"open","sticky":false,"template":"","format":"standard","meta":{"_jetpack_newsletter_access":"","_jetpack_dont_email_post_to_subs":false,"_jetpack_newsletter_tier_id":0,"_jetpack_memberships_contains_paywalled_content":false,"_jetpack_memberships_contains_paid_content":false,"footnotes":""},"categories":[51],"tags":[],"class_list":["post-71348","post","type-post","status-publish","format-standard","hentry","category-politica"],"jetpack_shortlink":"https:\/\/wp.me\/p2JWE0-iyM","jetpack-related-posts":[{"id":108387,"url":"http:\/\/www.24baires.com\/?p=108387","url_meta":{"origin":71348,"position":0},"title":"Scioli ratific\u00f3 su candidatura presidencial","author":"GB","date":"25\/05\/2019","format":false,"excerpt":"El exgobernador de la Provincia de Buenos Aires particip\u00f3 del Congreso Educativo de Ajedrez que se realiz\u00f3 en la ciudad balnearia y manifest\u00f3 sus deseos de ser el primer mandatario del pa\u00eds despu\u00e9s del 10 de diciembre, sin embargo aclar\u00f3: \u201cVer\u00e9 como peronista en qu\u00e9 lugar puedo hacer mi mayor\u2026","rel":"","context":"En \u00abPol\u00edtica\u00bb","block_context":{"text":"Pol\u00edtica","link":"http:\/\/www.24baires.com\/?cat=51"},"img":{"alt_text":"","src":"https:\/\/i0.wp.com\/www.24baires.com\/wp-content\/uploads\/2019\/05\/scioli-mar-del.jpg?resize=350%2C200","width":350,"height":200,"srcset":"https:\/\/i0.wp.com\/www.24baires.com\/wp-content\/uploads\/2019\/05\/scioli-mar-del.jpg?resize=350%2C200 1x, https:\/\/i0.wp.com\/www.24baires.com\/wp-content\/uploads\/2019\/05\/scioli-mar-del.jpg?resize=525%2C300 1.5x"},"classes":[]},{"id":101122,"url":"http:\/\/www.24baires.com\/?p=101122","url_meta":{"origin":71348,"position":1},"title":"Indagar\u00e1n a Scioli por irregularidades en la construcci\u00f3n de las UPA 24","author":"AF","date":"17\/03\/2018","format":false,"excerpt":"El ex gobernador Daniel Scioli y quien fuera su ministro de Salud, Alejandro Collia, fueron imputados y citados a prestar declaraci\u00f3n indagatoria en el marco de una causa que investiga presuntas irregularidades en la adjudicaci\u00f3n de ocho Unidades de Pronta Atenci\u00f3n (UPA 24) para las que se destinaron m\u00e1s de\u2026","rel":"","context":"En \u00abJUDICIALES\u00bb","block_context":{"text":"JUDICIALES","link":"http:\/\/www.24baires.com\/?cat=68"},"img":{"alt_text":"","src":"https:\/\/i0.wp.com\/www.24baires.com\/wp-content\/uploads\/2014\/05\/Daniel-Scioli.jpg?resize=350%2C200","width":350,"height":200,"srcset":"https:\/\/i0.wp.com\/www.24baires.com\/wp-content\/uploads\/2014\/05\/Daniel-Scioli.jpg?resize=350%2C200 1x, https:\/\/i0.wp.com\/www.24baires.com\/wp-content\/uploads\/2014\/05\/Daniel-Scioli.jpg?resize=525%2C300 1.5x"},"classes":[]},{"id":120226,"url":"http:\/\/www.24baires.com\/?p=120226","url_meta":{"origin":71348,"position":2},"title":"Cristina recibi\u00f3 a Scioli: \u201cA seguir trabajando, que es lo que hay que hacer\u201d","author":"AF","date":"28\/06\/2023","format":false,"excerpt":"\"Hablamos mucho, con sinceridad y con el respeto de siempre. Me transmiti\u00f3 que su vocaci\u00f3n es ayudar y colaborar como un compa\u00f1ero m\u00e1s\", asegur\u00f3 a trav\u00e9s de las redes sociales la Vicepresidenta sobre el encuentro. La Vicepresidenta Cristina Fern\u00e1ndez de Kirchner public\u00f3 en redes sociales una foto con el embajador\u2026","rel":"","context":"En \u00abPol\u00edtica\u00bb","block_context":{"text":"Pol\u00edtica","link":"http:\/\/www.24baires.com\/?cat=51"},"img":{"alt_text":"","src":"https:\/\/i0.wp.com\/www.24baires.com\/wp-content\/uploads\/2023\/06\/WhatsApp-Image-2023-06-28-at-23.30.42.jpeg?resize=350%2C200","width":350,"height":200,"srcset":"https:\/\/i0.wp.com\/www.24baires.com\/wp-content\/uploads\/2023\/06\/WhatsApp-Image-2023-06-28-at-23.30.42.jpeg?resize=350%2C200 1x, https:\/\/i0.wp.com\/www.24baires.com\/wp-content\/uploads\/2023\/06\/WhatsApp-Image-2023-06-28-at-23.30.42.jpeg?resize=525%2C300 1.5x, https:\/\/i0.wp.com\/www.24baires.com\/wp-content\/uploads\/2023\/06\/WhatsApp-Image-2023-06-28-at-23.30.42.jpeg?resize=700%2C400 2x"},"classes":[]},{"id":108334,"url":"http:\/\/www.24baires.com\/?p=108334","url_meta":{"origin":71348,"position":3},"title":"Lavagna: \u00abNi Cristina ni cambiemos\u00bb","author":"AF","date":"22\/05\/2019","format":false,"excerpt":"\"Recibimos a los radicales que no se sientan representados por el PRO\", sostuvo por C5N el candidato presidencial por Consenso 19, quien remarc\u00f3 que el kirchnerismo \"no puede recibir nada de nosotros\". El ex ministro de Econom\u00eda Roberto Lavagna ratific\u00f3 este mi\u00e9rcoles por la tarde su precandidatura presidencial por Consenso\u2026","rel":"","context":"En \u00abPol\u00edtica\u00bb","block_context":{"text":"Pol\u00edtica","link":"http:\/\/www.24baires.com\/?cat=51"},"img":{"alt_text":"","src":"https:\/\/i0.wp.com\/www.24baires.com\/wp-content\/uploads\/2013\/12\/lavagna-solo.jpg?resize=350%2C200","width":350,"height":200,"srcset":"https:\/\/i0.wp.com\/www.24baires.com\/wp-content\/uploads\/2013\/12\/lavagna-solo.jpg?resize=350%2C200 1x, https:\/\/i0.wp.com\/www.24baires.com\/wp-content\/uploads\/2013\/12\/lavagna-solo.jpg?resize=525%2C300 1.5x"},"classes":[]},{"id":75402,"url":"http:\/\/www.24baires.com\/?p=75402","url_meta":{"origin":71348,"position":4},"title":"Facebook volvi\u00f3 con su \u00abya vot\u00e9\u00bb","author":"GB","date":"22\/11\/2015","format":false,"excerpt":"Al igual que el 25 de octubre, los usuarios de Facebook encontrar\u00e1n este domingo sus muros con un bot\u00f3n \"meg\u00e1fono electoral\", a trav\u00e9s le cual podr\u00e1n consultar su lugar de votaci\u00f3n y avisar que ya emitieron su sufragio. Se trata de una novedosa herramienta que ya se ha utilizado en\u2026","rel":"","context":"En \u00abElecciones 2015\u00bb","block_context":{"text":"Elecciones 2015","link":"http:\/\/www.24baires.com\/?cat=74"},"img":{"alt_text":"facebook2","src":"https:\/\/i0.wp.com\/www.24baires.com\/wp-content\/uploads\/2015\/07\/facebook2.jpg?resize=350%2C200","width":350,"height":200},"classes":[]},{"id":51025,"url":"http:\/\/www.24baires.com\/?p=51025","url_meta":{"origin":71348,"position":5},"title":"An\u00edbal Fern\u00e1ndez conf\u00eda en que le ganar\u00e1 la interna a Randazzo y Scioli","author":"GB","date":"02\/08\/2014","format":false,"excerpt":"\"Si fuera elegido para la f\u00f3rmula del Frente para la Victoria no tenga ninguna duda que el presidente ser\u00e9 yo\", dijo y de ese modo manifest\u00f3 que, de ganar las primarias, ser\u00e1 capaz de derrotar a Massa y Macri. El senador kirchnerista An\u00edbal Fern\u00e1ndez confirm\u00f3 este s\u00e1bado que competir\u00e1 en\u2026","rel":"","context":"En \u00abLocales\u00bb","block_context":{"text":"Locales","link":"http:\/\/www.24baires.com\/?cat=38"},"img":{"alt_text":"fern\u00e1ndez an\u00edbal2","src":"https:\/\/i0.wp.com\/www.24baires.com\/wp-content\/uploads\/2012\/11\/fern%C3%A1ndez-an%C3%ADbal2.jpg?resize=350%2C200","width":350,"height":200,"srcset":"https:\/\/i0.wp.com\/www.24baires.com\/wp-content\/uploads\/2012\/11\/fern%C3%A1ndez-an%C3%ADbal2.jpg?resize=350%2C200 1x, https:\/\/i0.wp.com\/www.24baires.com\/wp-content\/uploads\/2012\/11\/fern%C3%A1ndez-an%C3%ADbal2.jpg?resize=525%2C300 1.5x"},"classes":[]}],"jetpack_sharing_enabled":true,"jetpack_likes_enabled":true,"jetpack_featured_media_url":"","_links":{"self":[{"href":"http:\/\/www.24baires.com\/index.php?rest_route=\/wp\/v2\/posts\/71348","targetHints":{"allow":["GET"]}}],"collection":[{"href":"http:\/\/www.24baires.com\/index.php?rest_route=\/wp\/v2\/posts"}],"about":[{"href":"http:\/\/www.24baires.com\/index.php?rest_route=\/wp\/v2\/types\/post"}],"author":[{"embeddable":true,"href":"http:\/\/www.24baires.com\/index.php?rest_route=\/wp\/v2\/users\/4"}],"replies":[{"embeddable":true,"href":"http:\/\/www.24baires.com\/index.php?rest_route=%2Fwp%2Fv2%2Fcomments&post=71348"}],"version-history":[{"count":1,"href":"http:\/\/www.24baires.com\/index.php?rest_route=\/wp\/v2\/posts\/71348\/revisions"}],"predecessor-version":[{"id":71349,"href":"http:\/\/www.24baires.com\/index.php?rest_route=\/wp\/v2\/posts\/71348\/revisions\/71349"}],"wp:attachment":[{"href":"http:\/\/www.24baires.com\/index.php?rest_route=%2Fwp%2Fv2%2Fmedia&parent=71348"}],"wp:term":[{"taxonomy":"category","embeddable":true,"href":"http:\/\/www.24baires.com\/index.php?rest_route=%2Fwp%2Fv2%2Fcategories&post=71348"},{"taxonomy":"post_tag","embeddable":true,"href":"http:\/\/www.24baires.com\/index.php?rest_route=%2Fwp%2Fv2%2Ftags&post=71348"}],"curies":[{"name":"wp","href":"https:\/\/api.w.org\/{rel}","templated":true}]}}