{"id":71333,"date":"2015-08-28T21:35:15","date_gmt":"2015-08-29T00:35:15","guid":{"rendered":"http:\/\/www.24baires.com\/?p=71333"},"modified":"2015-08-28T20:36:16","modified_gmt":"2015-08-28T23:36:16","slug":"la-quita-de-subsidios-al-gas-es-tal-cual-se-anuncio-en-2014","status":"publish","type":"post","link":"http:\/\/www.24baires.com\/?p=71333","title":{"rendered":"\u00abLa quita de subsidios al gas es tal cual se anunci\u00f3 en 2014\u00bb"},"content":{"rendered":"<p><img data-recalc-dims=\"1\" loading=\"lazy\" decoding=\"async\" class=\"size-full wp-image-57877\" src=\"https:\/\/i0.wp.com\/www.24baires.com\/wp-content\/uploads\/2014\/11\/de-vido.jpg?resize=560%2C336\" alt=\"De Vido neg\u00f3 que haya crisis energ\u00e9tica en Argentina.\" width=\"560\" height=\"336\" srcset=\"https:\/\/i0.wp.com\/www.24baires.com\/wp-content\/uploads\/2014\/11\/de-vido.jpg?w=560 560w, https:\/\/i0.wp.com\/www.24baires.com\/wp-content\/uploads\/2014\/11\/de-vido.jpg?resize=300%2C180 300w\" sizes=\"auto, (max-width: 560px) 100vw, 560px\" \/><\/p>\n<p>As\u00ed lo asever\u00f3 el ministro de Planificaci\u00f3n Federal, Julio De Vido, quien asegur\u00f3 que no se ha producido \u00abninguna modificaci\u00f3n a las reglas tarifarias\u201d.<!--more--><\/p>\n<p>De esta manera el ministro se refiri\u00f3 a un art\u00edculo publicado en el diario El Cronista, titulado \u201cPor el cambio de reglas tarifarias de 2014, hay facturas con subas que llegan hasta el 700 %\u201d.<\/p>\n<p>\u201cEs sorprendente el gataflorismo de ese diario en relaci\u00f3n a la pol\u00edtica de subsidios a la energ\u00eda, que pasa de recurrir a t\u00edtulos cat\u00e1strofe sobre el supuesto impacto negativo que tienen en la econom\u00eda las tarifas populares de servicios p\u00fablicos a este festival de porcentajes\u201d, dijo el ministro al referirse al art\u00edculo.<\/p>\n<p>\u00abCon an\u00e1lisis de ignorancia insuperable y vergonzante pretenden inventar una noticia colocando como ejemplo un usuario de consumo domiciliario de 860 m3 bimestral. Este nivel de consumo es suntuario equivalente al de 1 garrafa por d\u00eda\u201d, explic\u00f3 De Vido.<\/p>\n<p>Adem\u00e1s, destac\u00f3 que \u201cLos servicios p\u00fablicos del sector energ\u00e9tico en la Argentina tienen los costos m\u00e1s competitivos de la regi\u00f3n y las tarifas reflejan costos argentinos que permitieron ganar una fenomenal competitividad al poder adquisitivo de los salarios y un crecimiento industrial hist\u00f3rico\u201d.<\/p>\n<p>&nbsp;<\/p>\n<p>&nbsp;<\/p>\n<p>&nbsp;<\/p>\n<p>&nbsp;<\/p>\n<p>&nbsp;<\/p>\n<p>&nbsp;<\/p>\n<p>&nbsp;<\/p>\n<p>&nbsp;<\/p>\n<p>&nbsp;<\/p>\n<p>&nbsp;<\/p>\n<p>&nbsp;<\/p>\n<p>&nbsp;<\/p>\n<p>&nbsp;<\/p>\n<p>&nbsp;<\/p>\n<p>&nbsp;<\/p>\n<p>&nbsp;<\/p>\n<p>&nbsp;<\/p>\n<p>&nbsp;<\/p>\n","protected":false},"excerpt":{"rendered":"<p>As\u00ed lo asever\u00f3 el ministro de Planificaci\u00f3n Federal, Julio De Vido, quien asegur\u00f3 que no se ha producido \u00abninguna modificaci\u00f3n a las reglas tarifarias\u201d.<\/p>\n","protected":false},"author":8,"featured_media":0,"comment_status":"open","ping_status":"open","sticky":false,"template":"","format":"standard","meta":{"_jetpack_newsletter_access":"","_jetpack_dont_email_post_to_subs":false,"_jetpack_newsletter_tier_id":0,"_jetpack_memberships_contains_paywalled_content":false,"_jetpack_memberships_contains_paid_content":false,"footnotes":""},"categories":[51],"tags":[],"class_list":["post-71333","post","type-post","status-publish","format-standard","hentry","category-politica"],"jetpack_shortlink":"https:\/\/wp.me\/p2JWE0-iyx","jetpack-related-posts":[{"id":101726,"url":"http:\/\/www.24baires.com\/?p=101726","url_meta":{"origin":71333,"position":0},"title":"Frigerio sostuvo que los aumentos continuar\u00edan durante \u00abcuatro o cinco\u00bb a\u00f1os m\u00e1s","author":"AF","date":"20\/04\/2018","format":false,"excerpt":"El ministro del Interior sostuvo que los subsidios a los servicios p\u00fablicos son una forma de \u201cmentirle a la gente\" y pronostic\u00f3 un camino \"gradual\" de aumentos por cuatro o cinco a\u00f1os. \u201cLas tarifas y los servicios b\u00e1sicos tienen un costo y ese costo por supuesto que hay que pagarlo\",\u2026","rel":"","context":"En \u00abSociedad\u00bb","block_context":{"text":"Sociedad","link":"http:\/\/www.24baires.com\/?cat=1"},"img":{"alt_text":"","src":"https:\/\/i0.wp.com\/www.24baires.com\/wp-content\/uploads\/2016\/10\/rogelio-frigerio.jpg?resize=350%2C200","width":350,"height":200,"srcset":"https:\/\/i0.wp.com\/www.24baires.com\/wp-content\/uploads\/2016\/10\/rogelio-frigerio.jpg?resize=350%2C200 1x, https:\/\/i0.wp.com\/www.24baires.com\/wp-content\/uploads\/2016\/10\/rogelio-frigerio.jpg?resize=525%2C300 1.5x"},"classes":[]},{"id":44579,"url":"http:\/\/www.24baires.com\/?p=44579","url_meta":{"origin":71333,"position":1},"title":"De Vido sostuvo que los an\u00e1lisis de La Naci\u00f3n son \u00abtendenciosos\u00bb e \u00abinconsistentes","author":"GB","date":"23\/04\/2014","format":false,"excerpt":"El ministro de Planificaci\u00f3n Federal lo asegur\u00f3 al salir al cruce de un art\u00edculo publicado en el matutino porte\u00f1o con el t\u00edtulo \"Por el tarifazo, los mayores consumos pagar\u00e1n el gas m\u00e1s caro en d\u00f3lares que en 2001\". Al referirse a la nota, el ministro dijo que es correcto lo\u2026","rel":"","context":"En \u00abPol\u00edtica\u00bb","block_context":{"text":"Pol\u00edtica","link":"http:\/\/www.24baires.com\/?cat=51"},"img":{"alt_text":"de vido2","src":"https:\/\/i0.wp.com\/www.24baires.com\/wp-content\/uploads\/2013\/12\/de-vido2-300x199.jpg?resize=350%2C200","width":350,"height":200},"classes":[]},{"id":86328,"url":"http:\/\/www.24baires.com\/?p=86328","url_meta":{"origin":71333,"position":2},"title":"Aranguren: \u00abTodo lo que hicimos fue legal y la Corte ser\u00e1 la que decida\u201d","author":"GB","date":"16\/08\/2016","format":false,"excerpt":"Lo manifest\u00f3 esta tarde al exponer ante un plenario de comisiones en Diputados. \u201cEn estos \u00faltimos 12 a\u00f1os Argentina pas\u00f3 de tener energ\u00eda abundante, nacional y barata a tener energ\u00eda escasa, importada y cara\u201d, advirti\u00f3. En la audiencia, que se estima que se extender\u00e1 por entre seis y ocho horas,\u2026","rel":"","context":"En \u00abPol\u00edtica\u00bb","block_context":{"text":"Pol\u00edtica","link":"http:\/\/www.24baires.com\/?cat=51"},"img":{"alt_text":"","src":"https:\/\/i0.wp.com\/www.24baires.com\/wp-content\/uploads\/2016\/08\/aranguren-diputados.jpg?resize=350%2C200","width":350,"height":200,"srcset":"https:\/\/i0.wp.com\/www.24baires.com\/wp-content\/uploads\/2016\/08\/aranguren-diputados.jpg?resize=350%2C200 1x, https:\/\/i0.wp.com\/www.24baires.com\/wp-content\/uploads\/2016\/08\/aranguren-diputados.jpg?resize=525%2C300 1.5x"},"classes":[]},{"id":78346,"url":"http:\/\/www.24baires.com\/?p=78346","url_meta":{"origin":71333,"position":3},"title":"\u00abLos subsidios al transporte van a continuar, pero vamos a ir modificando el modelo\u00bb","author":"GB","date":"30\/01\/2016","format":false,"excerpt":"El ministro de Transporte Guillermo Dietrich asegur\u00f3 que si bien los subsidios \"van a continuar\" en el corto plazo, el modelo \"se va a ir modificando\". El ministro de Transporte, Guillermo Dietrich, asegur\u00f3 que los subsidios en su \u00e1rea \"van a continuar\" en el corto plazo, aunque ratific\u00f3 que \"el\u2026","rel":"","context":"En \u00abEconom\u00eda\u00bb","block_context":{"text":"Econom\u00eda","link":"http:\/\/www.24baires.com\/?cat=45"},"img":{"alt_text":"","src":"","width":0,"height":0},"classes":[]},{"id":81979,"url":"http:\/\/www.24baires.com\/?p=81979","url_meta":{"origin":71333,"position":4},"title":"Planean extender la tarjeta Sube a todo el pa\u00eds","author":"AF","date":"27\/04\/2016","format":false,"excerpt":"Adem\u00e1s, hoy anunciaron el aumento de los subsidios al transporte p\u00fablico en el interior. El Gobierno anunci\u00f3 este martes que \"est\u00e1 trabajando\" para implementar el sistema de la tarjeta SUBE en todo el pa\u00eds, y comunic\u00f3 un incremento de los subsidios en las tarifas del transporte p\u00fablico del interior del\u2026","rel":"","context":"En \u00abSociedad\u00bb","block_context":{"text":"Sociedad","link":"http:\/\/www.24baires.com\/?cat=1"},"img":{"alt_text":"sube","src":"https:\/\/i0.wp.com\/www.24baires.com\/wp-content\/uploads\/2015\/07\/sube.jpg?resize=350%2C200","width":350,"height":200,"srcset":"https:\/\/i0.wp.com\/www.24baires.com\/wp-content\/uploads\/2015\/07\/sube.jpg?resize=350%2C200 1x, https:\/\/i0.wp.com\/www.24baires.com\/wp-content\/uploads\/2015\/07\/sube.jpg?resize=525%2C300 1.5x"},"classes":[]},{"id":106182,"url":"http:\/\/www.24baires.com\/?p=106182","url_meta":{"origin":71333,"position":5},"title":"Oficializaron el nuevo r\u00e9gimen de subsidios al transporte en la provincia","author":"GB","date":"03\/01\/2019","format":false,"excerpt":"El Gobierno bonaerense oficializ\u00f3 hoy el nuevo r\u00e9gimen de subsidios al transporte en la provincia, que dispone que Naci\u00f3n seguir\u00e1 estableciendo el valor del boleto y de la ayuda estatal de las l\u00edneas provinciales y nacionales, mientras que las municipales recibir\u00e1n los mismos montos que el a\u00f1o pasado, y los\u2026","rel":"","context":"En \u00abProvincia\u00bb","block_context":{"text":"Provincia","link":"http:\/\/www.24baires.com\/?cat=40"},"img":{"alt_text":"","src":"https:\/\/i0.wp.com\/www.24baires.com\/wp-content\/uploads\/2012\/12\/colectivo-tandil.jpg?resize=350%2C200","width":350,"height":200,"srcset":"https:\/\/i0.wp.com\/www.24baires.com\/wp-content\/uploads\/2012\/12\/colectivo-tandil.jpg?resize=350%2C200 1x, https:\/\/i0.wp.com\/www.24baires.com\/wp-content\/uploads\/2012\/12\/colectivo-tandil.jpg?resize=525%2C300 1.5x"},"classes":[]}],"jetpack_sharing_enabled":true,"jetpack_likes_enabled":true,"jetpack_featured_media_url":"","_links":{"self":[{"href":"http:\/\/www.24baires.com\/index.php?rest_route=\/wp\/v2\/posts\/71333","targetHints":{"allow":["GET"]}}],"collection":[{"href":"http:\/\/www.24baires.com\/index.php?rest_route=\/wp\/v2\/posts"}],"about":[{"href":"http:\/\/www.24baires.com\/index.php?rest_route=\/wp\/v2\/types\/post"}],"author":[{"embeddable":true,"href":"http:\/\/www.24baires.com\/index.php?rest_route=\/wp\/v2\/users\/8"}],"replies":[{"embeddable":true,"href":"http:\/\/www.24baires.com\/index.php?rest_route=%2Fwp%2Fv2%2Fcomments&post=71333"}],"version-history":[{"count":1,"href":"http:\/\/www.24baires.com\/index.php?rest_route=\/wp\/v2\/posts\/71333\/revisions"}],"predecessor-version":[{"id":71334,"href":"http:\/\/www.24baires.com\/index.php?rest_route=\/wp\/v2\/posts\/71333\/revisions\/71334"}],"wp:attachment":[{"href":"http:\/\/www.24baires.com\/index.php?rest_route=%2Fwp%2Fv2%2Fmedia&parent=71333"}],"wp:term":[{"taxonomy":"category","embeddable":true,"href":"http:\/\/www.24baires.com\/index.php?rest_route=%2Fwp%2Fv2%2Fcategories&post=71333"},{"taxonomy":"post_tag","embeddable":true,"href":"http:\/\/www.24baires.com\/index.php?rest_route=%2Fwp%2Fv2%2Ftags&post=71333"}],"curies":[{"name":"wp","href":"https:\/\/api.w.org\/{rel}","templated":true}]}}