{"id":71328,"date":"2015-08-28T20:50:31","date_gmt":"2015-08-28T23:50:31","guid":{"rendered":"http:\/\/www.24baires.com\/?p=71328"},"modified":"2015-08-28T20:24:20","modified_gmt":"2015-08-28T23:24:20","slug":"massa-propuso-bajar-la-edad-de-imputabilidad","status":"publish","type":"post","link":"http:\/\/www.24baires.com\/?p=71328","title":{"rendered":"Massa propuso bajar la edad de imputabilidad"},"content":{"rendered":"<p><img data-recalc-dims=\"1\" loading=\"lazy\" decoding=\"async\" class=\"aligncenter size-full wp-image-26900\" src=\"https:\/\/i0.wp.com\/www.24baires.com\/wp-content\/uploads\/2013\/06\/massa-otra.jpg?resize=560%2C320\" alt=\"massa otra\" width=\"560\" height=\"320\" srcset=\"https:\/\/i0.wp.com\/www.24baires.com\/wp-content\/uploads\/2013\/06\/massa-otra.jpg?w=560 560w, https:\/\/i0.wp.com\/www.24baires.com\/wp-content\/uploads\/2013\/06\/massa-otra.jpg?resize=300%2C171 300w\" sizes=\"auto, (max-width: 560px) 100vw, 560px\" \/>El candidato a presidente por el frente UNA dialog\u00f3 con adolescentes y j\u00f3venes en Lomas y afirm\u00f3 la \u00abfirme decisi\u00f3n de combatir la inseguridad con un modelo que establezca premios y castigos\u00bb.<!--more--><\/p>\n<p>El candidato a presidente por el frente Unidos por una Nueva Alternativa dialog\u00f3 con adolescentes y j\u00f3venes en Lomas de Zamora, en donde les present\u00f3 su propuesta de bajar la edad de imputabilidad a los 14 a\u00f1os y la creaci\u00f3n de un r\u00e9gimen penal juvenil, y afirm\u00f3 la \u00abfirme decisi\u00f3n de combatir la inseguridad con un modelo que establezca premios y castigos\u00bb.<\/p>\n<p>Massa visit\u00f3 la Biblioteca Popular Mentruyt y charl\u00f3 con j\u00f3venes de entre 14 y 18 a\u00f1os que le hicieron preguntas sobre sus propuestas, y afirm\u00f3 que \u00ablos chicos dicen que alguien que tiene 15 a\u00f1os puede perfectamente distinguir si matar est\u00e1 bien o est\u00e1 mal, con lo cual es absurda esa discusi\u00f3n que quieren plantear de acuerdo a si la edad de imputabilidad tiene que ser a los 16 o 14\u00bb.<\/p>\n<p>El candidato propuso \u00abponer en marcha un r\u00e9gimen penal juvenil\u00bb, y sostuvo: \u00abvivimos en un pa\u00eds donde a pesar de que necesitamos recuperar a los menores con conflicto con la ley, solamente reciben 3 horas por d\u00eda de educaci\u00f3n\u00bb, porque \u00abel actual sistema de menores s\u00f3lo tiene el 9% de sus empleados docentes, el resto es todo politiquer\u00eda\u00bb.<\/p>\n<p>&nbsp;<\/p>\n<p>&nbsp;<\/p>\n<p>&nbsp;<\/p>\n<p>&nbsp;<\/p>\n<p>&nbsp;<\/p>\n<p>&nbsp;<\/p>\n<p>&nbsp;<\/p>\n<p>&nbsp;<\/p>\n<p>&nbsp;<\/p>\n<p>&nbsp;<\/p>\n<p>&nbsp;<\/p>\n<p>&nbsp;<\/p>\n<p>&nbsp;<\/p>\n<p>&nbsp;<\/p>\n<p>&nbsp;<\/p>\n<p>&nbsp;<\/p>\n","protected":false},"excerpt":{"rendered":"<p>El candidato a presidente por el frente UNA dialog\u00f3 con adolescentes y j\u00f3venes en Lomas y afirm\u00f3 la \u00abfirme decisi\u00f3n de combatir la inseguridad con un modelo que establezca premios y castigos\u00bb.<\/p>\n","protected":false},"author":8,"featured_media":0,"comment_status":"open","ping_status":"open","sticky":false,"template":"","format":"standard","meta":{"_jetpack_newsletter_access":"","_jetpack_dont_email_post_to_subs":false,"_jetpack_newsletter_tier_id":0,"_jetpack_memberships_contains_paywalled_content":false,"_jetpack_memberships_contains_paid_content":false,"footnotes":""},"categories":[51],"tags":[],"class_list":["post-71328","post","type-post","status-publish","format-standard","hentry","category-politica"],"jetpack_shortlink":"https:\/\/wp.me\/p2JWE0-iys","jetpack-related-posts":[{"id":120867,"url":"http:\/\/www.24baires.com\/?p=120867","url_meta":{"origin":71328,"position":0},"title":"El Gobierno buscar\u00e1 reducir la edad de imputabilidad a 14 a\u00f1os sin importar el delito","author":"GB","date":"16\/01\/2024","format":false,"excerpt":"Mariano C\u00faneo Libarona apel\u00f3 a la vieja receta de bajar la edad de imputabilidad de los menores como \u00fanica respuesta para combatir la inseguridad. El ministerio de Justicia de la Naci\u00f3n, Mariano C\u00faneo Libarona, adelant\u00f3 el domingo que impulsar\u00e1 un proyecto para modificar la Ley de Imputabilidad vigente en la\u2026","rel":"","context":"En \u00abPol\u00edtica\u00bb","block_context":{"text":"Pol\u00edtica","link":"http:\/\/www.24baires.com\/?cat=51"},"img":{"alt_text":"","src":"https:\/\/i0.wp.com\/www.24baires.com\/wp-content\/uploads\/2024\/01\/cunea-libera.webp?resize=350%2C200","width":350,"height":200,"srcset":"https:\/\/i0.wp.com\/www.24baires.com\/wp-content\/uploads\/2024\/01\/cunea-libera.webp?resize=350%2C200 1x, https:\/\/i0.wp.com\/www.24baires.com\/wp-content\/uploads\/2024\/01\/cunea-libera.webp?resize=525%2C300 1.5x"},"classes":[]},{"id":71554,"url":"http:\/\/www.24baires.com\/?p=71554","url_meta":{"origin":71328,"position":1},"title":"Bolivia corrigi\u00f3 a Massa sobre la baja de la imputabilidad","author":"GB","date":"02\/09\/2015","format":false,"excerpt":"El candidato a Presidente del Frente Renovador, Sergio Massa, propuso que Argentina baje la edad de imputabilidad siguiendo el ejemplo de algunos pa\u00edses sudamericanos, entre ellos Bolivia, donde dijo que es de 12 a\u00f1os. Pero la realidad marca que la edad de imputabilidad es a los 14. Adem\u00e1s, el periodista\u2026","rel":"","context":"En \u00abPol\u00edtica\u00bb","block_context":{"text":"Pol\u00edtica","link":"http:\/\/www.24baires.com\/?cat=51"},"img":{"alt_text":"sergio massa","src":"https:\/\/i0.wp.com\/www.24baires.com\/wp-content\/uploads\/2015\/06\/sergio-massa.jpg?resize=350%2C200","width":350,"height":200,"srcset":"https:\/\/i0.wp.com\/www.24baires.com\/wp-content\/uploads\/2015\/06\/sergio-massa.jpg?resize=350%2C200 1x, https:\/\/i0.wp.com\/www.24baires.com\/wp-content\/uploads\/2015\/06\/sergio-massa.jpg?resize=525%2C300 1.5x"},"classes":[]},{"id":80530,"url":"http:\/\/www.24baires.com\/?p=80530","url_meta":{"origin":71328,"position":2},"title":"Desde el Frente Renovador piden debatir un nuevo C\u00f3digo Penal","author":"GB","date":"23\/03\/2016","format":false,"excerpt":"El vicepresidente del bloque de diputados nacionales del Frente Renovador, Alejandro Grandinetti, advirti\u00f3 a Info Regi\u00f3n la necesidad de \u201celaborar un nuevo C\u00f3digo Penitenciario\u201d y bajar la edad de imputabilidad. \u201cLa no imputabilidad no s\u00f3lo pone en riesgo al resto de la sociedad, sino tambi\u00e9n a los j\u00f3venes mismos\u201d, indic\u00f3.\u2026","rel":"","context":"En \u00abJUDICIALES\u00bb","block_context":{"text":"JUDICIALES","link":"http:\/\/www.24baires.com\/?cat=68"},"img":{"alt_text":"","src":"https:\/\/i0.wp.com\/www.24baires.com\/wp-content\/uploads\/2016\/03\/fr-1.jpg?resize=350%2C200","width":350,"height":200,"srcset":"https:\/\/i0.wp.com\/www.24baires.com\/wp-content\/uploads\/2016\/03\/fr-1.jpg?resize=350%2C200 1x, https:\/\/i0.wp.com\/www.24baires.com\/wp-content\/uploads\/2016\/03\/fr-1.jpg?resize=525%2C300 1.5x"},"classes":[]},{"id":120523,"url":"http:\/\/www.24baires.com\/?p=120523","url_meta":{"origin":71328,"position":3},"title":"Mart\u00edn Insaurralde renunci\u00f3 a su candidatura en Lomas de Zamora","author":"GB","date":"02\/10\/2023","format":false,"excerpt":"Lo hab\u00eda reclamado Sergio Massa anoche, al t\u00e9rmino del debate, y hoy se hizo realidad: Mart\u00edn Insaurralde no ser\u00e1 candidato en Lomas de Zamora. Mart\u00edn Insaurralde renunci\u00f3 esta ma\u00f1ana a su candidatura a primer concejal de Lomas de Zamora, en medio del esc\u00e1ndalo que gener\u00f3 la filtraci\u00f3n de fotos de\u2026","rel":"","context":"En \u00abElecciones\u00bb","block_context":{"text":"Elecciones","link":"http:\/\/www.24baires.com\/?cat=316"},"img":{"alt_text":"","src":"https:\/\/i0.wp.com\/www.24baires.com\/wp-content\/uploads\/2023\/10\/insaurraldejpg.jpg?resize=350%2C200","width":350,"height":200,"srcset":"https:\/\/i0.wp.com\/www.24baires.com\/wp-content\/uploads\/2023\/10\/insaurraldejpg.jpg?resize=350%2C200 1x, https:\/\/i0.wp.com\/www.24baires.com\/wp-content\/uploads\/2023\/10\/insaurraldejpg.jpg?resize=525%2C300 1.5x, https:\/\/i0.wp.com\/www.24baires.com\/wp-content\/uploads\/2023\/10\/insaurraldejpg.jpg?resize=700%2C400 2x"},"classes":[]},{"id":31477,"url":"http:\/\/www.24baires.com\/?p=31477","url_meta":{"origin":71328,"position":4},"title":"Massa: \u00abVamos a poner sobre la mesa a nuestros abuelos\u00bb","author":"Grupo Sierra","date":"07\/09\/2013","format":false,"excerpt":"MAR DEL PLATA.- El primer candidato a diputado nacional del Frente Renovador comparti\u00f3 un almuerzo con miles de jubilados en la ciudad de Mar del Plata. Acompa\u00f1ado por autoridades locales, Sergio Massa sostuvo: \u201c El respeto por el adulto mayor es una cuesti\u00f3n de valores. Vivimos en un pa\u00eds que\u2026","rel":"","context":"En \u00abPol\u00edtica\u00bb","block_context":{"text":"Pol\u00edtica","link":"http:\/\/www.24baires.com\/?cat=51"},"img":{"alt_text":"","src":"https:\/\/i0.wp.com\/www.24baires.com\/wp-content\/uploads\/2013\/09\/Massa-con-jubilados-en-Mar-del-Plata.jpg?resize=350%2C200","width":350,"height":200,"srcset":"https:\/\/i0.wp.com\/www.24baires.com\/wp-content\/uploads\/2013\/09\/Massa-con-jubilados-en-Mar-del-Plata.jpg?resize=350%2C200 1x, https:\/\/i0.wp.com\/www.24baires.com\/wp-content\/uploads\/2013\/09\/Massa-con-jubilados-en-Mar-del-Plata.jpg?resize=525%2C300 1.5x"},"classes":[]},{"id":27271,"url":"http:\/\/www.24baires.com\/?p=27271","url_meta":{"origin":71328,"position":5},"title":"Insaurralde sostuvo que \u201cla inseguridad no se puede resolver si no hay una justicia mejor\u201d","author":"Grupo Sierra","date":"30\/06\/2013","format":false,"excerpt":"El primer candidato a diputado nacional del Frente para la Victoria bonaerense, Mart\u00edn Insaurralde, manifest\u00f3 hoy que \"la inseguridad no se puede resolver si no hay una justicia mejor\" y agreg\u00f3 que esta campa\u00f1a espera \"tener un gran debate ideol\u00f3gico sobre la provincia de Buenos Aires que sue\u00f1a cada uno\"\u2026","rel":"","context":"En \u00abPol\u00edtica\u00bb","block_context":{"text":"Pol\u00edtica","link":"http:\/\/www.24baires.com\/?cat=51"},"img":{"alt_text":"","src":"https:\/\/i0.wp.com\/www.24baires.com\/wp-content\/uploads\/2013\/06\/insaurralde-otra.jpg?resize=350%2C200","width":350,"height":200,"srcset":"https:\/\/i0.wp.com\/www.24baires.com\/wp-content\/uploads\/2013\/06\/insaurralde-otra.jpg?resize=350%2C200 1x, https:\/\/i0.wp.com\/www.24baires.com\/wp-content\/uploads\/2013\/06\/insaurralde-otra.jpg?resize=525%2C300 1.5x"},"classes":[]}],"jetpack_sharing_enabled":true,"jetpack_likes_enabled":true,"jetpack_featured_media_url":"","_links":{"self":[{"href":"http:\/\/www.24baires.com\/index.php?rest_route=\/wp\/v2\/posts\/71328","targetHints":{"allow":["GET"]}}],"collection":[{"href":"http:\/\/www.24baires.com\/index.php?rest_route=\/wp\/v2\/posts"}],"about":[{"href":"http:\/\/www.24baires.com\/index.php?rest_route=\/wp\/v2\/types\/post"}],"author":[{"embeddable":true,"href":"http:\/\/www.24baires.com\/index.php?rest_route=\/wp\/v2\/users\/8"}],"replies":[{"embeddable":true,"href":"http:\/\/www.24baires.com\/index.php?rest_route=%2Fwp%2Fv2%2Fcomments&post=71328"}],"version-history":[{"count":1,"href":"http:\/\/www.24baires.com\/index.php?rest_route=\/wp\/v2\/posts\/71328\/revisions"}],"predecessor-version":[{"id":71330,"href":"http:\/\/www.24baires.com\/index.php?rest_route=\/wp\/v2\/posts\/71328\/revisions\/71330"}],"wp:attachment":[{"href":"http:\/\/www.24baires.com\/index.php?rest_route=%2Fwp%2Fv2%2Fmedia&parent=71328"}],"wp:term":[{"taxonomy":"category","embeddable":true,"href":"http:\/\/www.24baires.com\/index.php?rest_route=%2Fwp%2Fv2%2Fcategories&post=71328"},{"taxonomy":"post_tag","embeddable":true,"href":"http:\/\/www.24baires.com\/index.php?rest_route=%2Fwp%2Fv2%2Ftags&post=71328"}],"curies":[{"name":"wp","href":"https:\/\/api.w.org\/{rel}","templated":true}]}}