{"id":71283,"date":"2015-08-28T10:29:36","date_gmt":"2015-08-28T13:29:36","guid":{"rendered":"http:\/\/www.24baires.com\/?p=71283"},"modified":"2015-08-29T12:42:45","modified_gmt":"2015-08-29T15:42:45","slug":"anibal-massa-se-subordino-a-ser-furgon-de-cola-de-macri","status":"publish","type":"post","link":"http:\/\/www.24baires.com\/?p=71283","title":{"rendered":"An\u00edbal: \u201cMassa se subordin\u00f3 a ser furg\u00f3n de cola de Macri\u201d"},"content":{"rendered":"<p><img data-recalc-dims=\"1\" loading=\"lazy\" decoding=\"async\" class=\"aligncenter size-full wp-image-70083\" src=\"https:\/\/i0.wp.com\/www.24baires.com\/wp-content\/uploads\/2015\/08\/an%C3%ADbal-cierre.jpg?resize=560%2C370\" alt=\"an\u00edbal cierre\" width=\"560\" height=\"370\" srcset=\"https:\/\/i0.wp.com\/www.24baires.com\/wp-content\/uploads\/2015\/08\/an%C3%ADbal-cierre.jpg?w=560 560w, https:\/\/i0.wp.com\/www.24baires.com\/wp-content\/uploads\/2015\/08\/an%C3%ADbal-cierre.jpg?resize=300%2C198 300w\" sizes=\"auto, (max-width: 560px) 100vw, 560px\" \/>El jefe de Gabinete sostuvo que los dirigentes de la oposici\u00f3n que reclaman una reforma al sistema electoral esconden \u201cuna vocaci\u00f3n encubierta de hacer una alianza\u201d y que, en ese marco, \u00abhan ido todos como furg\u00f3n de cola de Macri\u201d.<!--more--><\/p>\n<p>Para el funcionario nacional, los pol\u00edticos de la oposici\u00f3n que quieren implementar la boleta \u00fanica en la pr\u00f3ximas elecciones de octubre \u201cson todos tributarios a ese pensamiento\u201d y \u201ctienen que hacerse un andamiaje de p\u00e9sima factura jur\u00eddica y de imposible cumplimiento\u201d.<br \/>\nEn ese marco, el jefe de ministros y candidato a gobernador bonaerense por el FpV puntualiz\u00f3 que el l\u00edder del Frente Renovador, Sergio Massa, pareciera dispuesto a \u00abentregar la posibilidad de su candidatura, ced\u00e9rsela a Macri, porque han ido todos como furg\u00f3n de cola de Macri\u201d.<\/p>\n<p>As\u00ed lo expres\u00f3 en su habitual encuentro con periodistas al ingresar a Casa de Gobierno, al ser consultado sobre el reclamo de la oposici\u00f3n para efectuar una reforma del sistema electoral.<\/p>\n<p>Fern\u00e1ndez subray\u00f3, adem\u00e1s, que la intenci\u00f3n de esos dirigentes es \u201cdarle la ventaja que puedan hacer una alianza que va contra natura y no tiene ning\u00fan sentido\u201d, al tiempo que indic\u00f3 que \u201cMassa se subordin\u00f3 a ser furg\u00f3n de cola del propio Macri\u201d.<\/p>\n<p>Se\u00f1al\u00f3 que esa es la vocaci\u00f3n encubierta de hacer una alianza que \u201cno hicieron cuando tuvieron los tiempos ordenados y conforme al C\u00f3digo Nacional Electoral, porque la boleta \u00fanica permitir\u00eda esta alianza desde el punto de vista f\u00e1ctico, en los hechos, pr\u00e1cticamente burlando la legislaci\u00f3n nacional\u201d.<\/p>\n<p>Asimismo, destac\u00f3 que \u201cno sucede en ning\u00fan lugar del mundo que uno cambie de un sistema electoral cuando ya comenz\u00f3 el proceso\u201d.<\/p>\n<p>\u201cSer\u00eda una horrible factura de una p\u00e9sima forma de pensar, y todos saben conscientemente de lo que sucede y forma parte de esta deslegitimaci\u00f3n de las elecciones que han tratado de hacer incansablemente\u201d, a\u00f1adi\u00f3.<\/p>\n<p>Dijo que el jefe de Gobierno porte\u00f1o y l\u00edder del PRO \u201cno ha dejado de denunciar fraude en todos los lugares, como en Chaco, C\u00f3rdoba, La Rioja y en Salta con una elecci\u00f3n con boleta electr\u00f3nica y que el propio (Mart\u00edn)<br \/>\nLousteau participando de su propio grupo pol\u00edtico critic\u00f3 duramente la campa\u00f1a sucia que le hicieron desalentando el balotaje por su costo y aconsejando votar en blanco\u201d.<\/p>\n<p>Para Fern\u00e1ndez, \u201cel d\u00fao din\u00e1mico de Macri y (Jaime) Dur\u00e1n Barba son muy fuertes en esas cosas y esa propuesta que tienen para la ciudad y la quieren exportar al resto del pa\u00eds y no hay ninguna vocaci\u00f3n que pueda suceder y los plazos no dan para eso y no se puede cerrar lo que nunca se abri\u00f3\u00bb.<\/p>\n","protected":false},"excerpt":{"rendered":"<p>El jefe de Gabinete sostuvo que los dirigentes de la oposici\u00f3n que reclaman una reforma al sistema electoral esconden \u201cuna vocaci\u00f3n encubierta de hacer una alianza\u201d y que, en ese marco, \u00abhan ido todos como furg\u00f3n de cola de Macri\u201d.<\/p>\n","protected":false},"author":4,"featured_media":0,"comment_status":"open","ping_status":"open","sticky":false,"template":"","format":"standard","meta":{"_jetpack_newsletter_access":"","_jetpack_dont_email_post_to_subs":false,"_jetpack_newsletter_tier_id":0,"_jetpack_memberships_contains_paywalled_content":false,"_jetpack_memberships_contains_paid_content":false,"footnotes":""},"categories":[51],"tags":[],"class_list":["post-71283","post","type-post","status-publish","format-standard","hentry","category-politica"],"jetpack_shortlink":"https:\/\/wp.me\/p2JWE0-ixJ","jetpack-related-posts":[{"id":78357,"url":"http:\/\/www.24baires.com\/?p=78357","url_meta":{"origin":71283,"position":0},"title":"Capitanich le reclama al PJ que ejerza un rol opositor al gobierno de Macri","author":"AF","date":"31\/01\/2016","format":false,"excerpt":"A tres d\u00edas de la reuni\u00f3n del Consejo, el intendente plante\u00f3 que si el PJ elige una conducci\u00f3n funcional al Gobierno, tendr\u00e1 \"un problema de representatividad\u201d e inst\u00f3 a no ceder su rol opositor. El intendente de Resistencia, Jorge Capitanich, sostuvo hoy que si el Partido Justicialista elige una conducci\u00f3n\u2026","rel":"","context":"En \u00abPol\u00edtica\u00bb","block_context":{"text":"Pol\u00edtica","link":"http:\/\/www.24baires.com\/?cat=51"},"img":{"alt_text":"capitanich soberan\u00eda","src":"https:\/\/i0.wp.com\/www.24baires.com\/wp-content\/uploads\/2014\/11\/capitanich-soberan%C3%ADa.jpg?resize=350%2C200","width":350,"height":200,"srcset":"https:\/\/i0.wp.com\/www.24baires.com\/wp-content\/uploads\/2014\/11\/capitanich-soberan%C3%ADa.jpg?resize=350%2C200 1x, https:\/\/i0.wp.com\/www.24baires.com\/wp-content\/uploads\/2014\/11\/capitanich-soberan%C3%ADa.jpg?resize=525%2C300 1.5x"},"classes":[]},{"id":107985,"url":"http:\/\/www.24baires.com\/?p=107985","url_meta":{"origin":71283,"position":1},"title":"Tras hablar con Macri, Massa afirm\u00f3: \u00abEs un Gobierno terco. No tiene voluntad de corregir el rumbo\u00bb","author":"GB","date":"06\/05\/2019","format":false,"excerpt":"El l\u00edder del Frente Renovador respondi\u00f3 con dureza a la convocatoria del Gobierno para alcanzar un \"acuerdo\" con la oposici\u00f3n. Luego de mantener una conversaci\u00f3n telef\u00f3nica con el Presidente por este tema, el tigrense asegur\u00f3: \"No tiene ninguna voluntad de corregir el rumbo, solo quiere qu nos hagamos cargo de\u2026","rel":"","context":"En \u00abPol\u00edtica\u00bb","block_context":{"text":"Pol\u00edtica","link":"http:\/\/www.24baires.com\/?cat=51"},"img":{"alt_text":"","src":"https:\/\/i0.wp.com\/www.24baires.com\/wp-content\/uploads\/2015\/03\/massa-1.jpg?resize=350%2C200","width":350,"height":200,"srcset":"https:\/\/i0.wp.com\/www.24baires.com\/wp-content\/uploads\/2015\/03\/massa-1.jpg?resize=350%2C200 1x, https:\/\/i0.wp.com\/www.24baires.com\/wp-content\/uploads\/2015\/03\/massa-1.jpg?resize=525%2C300 1.5x"},"classes":[]},{"id":77961,"url":"http:\/\/www.24baires.com\/?p=77961","url_meta":{"origin":71283,"position":2},"title":"Macri confes\u00f3 que quiere que Massa sea el jefe del peronismo","author":"AF","date":"22\/01\/2016","format":false,"excerpt":"El presidente dijo en Davos que el ex intendente de Tigre, quien lo acompa\u00f1\u00f3 como parte de la comitiva, \u201ctiene serias posibilidades de conducir el peronismo\u201d. En la conferencia de prensa que brind\u00f3 en Davos, el presidente Mauricio Macri blanque\u00f3 sus intenciones de que Sergio Massa, del Frente Renovador, se\u2026","rel":"","context":"En \u00abPol\u00edtica\u00bb","block_context":{"text":"Pol\u00edtica","link":"http:\/\/www.24baires.com\/?cat=51"},"img":{"alt_text":"","src":"https:\/\/i0.wp.com\/www.24baires.com\/wp-content\/uploads\/2016\/01\/macri-massaa.jpg?resize=350%2C200","width":350,"height":200,"srcset":"https:\/\/i0.wp.com\/www.24baires.com\/wp-content\/uploads\/2016\/01\/macri-massaa.jpg?resize=350%2C200 1x, https:\/\/i0.wp.com\/www.24baires.com\/wp-content\/uploads\/2016\/01\/macri-massaa.jpg?resize=525%2C300 1.5x"},"classes":[]},{"id":107972,"url":"http:\/\/www.24baires.com\/?p=107972","url_meta":{"origin":71283,"position":3},"title":"El acuerdo que propuso el gobierno genera m\u00e1s cr\u00edticas que adhesiones","author":"AF","date":"04\/05\/2019","format":false,"excerpt":"La propuesta del \u201cacuerdo de diez puntos\u201d, dise\u00f1ada por el Gobierno para comprometer a la oposici\u00f3n con el ajuste, parece destinada al fracaso. Fue calificada de \u201cmarketing electoral\u201d por Lavagna y de \u201coperaci\u00f3n de prensa\u201d por Massa. Hasta Pichetto tom\u00f3 distancia. El acuerdo de diez puntos precocinados que el Gobierno\u2026","rel":"","context":"En \u00abPol\u00edtica\u00bb","block_context":{"text":"Pol\u00edtica","link":"http:\/\/www.24baires.com\/?cat=51"},"img":{"alt_text":"","src":"https:\/\/i0.wp.com\/www.24baires.com\/wp-content\/uploads\/2017\/10\/mauricio-macri.jpg?resize=350%2C200","width":350,"height":200,"srcset":"https:\/\/i0.wp.com\/www.24baires.com\/wp-content\/uploads\/2017\/10\/mauricio-macri.jpg?resize=350%2C200 1x, https:\/\/i0.wp.com\/www.24baires.com\/wp-content\/uploads\/2017\/10\/mauricio-macri.jpg?resize=525%2C300 1.5x"},"classes":[]},{"id":120352,"url":"http:\/\/www.24baires.com\/?p=120352","url_meta":{"origin":71283,"position":4},"title":"Massa: \u00abVoy a ser el presidente del trabajo y los trabajadores\u00bb","author":"AF","date":"08\/08\/2023","format":false,"excerpt":"As\u00ed lo se\u00f1al\u00f3 el precandidato presidencial de UxP ante miles de trabajadores de diferentes sindicatos que colmaban el estadio DirecTV Arena de la localidad bonaerense de Tortuguitas en su respaldo. El ministro de Econom\u00eda y precandidato presidencial de Uni\u00f3n por la Patria (UxP), Sergio Massa, advirti\u00f3 este martes que en\u2026","rel":"","context":"En \u00abPol\u00edtica\u00bb","block_context":{"text":"Pol\u00edtica","link":"http:\/\/www.24baires.com\/?cat=51"},"img":{"alt_text":"","src":"https:\/\/i0.wp.com\/www.24baires.com\/wp-content\/uploads\/2023\/08\/WhatsApp-Image-2023-08-08-at-23.21.31.jpeg?resize=350%2C200","width":350,"height":200,"srcset":"https:\/\/i0.wp.com\/www.24baires.com\/wp-content\/uploads\/2023\/08\/WhatsApp-Image-2023-08-08-at-23.21.31.jpeg?resize=350%2C200 1x, https:\/\/i0.wp.com\/www.24baires.com\/wp-content\/uploads\/2023\/08\/WhatsApp-Image-2023-08-08-at-23.21.31.jpeg?resize=525%2C300 1.5x"},"classes":[]},{"id":66077,"url":"http:\/\/www.24baires.com\/?p=66077","url_meta":{"origin":71283,"position":5},"title":"An\u00edbal descart\u00f3 una posible alianza entre Massa y Macri","author":"GB","date":"18\/05\/2015","format":false,"excerpt":"El jefe de Gabinete desestim\u00f3 un eventual acuerdo entre el l\u00edder del PRO y su par del Frente Renovador de cara a las PASO. \"No creo que nada de eso suceda\", sentenci\u00f3. \"No es un tema que me preocupe, lo que hace la oposici\u00f3n es un tema de ellos. Yo\u2026","rel":"","context":"En \u00abPol\u00edtica\u00bb","block_context":{"text":"Pol\u00edtica","link":"http:\/\/www.24baires.com\/?cat=51"},"img":{"alt_text":"anibal conferencia","src":"https:\/\/i0.wp.com\/www.24baires.com\/wp-content\/uploads\/2015\/04\/anibal-conferencia.jpg?resize=350%2C200","width":350,"height":200,"srcset":"https:\/\/i0.wp.com\/www.24baires.com\/wp-content\/uploads\/2015\/04\/anibal-conferencia.jpg?resize=350%2C200 1x, https:\/\/i0.wp.com\/www.24baires.com\/wp-content\/uploads\/2015\/04\/anibal-conferencia.jpg?resize=525%2C300 1.5x"},"classes":[]}],"jetpack_sharing_enabled":true,"jetpack_likes_enabled":true,"jetpack_featured_media_url":"","_links":{"self":[{"href":"http:\/\/www.24baires.com\/index.php?rest_route=\/wp\/v2\/posts\/71283","targetHints":{"allow":["GET"]}}],"collection":[{"href":"http:\/\/www.24baires.com\/index.php?rest_route=\/wp\/v2\/posts"}],"about":[{"href":"http:\/\/www.24baires.com\/index.php?rest_route=\/wp\/v2\/types\/post"}],"author":[{"embeddable":true,"href":"http:\/\/www.24baires.com\/index.php?rest_route=\/wp\/v2\/users\/4"}],"replies":[{"embeddable":true,"href":"http:\/\/www.24baires.com\/index.php?rest_route=%2Fwp%2Fv2%2Fcomments&post=71283"}],"version-history":[{"count":1,"href":"http:\/\/www.24baires.com\/index.php?rest_route=\/wp\/v2\/posts\/71283\/revisions"}],"predecessor-version":[{"id":71284,"href":"http:\/\/www.24baires.com\/index.php?rest_route=\/wp\/v2\/posts\/71283\/revisions\/71284"}],"wp:attachment":[{"href":"http:\/\/www.24baires.com\/index.php?rest_route=%2Fwp%2Fv2%2Fmedia&parent=71283"}],"wp:term":[{"taxonomy":"category","embeddable":true,"href":"http:\/\/www.24baires.com\/index.php?rest_route=%2Fwp%2Fv2%2Fcategories&post=71283"},{"taxonomy":"post_tag","embeddable":true,"href":"http:\/\/www.24baires.com\/index.php?rest_route=%2Fwp%2Fv2%2Ftags&post=71283"}],"curies":[{"name":"wp","href":"https:\/\/api.w.org\/{rel}","templated":true}]}}