{"id":71279,"date":"2015-08-27T21:30:25","date_gmt":"2015-08-28T00:30:25","guid":{"rendered":"http:\/\/www.24baires.com\/?p=71279"},"modified":"2015-08-27T21:24:41","modified_gmt":"2015-08-28T00:24:41","slug":"despues-de-la-tercera-anibal-f-se-reunio-con-intendente-de-la-quinta-seccion","status":"publish","type":"post","link":"http:\/\/www.24baires.com\/?p=71279","title":{"rendered":"Despu\u00e9s de la Tercera, An\u00edbal F. se reuni\u00f3 con intendente de la Quinta Secci\u00f3n"},"content":{"rendered":"<p><img data-recalc-dims=\"1\" loading=\"lazy\" decoding=\"async\" class=\"alignleft wp-image-71280\" src=\"https:\/\/i0.wp.com\/www.24baires.com\/wp-content\/uploads\/2015\/08\/anibal-quinta.jpg?resize=301%2C200\" alt=\"anibal quinta\" width=\"301\" height=\"200\" \/>El encuentro del jefe de Gabinete y candidato a gobernador bonaerense, se enmarca en su estrategia electoral con vista a los comicios generales del 25 de octubre. De la reuni\u00f3n participaron los intendentes de Castelli, Lezama, Mar Chiquita, el Partido de la Costa, Tordillo, Necochea, Villa Gesel y Balcarce, entre otros.<!--more--><\/p>\n<p>Seg\u00fan se inform\u00f3, del encuentro de hoy con el jefe de ministros de la Naci\u00f3n participaron los intendentes Jos\u00e9 Echarren (Castelli), Marcelo Racciatti (Lezama), Jos\u00e9 Paredi (Mar Chiquita), Juan Pablo De Jes\u00fas (Partido de la Costa), H\u00e9ctor Olivera (Tordillo), Jos\u00e9 Manuel Vidal (Necochea), Gustavo Barrera (Villa Gesell) y Jos\u00e9 Echeverr\u00eda (Balcarce), entre otros.<\/p>\n<p>No pudieron concurrir los jefes municipales de Pila, Alfredo Walker, ya que el municipio est\u00e1 seriamente afectado por las inundaciones, y el de General Madariaga, Cristian Popovich, quien se encuentra de viaje.<\/p>\n<p>De la reuni\u00f3n realizada hoy en la Ciudad de Buenos Aires tambi\u00e9n participaron los candidatos Dar\u00edo David (Ayacucho), Gabriel Macchi (Chascom\u00fas), Juan Manuel Cheppi (General Pueyrred\u00f3n) y Pablo Bossio (Tandil).<\/p>\n<p>&nbsp;<\/p>\n<p>&nbsp;<\/p>\n<p>&nbsp;<\/p>\n<p>&nbsp;<\/p>\n<p>&nbsp;<\/p>\n<p>&nbsp;<\/p>\n<p>&nbsp;<\/p>\n<p>&nbsp;<\/p>\n<p>&nbsp;<\/p>\n<p>&nbsp;<\/p>\n<p>&nbsp;<\/p>\n<p>&nbsp;<\/p>\n","protected":false},"excerpt":{"rendered":"<p>El encuentro del jefe de Gabinete y candidato a gobernador bonaerense, se enmarca en su estrategia electoral con vista a los comicios generales del 25 de octubre. De la reuni\u00f3n participaron los intendentes de Castelli, Lezama, Mar Chiquita, el Partido de la Costa, Tordillo, Necochea, Villa Gesel y Balcarce, entre otros.<\/p>\n","protected":false},"author":8,"featured_media":0,"comment_status":"open","ping_status":"open","sticky":false,"template":"","format":"standard","meta":{"_jetpack_newsletter_access":"","_jetpack_dont_email_post_to_subs":false,"_jetpack_newsletter_tier_id":0,"_jetpack_memberships_contains_paywalled_content":false,"_jetpack_memberships_contains_paid_content":false,"footnotes":""},"categories":[51],"tags":[],"class_list":["post-71279","post","type-post","status-publish","format-standard","hentry","category-politica"],"jetpack_shortlink":"https:\/\/wp.me\/p2JWE0-ixF","jetpack-related-posts":[{"id":115678,"url":"http:\/\/www.24baires.com\/?p=115678","url_meta":{"origin":71279,"position":0},"title":"Comienza una nueva etapa de la cuarentena para los bonaerenses","author":"GB","date":"20\/07\/2020","format":false,"excerpt":"Del total de los 135 municipios que tiene la provincia, 59 est\u00e1n en la fase 5 del aislamiento, con la mayor\u00eda de sus actividades habilitadas, mientras que las 38 ciudades que integran el AMBA y se encuentran en la fase 3 inician hoy una flexibilizaci\u00f3n escalonada. Un total de 59\u2026","rel":"","context":"En \u00abProvincia\u00bb","block_context":{"text":"Provincia","link":"http:\/\/www.24baires.com\/?cat=40"},"img":{"alt_text":"","src":"https:\/\/i0.wp.com\/www.24baires.com\/wp-content\/uploads\/2020\/05\/cuarentena.jpeg?resize=350%2C200","width":350,"height":200,"srcset":"https:\/\/i0.wp.com\/www.24baires.com\/wp-content\/uploads\/2020\/05\/cuarentena.jpeg?resize=350%2C200 1x, https:\/\/i0.wp.com\/www.24baires.com\/wp-content\/uploads\/2020\/05\/cuarentena.jpeg?resize=525%2C300 1.5x"},"classes":[]},{"id":117740,"url":"http:\/\/www.24baires.com\/?p=117740","url_meta":{"origin":71279,"position":1},"title":"Diputados dio media sanci\u00f3n al proyecto de zona fr\u00eda","author":"GB","date":"11\/06\/2021","format":false,"excerpt":"Finalmente Diputados aprob\u00f3 por mayor\u00eda el proyecto de tarifa de gas m\u00e1s accesibles para distritos en zona fr\u00eda. La C\u00e1mara de Diputados de la Naci\u00f3n dio media sanci\u00f3n al proyecto de ley que establece recategorizaciones a zona fr\u00eda y alcanza a varios distritos de la provincia de Buenos Aires. La\u2026","rel":"","context":"En \u00abPol\u00edtica\u00bb","block_context":{"text":"Pol\u00edtica","link":"http:\/\/www.24baires.com\/?cat=51"},"img":{"alt_text":"","src":"https:\/\/i0.wp.com\/www.24baires.com\/wp-content\/uploads\/2020\/05\/diputados-virtual.jpg?resize=350%2C200","width":350,"height":200,"srcset":"https:\/\/i0.wp.com\/www.24baires.com\/wp-content\/uploads\/2020\/05\/diputados-virtual.jpg?resize=350%2C200 1x, https:\/\/i0.wp.com\/www.24baires.com\/wp-content\/uploads\/2020\/05\/diputados-virtual.jpg?resize=525%2C300 1.5x"},"classes":[]},{"id":117637,"url":"http:\/\/www.24baires.com\/?p=117637","url_meta":{"origin":71279,"position":2},"title":"La mayor\u00eda de los municipios bonaerenses est\u00e1 en fase 2","author":"AF","date":"28\/05\/2021","format":false,"excerpt":"Son 121 las comunas que quedaron en Fase 2, la de mayores restricciones, entre las que se encuentran la de La Plata, Berisso y Ensenada. El Gobierno bonaerense actualiz\u00f3 hoy el sistema de fases que viene implementado desde el a\u00f1o pasado con la particularidad que s\u00f3lo un municipio est\u00e1 en\u2026","rel":"","context":"En \u00abProvincia\u00bb","block_context":{"text":"Provincia","link":"http:\/\/www.24baires.com\/?cat=40"},"img":{"alt_text":"","src":"https:\/\/i0.wp.com\/www.24baires.com\/wp-content\/uploads\/2020\/04\/adulto-barbijo.jpg?resize=350%2C200","width":350,"height":200,"srcset":"https:\/\/i0.wp.com\/www.24baires.com\/wp-content\/uploads\/2020\/04\/adulto-barbijo.jpg?resize=350%2C200 1x, https:\/\/i0.wp.com\/www.24baires.com\/wp-content\/uploads\/2020\/04\/adulto-barbijo.jpg?resize=525%2C300 1.5x"},"classes":[]},{"id":121551,"url":"http:\/\/www.24baires.com\/?p=121551","url_meta":{"origin":71279,"position":3},"title":"Kicillof: \u00abNosotros no podemos salir a dar conferencias, estamos con los intendentes\u00bb","author":"GB","date":"16\/08\/2024","format":false,"excerpt":"El gobernador Axel Kicilof reuni\u00f3 a casi un centenar de alcaldes de todos los colores pol\u00edticos y sell\u00f3 el pago de otra cuota del fondo de fortalecimiento. Una foto de la unidad frente a Milei y una deuda con la Provincia de \"1 mill\u00f3n 800 mil millones de pesos\". El\u2026","rel":"","context":"En \u00abProvincia\u00bb","block_context":{"text":"Provincia","link":"http:\/\/www.24baires.com\/?cat=40"},"img":{"alt_text":"","src":"https:\/\/i0.wp.com\/www.24baires.com\/wp-content\/uploads\/2023\/10\/kicillof.webp?resize=350%2C200","width":350,"height":200,"srcset":"https:\/\/i0.wp.com\/www.24baires.com\/wp-content\/uploads\/2023\/10\/kicillof.webp?resize=350%2C200 1x, https:\/\/i0.wp.com\/www.24baires.com\/wp-content\/uploads\/2023\/10\/kicillof.webp?resize=525%2C300 1.5x, https:\/\/i0.wp.com\/www.24baires.com\/wp-content\/uploads\/2023\/10\/kicillof.webp?resize=700%2C400 2x"},"classes":[]},{"id":28881,"url":"http:\/\/www.24baires.com\/?p=28881","url_meta":{"origin":71279,"position":4},"title":"De Vido firm\u00f3 convenios de obra p\u00fablica con 27 municipios","author":"AF","date":"25\/07\/2013","format":false,"excerpt":"El ministro de Planificaci\u00f3n Federal de la naci\u00f3n, Julio De Vido, encabez\u00f3 la firma de convenios con 27 municipios de la cuarta y quinta secci\u00f3n de la provincia de Buenos Aires, destinados a la ejecuci\u00f3n de 45 obras de infraestructura, con una inversi\u00f3n de $95.847.402 millones para dichas localidades. El\u2026","rel":"","context":"En \u00abLocales\u00bb","block_context":{"text":"Locales","link":"http:\/\/www.24baires.com\/?cat=38"},"img":{"alt_text":"","src":"","width":0,"height":0},"classes":[]},{"id":28989,"url":"http:\/\/www.24baires.com\/?p=28989","url_meta":{"origin":71279,"position":5},"title":"Rotundo respaldo a Insaurralde por parte de Intendentes bonaerenses","author":"AF","date":"26\/07\/2013","format":false,"excerpt":"El primer precandidato a diputado nacional por el Frente para la Victoria encabez\u00f3 anoche un acto en el Parque Municipal de Lomas de Zamora en el que recibi\u00f3 un \u201crotundo respaldo\u201d a su postulaci\u00f3n por parte de intendentes bonaerense. El gobernador Daniel Scioli tambi\u00e9n particip\u00f3 de la actividad. Los intendentes\u2026","rel":"","context":"En \u00abPol\u00edtica\u00bb","block_context":{"text":"Pol\u00edtica","link":"http:\/\/www.24baires.com\/?cat=51"},"img":{"alt_text":"insaurralde otra","src":"https:\/\/i0.wp.com\/www.24baires.com\/wp-content\/uploads\/2013\/06\/insaurralde-otra.jpg?resize=350%2C200","width":350,"height":200,"srcset":"https:\/\/i0.wp.com\/www.24baires.com\/wp-content\/uploads\/2013\/06\/insaurralde-otra.jpg?resize=350%2C200 1x, https:\/\/i0.wp.com\/www.24baires.com\/wp-content\/uploads\/2013\/06\/insaurralde-otra.jpg?resize=525%2C300 1.5x"},"classes":[]}],"jetpack_sharing_enabled":true,"jetpack_likes_enabled":true,"jetpack_featured_media_url":"","_links":{"self":[{"href":"http:\/\/www.24baires.com\/index.php?rest_route=\/wp\/v2\/posts\/71279","targetHints":{"allow":["GET"]}}],"collection":[{"href":"http:\/\/www.24baires.com\/index.php?rest_route=\/wp\/v2\/posts"}],"about":[{"href":"http:\/\/www.24baires.com\/index.php?rest_route=\/wp\/v2\/types\/post"}],"author":[{"embeddable":true,"href":"http:\/\/www.24baires.com\/index.php?rest_route=\/wp\/v2\/users\/8"}],"replies":[{"embeddable":true,"href":"http:\/\/www.24baires.com\/index.php?rest_route=%2Fwp%2Fv2%2Fcomments&post=71279"}],"version-history":[{"count":1,"href":"http:\/\/www.24baires.com\/index.php?rest_route=\/wp\/v2\/posts\/71279\/revisions"}],"predecessor-version":[{"id":71281,"href":"http:\/\/www.24baires.com\/index.php?rest_route=\/wp\/v2\/posts\/71279\/revisions\/71281"}],"wp:attachment":[{"href":"http:\/\/www.24baires.com\/index.php?rest_route=%2Fwp%2Fv2%2Fmedia&parent=71279"}],"wp:term":[{"taxonomy":"category","embeddable":true,"href":"http:\/\/www.24baires.com\/index.php?rest_route=%2Fwp%2Fv2%2Fcategories&post=71279"},{"taxonomy":"post_tag","embeddable":true,"href":"http:\/\/www.24baires.com\/index.php?rest_route=%2Fwp%2Fv2%2Ftags&post=71279"}],"curies":[{"name":"wp","href":"https:\/\/api.w.org\/{rel}","templated":true}]}}