{"id":71244,"date":"2015-08-27T14:00:04","date_gmt":"2015-08-27T17:00:04","guid":{"rendered":"http:\/\/www.24baires.com\/?p=71244"},"modified":"2015-08-28T11:11:51","modified_gmt":"2015-08-28T14:11:51","slug":"scioli-critico-a-la-oposicion-por-no-tener-una-agenda-superadora","status":"publish","type":"post","link":"http:\/\/www.24baires.com\/?p=71244","title":{"rendered":"Scioli critic\u00f3 a la oposici\u00f3n por no tener \u00abuna agenda superadora\u00bb"},"content":{"rendered":"<p><img data-recalc-dims=\"1\" loading=\"lazy\" decoding=\"async\" class=\"aligncenter size-full wp-image-70134\" src=\"https:\/\/i0.wp.com\/www.24baires.com\/wp-content\/uploads\/2015\/08\/scioli-cierre-campa%C3%B1a.jpg?resize=560%2C307\" alt=\"scioli cierre campa\u00f1a\" width=\"560\" height=\"307\" srcset=\"https:\/\/i0.wp.com\/www.24baires.com\/wp-content\/uploads\/2015\/08\/scioli-cierre-campa%C3%B1a.jpg?w=560 560w, https:\/\/i0.wp.com\/www.24baires.com\/wp-content\/uploads\/2015\/08\/scioli-cierre-campa%C3%B1a.jpg?resize=300%2C164 300w\" sizes=\"auto, (max-width: 560px) 100vw, 560px\" \/>El candidato presidencial por el Frente para la Victoria se comprometi\u00f3 adem\u00e1s a \u00abdar continuidad y mayor presupuesto\u00bb a las inversiones y proyectos en materia de ciencia y tecnolog\u00eda, en caso de ser electo presidente.<!--more--><\/p>\n<p>El candidato presidencial por el Frente para la Victoria se comprometi\u00f3 adem\u00e1s a \u00abdar continuidad y mayor presupuesto\u00bb a las inversiones y proyectos en materia de ciencia y tecnolog\u00eda, en caso de ser electo presidente, y dijo que la oposici\u00f3n \u00abquiere imponer otra agenda ante la imposibilidad de proponer una agenda superadora\u00bb.<\/p>\n<p>As\u00ed lo expres\u00f3 en un mensaje pronunciado durante la apertura del Seminario \u00abCiencia, Tecnolog\u00eda e Innovaci\u00f3n: Del Crecimiento al Desarrollo\u00bb, que se desarrolla en el hotel Panamericano, organizado por el Ministerio de Ciencia y Tecnolog\u00eda que encabeza Lino Bara\u00f1ao y la fundaci\u00f3n DAR.<\/p>\n<p>\u00abQuiero dar certidumbre, previsibilidad y compromiso de continuidad a los proyectos de ciencia y tecnolog\u00eda que est\u00e1n en marcha\u00bb, dijo Scioli al hablar ante un auditorio compuesto por representantes del \u00e1rea, como investigadores y cient\u00edficos.<\/p>\n<p>El gobernador bonaerense dijo que, como presidente de la Naci\u00f3n, va a \u00abgarantizar, intensificar, profundizar y aumentar el presupuesto en ciencia y tecnolog\u00eda\u00bb, y destac\u00f3 la \u00abconciencia colectiva\u00bb que se cre\u00f3 alrededor de esa tem\u00e1tica, que \u00abno representa un gasto sino una inversi\u00f3n\u00bb.<\/p>\n<p>Por otra parte, Scioli se quej\u00f3 de los dirigentes opositores que \u00abprovocan y quieren imponer otra agenda ante la impotencia de no haber podido generar propuesta superadoras\u00bb y pidi\u00f3 a todo el oficialismo \u00abtener mucha responsabilidad y humildad para focalizar en lo que la gente vot\u00f3\u00bb en las primarias del 9 de agosto.<\/p>\n<p>Scioli remarc\u00f3 la importancia de que la econom\u00eda argentina \u00absea cada vez m\u00e1s competitiva y darle mayor productividad de la mano de la eficiencia y el valor agregado, y no de la mano de los recortes, ajustes y baja de salarios, como quieren hacer algunos\u00bb.<\/p>\n<p>\u00abVamos a avanzar en la segunda generaci\u00f3n de la reindustrializaci\u00f3n, que tiene que ver con la ciencia y la tecnolog\u00eda aplicada a los procesos productivos\u00bb, expres\u00f3 el candidato del FPV para las elecciones de octubre, quien expres\u00f3 que siente \u00abpasi\u00f3n\u00bb por este sector.<\/p>\n<p>\u00abNo podemos hablar de agenda del desarrollo sin hablar de ciencia y tecnolog\u00eda\u00bb, expres\u00f3 Scioli, al tiempo que pidi\u00f3 \u00abmultiplicar la conciencia colectiva de que este es el camino del desarrollo\u00bb.<\/p>\n<p>El candidato presidencial solicit\u00f3 al sector \u00abun respaldo y acompa\u00f1amiento\u00bb en los comicios de octubre para \u00abllevar a la Argentina a las pr\u00f3ximas victorias que tenemos por delante\u00bb.<\/p>\n","protected":false},"excerpt":{"rendered":"<p>El candidato presidencial por el Frente para la Victoria se comprometi\u00f3 adem\u00e1s a \u00abdar continuidad y mayor presupuesto\u00bb a las inversiones y proyectos en materia de ciencia y tecnolog\u00eda, en caso de ser electo presidente.<\/p>\n","protected":false},"author":4,"featured_media":0,"comment_status":"open","ping_status":"open","sticky":false,"template":"","format":"standard","meta":{"_jetpack_newsletter_access":"","_jetpack_dont_email_post_to_subs":false,"_jetpack_newsletter_tier_id":0,"_jetpack_memberships_contains_paywalled_content":false,"_jetpack_memberships_contains_paid_content":false,"footnotes":""},"categories":[51],"tags":[],"class_list":["post-71244","post","type-post","status-publish","format-standard","hentry","category-politica"],"jetpack_shortlink":"https:\/\/wp.me\/p2JWE0-ix6","jetpack-related-posts":[{"id":74988,"url":"http:\/\/www.24baires.com\/?p=74988","url_meta":{"origin":71244,"position":0},"title":"Cient\u00edficos se manifestaron a favor de la inversi\u00f3n p\u00fablica en conocimiento","author":"GB","date":"12\/11\/2015","format":false,"excerpt":"Cient\u00edficos, docentes, investigadores y estudiantes se manifestaron en 13 ciudades bajo el lema \"Dos modelos de Ciencia y Educaci\u00f3n, dos modelos de pa\u00eds\u201d y expresaron as\u00ed su apoyo a Scioli. La terminal ferroviaria de Constituci\u00f3n fue el espacio para la manifestaci\u00f3n de los cient\u00edficos que trabajan en diversos centros de\u2026","rel":"","context":"En \u00abSociedad\u00bb","block_context":{"text":"Sociedad","link":"http:\/\/www.24baires.com\/?cat=1"},"img":{"alt_text":"","src":"","width":0,"height":0},"classes":[]},{"id":112558,"url":"http:\/\/www.24baires.com\/?p=112558","url_meta":{"origin":71244,"position":1},"title":"\u00abMacri se enoj\u00f3 por las PASO y dej\u00f3 volar el d\u00f3lar, espero que no se enoje despu\u00e9s del 27\u00bb","author":"AF","date":"19\/10\/2019","format":false,"excerpt":"El candidato presidencial del Frente de Todos afirm\u00f3 sostuvo que \"son muchas cosas mal las que hizo Macri y le sigue mintiendo a la gente\". Alberto Fern\u00e1ndez afirm\u00f3 este s\u00e1bado que Mauricio Macri \"nos hizo mucho da\u00f1o despu\u00e9s de las PASO\" y que \"todo lo que dice es mentira\". \"La\u2026","rel":"","context":"En \u00abPol\u00edtica\u00bb","block_context":{"text":"Pol\u00edtica","link":"http:\/\/www.24baires.com\/?cat=51"},"img":{"alt_text":"","src":"https:\/\/i0.wp.com\/www.24baires.com\/wp-content\/uploads\/2019\/10\/alberto-fernandez.jpg?resize=350%2C200","width":350,"height":200,"srcset":"https:\/\/i0.wp.com\/www.24baires.com\/wp-content\/uploads\/2019\/10\/alberto-fernandez.jpg?resize=350%2C200 1x, https:\/\/i0.wp.com\/www.24baires.com\/wp-content\/uploads\/2019\/10\/alberto-fernandez.jpg?resize=525%2C300 1.5x"},"classes":[]},{"id":120639,"url":"http:\/\/www.24baires.com\/?p=120639","url_meta":{"origin":71244,"position":2},"title":"Massa llam\u00f3 a construir \u00abun nuevo pacto federal con m\u00e1s coparticipaci\u00f3n\u00bb","author":"AF","date":"09\/11\/2023","format":false,"excerpt":"\"Desde la otra vereda se condena a las provincias a vivir con lo propio desinteres\u00e1ndolas de un proyecto de pa\u00eds, provocando el abandono y la falta de recursos para poder invertir\", dijo el candidato presidencial de UxP de cara al balotaje. El ministro de Econom\u00eda y candidato a presidente por\u2026","rel":"","context":"En \u00abPol\u00edtica\u00bb","block_context":{"text":"Pol\u00edtica","link":"http:\/\/www.24baires.com\/?cat=51"},"img":{"alt_text":"","src":"https:\/\/i0.wp.com\/www.24baires.com\/wp-content\/uploads\/2023\/11\/WhatsApp-Image-2023-11-09-at-19.22.09.jpeg?resize=350%2C200","width":350,"height":200,"srcset":"https:\/\/i0.wp.com\/www.24baires.com\/wp-content\/uploads\/2023\/11\/WhatsApp-Image-2023-11-09-at-19.22.09.jpeg?resize=350%2C200 1x, https:\/\/i0.wp.com\/www.24baires.com\/wp-content\/uploads\/2023\/11\/WhatsApp-Image-2023-11-09-at-19.22.09.jpeg?resize=525%2C300 1.5x, https:\/\/i0.wp.com\/www.24baires.com\/wp-content\/uploads\/2023\/11\/WhatsApp-Image-2023-11-09-at-19.22.09.jpeg?resize=700%2C400 2x, https:\/\/i0.wp.com\/www.24baires.com\/wp-content\/uploads\/2023\/11\/WhatsApp-Image-2023-11-09-at-19.22.09.jpeg?resize=1050%2C600 3x"},"classes":[]},{"id":108336,"url":"http:\/\/www.24baires.com\/?p=108336","url_meta":{"origin":71244,"position":3},"title":"Cient\u00edficos del CONICET se reunieron y reclamaron una soluci\u00f3n urgente para el sector","author":"AF","date":"22\/05\/2019","format":false,"excerpt":"La comunidad cient\u00edfica se reuni\u00f3 en \"cabildo abierto\" con el objetivo visibilizar y denunciar la situaci\u00f3n que atraviesa el sector. Advirtieron que el refuerzo presupuestario es insuficiente frente a la magnitud de la crisis generada por las pol\u00edticas de desinversi\u00f3n del macrismo, y desafiaron a \u201dlas autoridades a dar un\u2026","rel":"","context":"En \u00abSociedad\u00bb","block_context":{"text":"Sociedad","link":"http:\/\/www.24baires.com\/?cat=1"},"img":{"alt_text":"","src":"https:\/\/i0.wp.com\/www.24baires.com\/wp-content\/uploads\/2019\/05\/despidos-en-ciencia.jpg?resize=350%2C200","width":350,"height":200,"srcset":"https:\/\/i0.wp.com\/www.24baires.com\/wp-content\/uploads\/2019\/05\/despidos-en-ciencia.jpg?resize=350%2C200 1x, https:\/\/i0.wp.com\/www.24baires.com\/wp-content\/uploads\/2019\/05\/despidos-en-ciencia.jpg?resize=525%2C300 1.5x"},"classes":[]},{"id":73986,"url":"http:\/\/www.24baires.com\/?p=73986","url_meta":{"origin":71244,"position":4},"title":"Scioli: \u00abToda mi vida me prepar\u00e9 para ser presidente\u00bb","author":"GB","date":"22\/10\/2015","format":false,"excerpt":"El candidato a presidente por el Frente para la Victoria encabez\u00f3 el acto de cierre de campa\u00f1a en el Luna Park. \"S\u00e9 qu\u00e9 hacer y c\u00f3mo hacerlo\", subray\u00f3. \"Agradezco a la presidenta Cristina Fern\u00e1ndez de Kirchner porque el 10 de diciembre, asumiremos en un pa\u00eds ordenado, desendeudado y sin conflictividad\u2026","rel":"","context":"En \u00abElecciones 2015\u00bb","block_context":{"text":"Elecciones 2015","link":"http:\/\/www.24baires.com\/?cat=74"},"img":{"alt_text":"","src":"https:\/\/i0.wp.com\/www.24baires.com\/wp-content\/uploads\/2015\/10\/scioli-para-la-victoria1.jpg?resize=350%2C200","width":350,"height":200,"srcset":"https:\/\/i0.wp.com\/www.24baires.com\/wp-content\/uploads\/2015\/10\/scioli-para-la-victoria1.jpg?resize=350%2C200 1x, https:\/\/i0.wp.com\/www.24baires.com\/wp-content\/uploads\/2015\/10\/scioli-para-la-victoria1.jpg?resize=525%2C300 1.5x"},"classes":[]},{"id":111092,"url":"http:\/\/www.24baires.com\/?p=111092","url_meta":{"origin":71244,"position":5},"title":"Alberto Fern\u00e1ndez: \u00abA diferencia del Presidente, tuve la suerte de caer en la educaci\u00f3n p\u00fablica\u00bb","author":"AF","date":"05\/07\/2019","format":false,"excerpt":"En su visita a Mendoza, el precandidato presidente por el Frente de Todos critic\u00f3 el estado actual de la educaci\u00f3n p\u00fablica. \"Las sociedades ricas son las sociedades que han desarrollado la educaci\u00f3n, la ciencia y la tecnolog\u00eda\", expres\u00f3. El pre candidato presidencial en el Frente de Todos, Alberto Fern\u00e1ndez, visit\u00f3\u2026","rel":"","context":"En \u00abPol\u00edtica\u00bb","block_context":{"text":"Pol\u00edtica","link":"http:\/\/www.24baires.com\/?cat=51"},"img":{"alt_text":"","src":"https:\/\/i0.wp.com\/www.24baires.com\/wp-content\/uploads\/2019\/06\/alberto-fernandez.jpg?resize=350%2C200","width":350,"height":200,"srcset":"https:\/\/i0.wp.com\/www.24baires.com\/wp-content\/uploads\/2019\/06\/alberto-fernandez.jpg?resize=350%2C200 1x, https:\/\/i0.wp.com\/www.24baires.com\/wp-content\/uploads\/2019\/06\/alberto-fernandez.jpg?resize=525%2C300 1.5x"},"classes":[]}],"jetpack_sharing_enabled":true,"jetpack_likes_enabled":true,"jetpack_featured_media_url":"","_links":{"self":[{"href":"http:\/\/www.24baires.com\/index.php?rest_route=\/wp\/v2\/posts\/71244","targetHints":{"allow":["GET"]}}],"collection":[{"href":"http:\/\/www.24baires.com\/index.php?rest_route=\/wp\/v2\/posts"}],"about":[{"href":"http:\/\/www.24baires.com\/index.php?rest_route=\/wp\/v2\/types\/post"}],"author":[{"embeddable":true,"href":"http:\/\/www.24baires.com\/index.php?rest_route=\/wp\/v2\/users\/4"}],"replies":[{"embeddable":true,"href":"http:\/\/www.24baires.com\/index.php?rest_route=%2Fwp%2Fv2%2Fcomments&post=71244"}],"version-history":[{"count":1,"href":"http:\/\/www.24baires.com\/index.php?rest_route=\/wp\/v2\/posts\/71244\/revisions"}],"predecessor-version":[{"id":71245,"href":"http:\/\/www.24baires.com\/index.php?rest_route=\/wp\/v2\/posts\/71244\/revisions\/71245"}],"wp:attachment":[{"href":"http:\/\/www.24baires.com\/index.php?rest_route=%2Fwp%2Fv2%2Fmedia&parent=71244"}],"wp:term":[{"taxonomy":"category","embeddable":true,"href":"http:\/\/www.24baires.com\/index.php?rest_route=%2Fwp%2Fv2%2Fcategories&post=71244"},{"taxonomy":"post_tag","embeddable":true,"href":"http:\/\/www.24baires.com\/index.php?rest_route=%2Fwp%2Fv2%2Ftags&post=71244"}],"curies":[{"name":"wp","href":"https:\/\/api.w.org\/{rel}","templated":true}]}}