{"id":71179,"date":"2015-08-26T13:00:06","date_gmt":"2015-08-26T16:00:06","guid":{"rendered":"http:\/\/www.24baires.com\/?p=71179"},"modified":"2015-08-26T13:15:14","modified_gmt":"2015-08-26T16:15:14","slug":"scioli-estoy-a-favor-de-hacer-mas-agil-el-sistema-de-votacion","status":"publish","type":"post","link":"http:\/\/www.24baires.com\/?p=71179","title":{"rendered":"Scioli: \u00abestoy a favor de hacer m\u00e1s \u00e1gil el sistema de votaci\u00f3n\u00bb"},"content":{"rendered":"<p><img data-recalc-dims=\"1\" loading=\"lazy\" decoding=\"async\" src=\"https:\/\/i0.wp.com\/www.24baires.com\/wp-content\/uploads\/2015\/01\/scioli-1.jpg?resize=560%2C306\" alt=\"scioli 1\" width=\"560\" height=\"306\" class=\"aligncenter size-full wp-image-60813\" srcset=\"https:\/\/i0.wp.com\/www.24baires.com\/wp-content\/uploads\/2015\/01\/scioli-1.jpg?w=560 560w, https:\/\/i0.wp.com\/www.24baires.com\/wp-content\/uploads\/2015\/01\/scioli-1.jpg?resize=300%2C164 300w\" sizes=\"auto, (max-width: 560px) 100vw, 560px\" \/>El candidato presidencial del FpV aclar\u00f3 que es un debate que se deber\u00eda dar en el Congreso Nacional. Tambi\u00e9n sostuvo que la oposici\u00f3n debe reconocer el \u00abcontundente\u00bb resultado de las elecciones en Tucum\u00e1n.<!--more--><\/p>\n<p>A minutos de hablar ante el Consejo de las Am\u00e9ricas, que se celebra en un c\u00e9ntrico hotel porte\u00f1o, el gobernador bonaerense dialog\u00f3 con la prensa y dijo esperar que los partidos de la oposici\u00f3n reconozcan el \u00abcontundente\u00bb resultado de las elecciones tucumanas.<\/p>\n<p>En ese sentido, dijo que los porcentajes arrojados por el escrutinio provisorio de esa provincia son \u00abla continuidad del resultado de las PASO\u00bb, y sostuvo que la gente \u00abva a seguir d\u00e1ndole la espalda\u00bb a las propuestas de \u00abcambio para atr\u00e1s\u00bb.<\/p>\n<p>\u00abHace algunos meses est\u00e1bamos atr\u00e1s en Tucum\u00e1n, pero con Juan Manzur pudimos revertir habl\u00e1ndole a la gente del futuro\u00bb, concluy\u00f3.<\/p>\n","protected":false},"excerpt":{"rendered":"<p>El candidato presidencial del FpV aclar\u00f3 que es un debate que se deber\u00eda dar en el Congreso Nacional. Tambi\u00e9n sostuvo que la oposici\u00f3n debe reconocer el \u00abcontundente\u00bb resultado de las elecciones en Tucum\u00e1n.<\/p>\n","protected":false},"author":4,"featured_media":0,"comment_status":"open","ping_status":"open","sticky":false,"template":"","format":"standard","meta":{"_jetpack_newsletter_access":"","_jetpack_dont_email_post_to_subs":false,"_jetpack_newsletter_tier_id":0,"_jetpack_memberships_contains_paywalled_content":false,"_jetpack_memberships_contains_paid_content":false,"footnotes":""},"categories":[51],"tags":[],"class_list":["post-71179","post","type-post","status-publish","format-standard","hentry","category-politica"],"jetpack_shortlink":"https:\/\/wp.me\/p2JWE0-iw3","jetpack-related-posts":[{"id":71031,"url":"http:\/\/www.24baires.com\/?p=71031","url_meta":{"origin":71179,"position":0},"title":"Scioli celebr\u00f3 el triunfo con Manzur en Tucum\u00e1n","author":"GB","date":"24\/08\/2015","format":false,"excerpt":"El candidato a presidente por el FpV celebr\u00f3 el triunfo de Juan Manzur y destac\u00f3 que los tucumanos no se dejaron llevar por \"las campa\u00f1as negativas y des\u00e1nimo\" y por aquellos que \"hicieron una visita fugaz para querer embarrar la cancha\". Scioli lo expres\u00f3 al hablar en el b\u00fanker del\u2026","rel":"","context":"En \u00abPol\u00edtica\u00bb","block_context":{"text":"Pol\u00edtica","link":"http:\/\/www.24baires.com\/?cat=51"},"img":{"alt_text":"","src":"https:\/\/i0.wp.com\/www.24baires.com\/wp-content\/uploads\/2015\/08\/scioli-manzur.jpg?resize=350%2C200","width":350,"height":200,"srcset":"https:\/\/i0.wp.com\/www.24baires.com\/wp-content\/uploads\/2015\/08\/scioli-manzur.jpg?resize=350%2C200 1x, https:\/\/i0.wp.com\/www.24baires.com\/wp-content\/uploads\/2015\/08\/scioli-manzur.jpg?resize=525%2C300 1.5x"},"classes":[]},{"id":117831,"url":"http:\/\/www.24baires.com\/?p=117831","url_meta":{"origin":71179,"position":1},"title":"Alberto Fern\u00e1ndez: \u00abNo vamos a parar hasta vacunar al \u00faltimo argentino\u00bb","author":"AF","date":"09\/07\/2021","format":false,"excerpt":"\"Tenemos la puerta de salida a la pandemia. Es la vacunaci\u00f3n\", dijo el jefe de Estado al encabezar el acto realizado en Tucum\u00e1n por el 205\u00b0 aniversario de la declaraci\u00f3n de la independencia. El presidente Alberto Fern\u00e1ndez sostuvo que \"la puerta de salida\" a la pandemia de coronavirus \"es la\u2026","rel":"","context":"En \u00abLocales\u00bb","block_context":{"text":"Locales","link":"http:\/\/www.24baires.com\/?cat=38"},"img":{"alt_text":"","src":"https:\/\/i0.wp.com\/www.24baires.com\/wp-content\/uploads\/2021\/03\/fern%C3%A1ndez-PJ.jpg?resize=350%2C200","width":350,"height":200,"srcset":"https:\/\/i0.wp.com\/www.24baires.com\/wp-content\/uploads\/2021\/03\/fern%C3%A1ndez-PJ.jpg?resize=350%2C200 1x, https:\/\/i0.wp.com\/www.24baires.com\/wp-content\/uploads\/2021\/03\/fern%C3%A1ndez-PJ.jpg?resize=525%2C300 1.5x"},"classes":[]},{"id":71133,"url":"http:\/\/www.24baires.com\/?p=71133","url_meta":{"origin":71179,"position":2},"title":"Scioli repudi\u00f3 la \u00abbrutal represi\u00f3n\u00bb en Tucum\u00e1n","author":"GB","date":"25\/08\/2015","format":false,"excerpt":"El gobernador de la provincia de Buenos Aires y candidato a presidente por el FpV cuestion\u00f3 a su contrincante de Cambiemos por \"arengar\" al pueblo tucumano en vez de reconocer su derrota en las urnas. \"Mi repudio a la brutal represi\u00f3n que se llev\u00f3 adelante en Tucum\u00e1n. Espero que la\u2026","rel":"","context":"En \u00abElecciones 2015\u00bb","block_context":{"text":"Elecciones 2015","link":"http:\/\/www.24baires.com\/?cat=74"},"img":{"alt_text":"scioli cierre campa\u00f1a","src":"https:\/\/i0.wp.com\/www.24baires.com\/wp-content\/uploads\/2015\/08\/scioli-cierre-campa%C3%B1a.jpg?resize=350%2C200","width":350,"height":200,"srcset":"https:\/\/i0.wp.com\/www.24baires.com\/wp-content\/uploads\/2015\/08\/scioli-cierre-campa%C3%B1a.jpg?resize=350%2C200 1x, https:\/\/i0.wp.com\/www.24baires.com\/wp-content\/uploads\/2015\/08\/scioli-cierre-campa%C3%B1a.jpg?resize=525%2C300 1.5x"},"classes":[]},{"id":37956,"url":"http:\/\/www.24baires.com\/?p=37956","url_meta":{"origin":71179,"position":3},"title":"El Gobernador bonaerense volvi\u00f3 a confirmar el aumento a la polic\u00eda","author":"GB","date":"05\/01\/2014","format":false,"excerpt":"El gobernador de la Provincia asegur\u00f3 que la decisi\u00f3n fue implementada \"por decreto y no habr\u00e1 vuelta atr\u00e1s\". \"La polic\u00eda est\u00e1 trabajando, el operativo Sol ha dado un resultado contundente, sin episodios que lamentar\", manifest\u00f3 en relaci\u00f3n al plan dispuesto para trabajos de calle en Mar del Plata. El gobernador\u2026","rel":"","context":"En \u00abPol\u00edtica\u00bb","block_context":{"text":"Pol\u00edtica","link":"http:\/\/www.24baires.com\/?cat=51"},"img":{"alt_text":"","src":"","width":0,"height":0},"classes":[]},{"id":119328,"url":"http:\/\/www.24baires.com\/?p=119328","url_meta":{"origin":71179,"position":4},"title":"Alberto: \u00abLos inculpados hablaban de que el pr\u00f3ximo soy yo\u00bb","author":"AF","date":"12\/09\/2022","format":false,"excerpt":"En una entrevista con el canal Telecinco Alberto Fern\u00e1ndez revel\u00f3 que los autores del ataque a la Vicepresidenta tambi\u00e9n lo ten\u00edan a \u00e9l como objetivo y agreg\u00f3 que \"es una banda de sinverg\u00fcenzas capaces de hacer semejante atrocidad\". El presidente Alberto Fern\u00e1ndez revel\u00f3 este lunes que los detenidos por el\u2026","rel":"","context":"En \u00abPol\u00edtica\u00bb","block_context":{"text":"Pol\u00edtica","link":"http:\/\/www.24baires.com\/?cat=51"},"img":{"alt_text":"","src":"https:\/\/i0.wp.com\/www.24baires.com\/wp-content\/uploads\/2022\/09\/alberto.jpg?resize=350%2C200","width":350,"height":200,"srcset":"https:\/\/i0.wp.com\/www.24baires.com\/wp-content\/uploads\/2022\/09\/alberto.jpg?resize=350%2C200 1x, https:\/\/i0.wp.com\/www.24baires.com\/wp-content\/uploads\/2022\/09\/alberto.jpg?resize=525%2C300 1.5x, https:\/\/i0.wp.com\/www.24baires.com\/wp-content\/uploads\/2022\/09\/alberto.jpg?resize=700%2C400 2x"},"classes":[]},{"id":72427,"url":"http:\/\/www.24baires.com\/?p=72427","url_meta":{"origin":71179,"position":5},"title":"Scioli le pidi\u00f3 a Macri que acepte y acate el fallo de la Corte tucumana","author":"GB","date":"21\/09\/2015","format":false,"excerpt":"El candidato a presidente del FpV solicit\u00f3 a su contrincante de Cambiemos que acepte el triunfo del oficialismo en Tucum\u00e1n y acate el fallo de la Corte Suprema de Justicia provincial que dio por v\u00e1lidos los comicios del 23 de agosto. \"A buena hora que (el candidato opositor Jos\u00e9) Cano\u2026","rel":"","context":"En \u00abPol\u00edtica\u00bb","block_context":{"text":"Pol\u00edtica","link":"http:\/\/www.24baires.com\/?cat=51"},"img":{"alt_text":"scioli","src":"https:\/\/i0.wp.com\/www.24baires.com\/wp-content\/uploads\/2015\/09\/scioli1.jpg?resize=350%2C200","width":350,"height":200,"srcset":"https:\/\/i0.wp.com\/www.24baires.com\/wp-content\/uploads\/2015\/09\/scioli1.jpg?resize=350%2C200 1x, https:\/\/i0.wp.com\/www.24baires.com\/wp-content\/uploads\/2015\/09\/scioli1.jpg?resize=525%2C300 1.5x"},"classes":[]}],"jetpack_sharing_enabled":true,"jetpack_likes_enabled":true,"jetpack_featured_media_url":"","_links":{"self":[{"href":"http:\/\/www.24baires.com\/index.php?rest_route=\/wp\/v2\/posts\/71179","targetHints":{"allow":["GET"]}}],"collection":[{"href":"http:\/\/www.24baires.com\/index.php?rest_route=\/wp\/v2\/posts"}],"about":[{"href":"http:\/\/www.24baires.com\/index.php?rest_route=\/wp\/v2\/types\/post"}],"author":[{"embeddable":true,"href":"http:\/\/www.24baires.com\/index.php?rest_route=\/wp\/v2\/users\/4"}],"replies":[{"embeddable":true,"href":"http:\/\/www.24baires.com\/index.php?rest_route=%2Fwp%2Fv2%2Fcomments&post=71179"}],"version-history":[{"count":1,"href":"http:\/\/www.24baires.com\/index.php?rest_route=\/wp\/v2\/posts\/71179\/revisions"}],"predecessor-version":[{"id":71180,"href":"http:\/\/www.24baires.com\/index.php?rest_route=\/wp\/v2\/posts\/71179\/revisions\/71180"}],"wp:attachment":[{"href":"http:\/\/www.24baires.com\/index.php?rest_route=%2Fwp%2Fv2%2Fmedia&parent=71179"}],"wp:term":[{"taxonomy":"category","embeddable":true,"href":"http:\/\/www.24baires.com\/index.php?rest_route=%2Fwp%2Fv2%2Fcategories&post=71179"},{"taxonomy":"post_tag","embeddable":true,"href":"http:\/\/www.24baires.com\/index.php?rest_route=%2Fwp%2Fv2%2Ftags&post=71179"}],"curies":[{"name":"wp","href":"https:\/\/api.w.org\/{rel}","templated":true}]}}