{"id":71163,"date":"2015-08-26T10:44:21","date_gmt":"2015-08-26T13:44:21","guid":{"rendered":"http:\/\/www.24baires.com\/?p=71163"},"modified":"2015-08-26T19:16:41","modified_gmt":"2015-08-26T22:16:41","slug":"anibal-fernandez-asusta-que-la-oposicion-pida-la-nulidad-de-las-elecciones","status":"publish","type":"post","link":"http:\/\/www.24baires.com\/?p=71163","title":{"rendered":"An\u00edbal Fern\u00e1ndez: \u201cAsusta que la oposici\u00f3n pida la nulidad de las elecciones\u201d"},"content":{"rendered":"<p><img data-recalc-dims=\"1\" loading=\"lazy\" decoding=\"async\" class=\"aligncenter size-full wp-image-63981\" src=\"https:\/\/i0.wp.com\/www.24baires.com\/wp-content\/uploads\/2015\/04\/anibal-conferencia.jpg?resize=560%2C379\" alt=\"anibal conferencia\" width=\"560\" height=\"379\" srcset=\"https:\/\/i0.wp.com\/www.24baires.com\/wp-content\/uploads\/2015\/04\/anibal-conferencia.jpg?w=560 560w, https:\/\/i0.wp.com\/www.24baires.com\/wp-content\/uploads\/2015\/04\/anibal-conferencia.jpg?resize=300%2C203 300w\" sizes=\"auto, (max-width: 560px) 100vw, 560px\" \/>El jefe de Gabinete se refiri\u00f3 esta ma\u00f1ana al pedido opositor respecto a los comicios en Tucum\u00e1n y ratific\u00f3 que \u00abno hubo indicios de fraude\u00bb, en sinton\u00eda con lo expresado por la Junta Electoral.<!--more--><\/p>\n<p>Fern\u00e1ndez afirm\u00f3 que la elecci\u00f3n \u201cest\u00e1 hecha y no se va a hacer de vuelta\u00bb, al tiempo que destac\u00f3 que el comicio desarrollado el domingo \u00abtiene un resultado \u00fanico\u00bb y \u00abJuan Manzur es el nuevo gobernador\u00bb de la provincia norte\u00f1a.<\/p>\n<p>\u00abLa elecci\u00f3n est\u00e1 hecha y no se va a hacer de vuelta, tiene un resultado \u00fanico: Juan Manzur es el nuevo gobernador. En d\u00edas m\u00e1s terminaremos el escrutinio definitivo\u201d y \u201cterminaremos con esta situaci\u00f3n generada por la oposici\u00f3n por no querer aceptar un resultado m\u00e1s que claro, sobre todo en cabeza de la derecha conservadora, expresada en la boca de (Mauricio) Macri que bate el parche sobre un dato que no tiene la m\u00e1s m\u00ednima idea de lo que significa Tucum\u00e1n, ni c\u00f3mo funciona una elecci\u00f3n ni qu\u00e9 fue lo que sucedi\u00f3\u201d, asever\u00f3 el funcionario nacional.<\/p>\n<p>En el marco de su habitual contacto matutino con la prensa en Casa de Gobierno, el ministro coordinador y candidato a gobernador bonaerense reiter\u00f3 que \u201cuna semana previa estaban batiendo el parche que iba a haber problemas en las elecciones\u201d y \u201cen cuanto comenz\u00f3 el escrutinio provisorio, comenzaron las denuncias de fraude\u201d, pero \u201csin aportar un dato espec\u00edfico de complicaci\u00f3n, salvo las 42 urnas que se quemaron, donde hay cuatro detenidos\u201d.<\/p>\n<p>Asimismo, se\u00f1al\u00f3 que suspender el escrutinio provisorio \u201ces una cosa sin sentido, porque est\u00e1 dentro del marco de este plan urdido una semana antes de deslegitimar las elecciones porque perd\u00edan, no ten\u00edan ninguna otra forma de resolverlo\u201d, y a\u00f1adi\u00f3 que \u201cel planteo posterior era la anulaci\u00f3n de las elecciones, ya no alcanzaba con parar el escrutinio, una cosa sin sentido\u201d.<\/p>\n<p>El jefe de ministros destac\u00f3 que el titular de la Junta Electoral, que \u201dno es un funcionario pol\u00edtico, sino judicial, (Antonio) Gandur \u201cfue muy gr\u00e1fico, no ha habido un solo hecho de fraude, de ninguna caracter\u00edstica\u201d, agreg\u00f3 que \u201ctodo es un invento que formaba parte del mismo plan urdido una semana antes y que seguramente lo veremos replicar en el Chaco y en otras provincias por las pr\u00f3ximas elecciones, y en la nacional seguramente har\u00e1n lo propio\u201d.<\/p>\n<p>Para Fern\u00e1ndez, \u201chay que esperar el escrutinio definitivo que es la forma en la que se tiene que expresar el voto de la voluntad popular\u201d.<\/p>\n<p>Sobre la represi\u00f3n policial del lunes en la capital tucumana en el marco de una protesta opositora, el jefe de Gabinete dijo que la polic\u00eda \u201cno se autogobierna, recibe instrucciones\u201d, al tiempo que declar\u00f3 que \u201cno responsabilizo a nadie\u201d porque \u201cno tengo elementos concretos\u201d para acusar.<\/p>\n<p>\u201cLas decisiones se toman siempre en cabeza de civiles, no en cabeza de polic\u00eda, la polic\u00eda no se autogobierna, la polic\u00eda recibe instrucciones y tiene que ser de esa manera, no s\u00e9 qu\u00e9 fue lo que sucedi\u00f3 en este caso, s\u00f3lo que el \u00fanico imputado es el jefe de polic\u00eda\u00bb Jos\u00e9 Bustamante, subray\u00f3.<\/p>\n","protected":false},"excerpt":{"rendered":"<p>El jefe de Gabinete se refiri\u00f3 esta ma\u00f1ana al pedido opositor respecto a los comicios en Tucum\u00e1n y ratific\u00f3 que \u00abno hubo indicios de fraude\u00bb, en sinton\u00eda con lo expresado por la Junta Electoral.<\/p>\n","protected":false},"author":4,"featured_media":0,"comment_status":"open","ping_status":"open","sticky":false,"template":"","format":"standard","meta":{"_jetpack_newsletter_access":"","_jetpack_dont_email_post_to_subs":false,"_jetpack_newsletter_tier_id":0,"_jetpack_memberships_contains_paywalled_content":false,"_jetpack_memberships_contains_paid_content":false,"footnotes":""},"categories":[51],"tags":[],"class_list":["post-71163","post","type-post","status-publish","format-standard","hentry","category-politica"],"jetpack_shortlink":"https:\/\/wp.me\/p2JWE0-ivN","jetpack-related-posts":[{"id":71077,"url":"http:\/\/www.24baires.com\/?p=71077","url_meta":{"origin":71163,"position":0},"title":"Manzur gan\u00f3 por m\u00e1s del 13%","author":"AF","date":"24\/08\/2015","format":false,"excerpt":"El candidato a gobernador de Tucum\u00e1n por el Frente para la Victoria, Juan Manzur, se impuso en las elecciones provinciales al obtener el 54,42 ciento de los votos contra el 40,76% de Jos\u00e9 Cano, del opositor Acuerdo para el Bicentenario, mientras que el gobernador Jos\u00e9 Alperovich propuso la apertura de\u2026","rel":"","context":"En \u00abElecciones 2015\u00bb","block_context":{"text":"Elecciones 2015","link":"http:\/\/www.24baires.com\/?cat=74"},"img":{"alt_text":"","src":"","width":0,"height":0},"classes":[]},{"id":72452,"url":"http:\/\/www.24baires.com\/?p=72452","url_meta":{"origin":71163,"position":1},"title":"Este martes Manzur ser\u00e1 proclamado gobernador electo de Tucum\u00e1n","author":"AF","date":"21\/09\/2015","format":false,"excerpt":"La Junta Electoral de Tucum\u00e1n proclamar\u00e1 ma\u00f1ana como gobernador electo de la provincia al candidato del Frente para la Victoria Juan Manzur, luego de que la Corte Suprema tucumana diera por v\u00e1lidos los comicios de agosto, decisi\u00f3n que fue reconocida por el candidato del opositor Acuerdo por el Bicentenario, Jos\u00e9\u2026","rel":"","context":"En \u00abElecciones 2015\u00bb","block_context":{"text":"Elecciones 2015","link":"http:\/\/www.24baires.com\/?cat=74"},"img":{"alt_text":"manzur votando","src":"https:\/\/i0.wp.com\/www.24baires.com\/wp-content\/uploads\/2015\/08\/manzur-votando.jpg?resize=350%2C200","width":350,"height":200,"srcset":"https:\/\/i0.wp.com\/www.24baires.com\/wp-content\/uploads\/2015\/08\/manzur-votando.jpg?resize=350%2C200 1x, https:\/\/i0.wp.com\/www.24baires.com\/wp-content\/uploads\/2015\/08\/manzur-votando.jpg?resize=525%2C300 1.5x"},"classes":[]},{"id":70850,"url":"http:\/\/www.24baires.com\/?p=70850","url_meta":{"origin":71163,"position":2},"title":"En Tucum\u00e1n, Scioli apoy\u00f3 a Manzur y critic\u00f3 a la \u201calianza del ajuste\u201d","author":"GB","date":"19\/08\/2015","format":false,"excerpt":"El candidato a presidente por el FpV, junto a su compa\u00f1ero de f\u00f3rmula Carlos Zannini, apoy\u00f3 al candidato a gobernador de Tucum\u00e1n y apunt\u00f3 contra la oposici\u00f3n. El candidato a presidente por el Frente para la Victoria (FpV), Daniel Scioli, junto a su compa\u00f1ero de f\u00f3rmula Carlos Zannini, apoy\u00f3 al\u2026","rel":"","context":"En \u00abPoliciales\u00bb","block_context":{"text":"Policiales","link":"http:\/\/www.24baires.com\/?cat=49"},"img":{"alt_text":"","src":"https:\/\/i0.wp.com\/www.24baires.com\/wp-content\/uploads\/2015\/08\/scioli-tucuman.jpg?resize=350%2C200","width":350,"height":200,"srcset":"https:\/\/i0.wp.com\/www.24baires.com\/wp-content\/uploads\/2015\/08\/scioli-tucuman.jpg?resize=350%2C200 1x, https:\/\/i0.wp.com\/www.24baires.com\/wp-content\/uploads\/2015\/08\/scioli-tucuman.jpg?resize=525%2C300 1.5x"},"classes":[]},{"id":71031,"url":"http:\/\/www.24baires.com\/?p=71031","url_meta":{"origin":71163,"position":3},"title":"Scioli celebr\u00f3 el triunfo con Manzur en Tucum\u00e1n","author":"GB","date":"24\/08\/2015","format":false,"excerpt":"El candidato a presidente por el FpV celebr\u00f3 el triunfo de Juan Manzur y destac\u00f3 que los tucumanos no se dejaron llevar por \"las campa\u00f1as negativas y des\u00e1nimo\" y por aquellos que \"hicieron una visita fugaz para querer embarrar la cancha\". Scioli lo expres\u00f3 al hablar en el b\u00fanker del\u2026","rel":"","context":"En \u00abPol\u00edtica\u00bb","block_context":{"text":"Pol\u00edtica","link":"http:\/\/www.24baires.com\/?cat=51"},"img":{"alt_text":"","src":"https:\/\/i0.wp.com\/www.24baires.com\/wp-content\/uploads\/2015\/08\/scioli-manzur.jpg?resize=350%2C200","width":350,"height":200,"srcset":"https:\/\/i0.wp.com\/www.24baires.com\/wp-content\/uploads\/2015\/08\/scioli-manzur.jpg?resize=350%2C200 1x, https:\/\/i0.wp.com\/www.24baires.com\/wp-content\/uploads\/2015\/08\/scioli-manzur.jpg?resize=525%2C300 1.5x"},"classes":[]},{"id":72523,"url":"http:\/\/www.24baires.com\/?p=72523","url_meta":{"origin":71163,"position":4},"title":"La Junta Electoral proclam\u00f3 a Manzur como gobernador de Tucum\u00e1n","author":"GB","date":"22\/09\/2015","format":false,"excerpt":"La Junta lo proclam\u00f3 dos d\u00edas despu\u00e9s de que la Corte Suprema de Tucum\u00e1n ratificara la validez de los comicios realizados en la provincia el 23 de agosto \u00faltimo. La Junta Electoral de Tucum\u00e1n proclam\u00f3 esta tarde a Juan Manzur como gobernador electo de esa provincia, dos d\u00edas despu\u00e9s de\u2026","rel":"","context":"En \u00abElecciones 2015\u00bb","block_context":{"text":"Elecciones 2015","link":"http:\/\/www.24baires.com\/?cat=74"},"img":{"alt_text":"","src":"https:\/\/i0.wp.com\/www.24baires.com\/wp-content\/uploads\/2015\/09\/manzur.jpg?resize=350%2C200","width":350,"height":200,"srcset":"https:\/\/i0.wp.com\/www.24baires.com\/wp-content\/uploads\/2015\/09\/manzur.jpg?resize=350%2C200 1x, https:\/\/i0.wp.com\/www.24baires.com\/wp-content\/uploads\/2015\/09\/manzur.jpg?resize=525%2C300 1.5x"},"classes":[]},{"id":72240,"url":"http:\/\/www.24baires.com\/?p=72240","url_meta":{"origin":71163,"position":5},"title":"An\u00edbal calific\u00f3 de \u00abdestituyente\u00bb la anulaci\u00f3n de comicios en Tucum\u00e1n","author":"AF","date":"17\/09\/2015","format":false,"excerpt":"El jefe de Gabinete consider\u00f3 \"de una gravedad institucional inusitada\" a la decisi\u00f3n del Tribunal Contencioso Administrativo de Tucum\u00e1n que anoche anul\u00f3 las elecciones realizadas el 23 de agosto y asegur\u00f3 no tener dudas de que la causa \u201ctiene que llegar a la Corte Suprema de Justicia de la Naci\u00f3n\u201d.\u2026","rel":"","context":"En \u00abElecciones 2015\u00bb","block_context":{"text":"Elecciones 2015","link":"http:\/\/www.24baires.com\/?cat=74"},"img":{"alt_text":"fern\u00e1ndez an\u00edbal2","src":"https:\/\/i0.wp.com\/www.24baires.com\/wp-content\/uploads\/2012\/11\/fern%C3%A1ndez-an%C3%ADbal2.jpg?resize=350%2C200","width":350,"height":200,"srcset":"https:\/\/i0.wp.com\/www.24baires.com\/wp-content\/uploads\/2012\/11\/fern%C3%A1ndez-an%C3%ADbal2.jpg?resize=350%2C200 1x, https:\/\/i0.wp.com\/www.24baires.com\/wp-content\/uploads\/2012\/11\/fern%C3%A1ndez-an%C3%ADbal2.jpg?resize=525%2C300 1.5x"},"classes":[]}],"jetpack_sharing_enabled":true,"jetpack_likes_enabled":true,"jetpack_featured_media_url":"","_links":{"self":[{"href":"http:\/\/www.24baires.com\/index.php?rest_route=\/wp\/v2\/posts\/71163","targetHints":{"allow":["GET"]}}],"collection":[{"href":"http:\/\/www.24baires.com\/index.php?rest_route=\/wp\/v2\/posts"}],"about":[{"href":"http:\/\/www.24baires.com\/index.php?rest_route=\/wp\/v2\/types\/post"}],"author":[{"embeddable":true,"href":"http:\/\/www.24baires.com\/index.php?rest_route=\/wp\/v2\/users\/4"}],"replies":[{"embeddable":true,"href":"http:\/\/www.24baires.com\/index.php?rest_route=%2Fwp%2Fv2%2Fcomments&post=71163"}],"version-history":[{"count":1,"href":"http:\/\/www.24baires.com\/index.php?rest_route=\/wp\/v2\/posts\/71163\/revisions"}],"predecessor-version":[{"id":71164,"href":"http:\/\/www.24baires.com\/index.php?rest_route=\/wp\/v2\/posts\/71163\/revisions\/71164"}],"wp:attachment":[{"href":"http:\/\/www.24baires.com\/index.php?rest_route=%2Fwp%2Fv2%2Fmedia&parent=71163"}],"wp:term":[{"taxonomy":"category","embeddable":true,"href":"http:\/\/www.24baires.com\/index.php?rest_route=%2Fwp%2Fv2%2Fcategories&post=71163"},{"taxonomy":"post_tag","embeddable":true,"href":"http:\/\/www.24baires.com\/index.php?rest_route=%2Fwp%2Fv2%2Ftags&post=71163"}],"curies":[{"name":"wp","href":"https:\/\/api.w.org\/{rel}","templated":true}]}}