{"id":71145,"date":"2015-08-25T18:53:58","date_gmt":"2015-08-25T21:53:58","guid":{"rendered":"http:\/\/www.24baires.com\/?p=71145"},"modified":"2015-08-25T18:53:58","modified_gmt":"2015-08-25T21:53:58","slug":"se-levanto-el-paro-y-este-miercoles-los-trenes-circularan-con-normalidad","status":"publish","type":"post","link":"http:\/\/www.24baires.com\/?p=71145","title":{"rendered":"Se levant\u00f3 el paro y este mi\u00e9rcoles los trenes circular\u00e1n con normalidad"},"content":{"rendered":"<p><img data-recalc-dims=\"1\" loading=\"lazy\" decoding=\"async\" class=\"aligncenter size-full wp-image-64335\" src=\"https:\/\/i0.wp.com\/www.24baires.com\/wp-content\/uploads\/2015\/04\/trenes.jpg?resize=560%2C373\" alt=\"trenes\" width=\"560\" height=\"373\" srcset=\"https:\/\/i0.wp.com\/www.24baires.com\/wp-content\/uploads\/2015\/04\/trenes.jpg?w=560 560w, https:\/\/i0.wp.com\/www.24baires.com\/wp-content\/uploads\/2015\/04\/trenes.jpg?resize=300%2C200 300w\" sizes=\"auto, (max-width: 560px) 100vw, 560px\" \/>La conducci\u00f3n sindical convino \u00abel mismo aumento salarial\u00bb que firmaron los otros tres gremios ferroviarios, pero introdujo \u00abuna cl\u00e1usula de revisi\u00f3n de las paritarias en marzo pr\u00f3ximo y un porcentaje para el bono que perciben los maquinistas\u00bb, asegur\u00f3 el secretario general de la organizaci\u00f3n, Omar Maturano.<!--more--><\/p>\n<p>El Sindicato de Maquinistas de Trenes La Fraternidad, que lidera Omar Maturano, y los funcionarios del Ministerio de Trabajo, alcanzaron finalmente un acuerdo salarial paritario en la cartera laboral, por lo que este mi\u00e9roles funcionar\u00e1n con normalidad los servicios ferroviarios.<\/p>\n<p>La cartera laboral inform\u00f3 esta tarde que luego de un nuevo encuentro con los representantes sindicales, encabezado por el ministro y la viceministra de Trabajo, Carlos Tomada y Noem\u00ed\u00ad Rial, \u00abse alcanz\u00f3 un acuerdo salarial y se levant\u00f3 la medida de fuerza\u00bb.<\/p>\n<p>Sindicalistas y funcionarios determinaron una paritaria de 16 meses, una mejora de los haberes del 27,8 por ciento para este a\u00f1o y otro 10 desde enero pr\u00f3ximo, de conformidad con lo ya convenido con los otros tres sindicatos ferroviarios, subray\u00f3 Trabajo.<\/p>\n<p>Tambi\u00e9n las partes acordaron la modificaci\u00f3n del convenio colectivo a partir de \u00abla mejora del adicional por jerarquizaci\u00f3n, vigente para el conductor de tr\u00e1fico de forma exclusiva, que pasar\u00e1 de un 10 a un 12 por ciento desde el 1\u00b0 de julio de 2016\u00bb, asegur\u00f3 la cartera de Estado en un comunicado de prensa.<\/p>\n<p>En las negociaciones realizadas esta tarde contra reloj en la sede laboral de la Avenida Leandro N. Alem al 600 tambi\u00e9n particip\u00f3 el subdirector nacional de Relaciones del Trabajo, Adri\u00e1n Caneto.<\/p>\n<p>Maturano coincidi\u00f3 esta tarde en que los dirigentes de La Fraternidad rubricaron \u00abel mismo acuerdo salarial\u00bb que la Uni\u00f3n Ferroviaria (UF) y las Asociaciones de Se\u00f1aleros de Ferrocarriles Argentinos (ASFA) y del Personal de Direcci\u00f3n (Apdfa).<\/p>\n<p>\u00abLa diferencia es que los fraternales lograron introducir una cl\u00e1usula para rediscutir los ingresos otra vez en marzo pr\u00f3ximo y obtuvieron las bonificaciones en los convenios\u00bb, dijo, por lo que funcionar\u00e1n los servicios de pasajeros, cargas y de turismo.<\/p>\n<p>Caneto se hab\u00ed\u00ada reunido ayer en la sede del sindicato, en el barrio porte\u00f1o de Balvanera, en tanto esta tarde continuaron las negociaciones que, finalmente, permitieron levantar el paro.<\/p>\n<p>El acuerdo paritario estaba vencido desde el 1\u00b0 de marzo, por lo que los trabajadores cobrar\u00e1n ese retroactivo y \u00abun porcentaje para el bono que ya perciben los conductores\u00bb, se\u00f1al\u00f3 Maturano.<\/p>\n<p>El dirigente sindical tambi\u00e9n reivindic\u00f3 la posibilidad de rediscutir \u00ablos salarios otra vez en marzo de 2016\u00bb.<\/p>\n","protected":false},"excerpt":{"rendered":"<p>La conducci\u00f3n sindical convino \u00abel mismo aumento salarial\u00bb que firmaron los otros tres gremios ferroviarios, pero introdujo \u00abuna cl\u00e1usula de revisi\u00f3n de las paritarias en marzo pr\u00f3ximo y un porcentaje para el bono que perciben los maquinistas\u00bb, asegur\u00f3 el secretario general de la organizaci\u00f3n, Omar Maturano.<\/p>\n","protected":false},"author":8,"featured_media":0,"comment_status":"open","ping_status":"open","sticky":false,"template":"","format":"standard","meta":{"_jetpack_newsletter_access":"","_jetpack_dont_email_post_to_subs":false,"_jetpack_newsletter_tier_id":0,"_jetpack_memberships_contains_paywalled_content":false,"_jetpack_memberships_contains_paid_content":false,"footnotes":""},"categories":[51],"tags":[],"class_list":["post-71145","post","type-post","status-publish","format-standard","hentry","category-politica"],"jetpack_shortlink":"https:\/\/wp.me\/p2JWE0-ivv","jetpack-related-posts":[{"id":70836,"url":"http:\/\/www.24baires.com\/?p=70836","url_meta":{"origin":71145,"position":0},"title":"Se posterg\u00f3 el paro de trenes y el jueves habr\u00e1 el servicio","author":"GB","date":"19\/08\/2015","format":false,"excerpt":"El titular del Sindicato de Maquinistas de Trenes, Omar Maturano, anunci\u00f3 hoy \"la suspensi\u00f3n del paro nacional de ma\u00f1ana hasta el pr\u00f3ximo mi\u00e9rcoles\" y garantiz\u00f3 \"la normal prestaci\u00f3n de los servicios en todo el pa\u00eds\". El titular del Sindicato de Maquinistas de Trenes Omar Maturano, anunci\u00f3 hoy \"la suspensi\u00f3n del\u2026","rel":"","context":"En \u00abPol\u00edtica\u00bb","block_context":{"text":"Pol\u00edtica","link":"http:\/\/www.24baires.com\/?cat=51"},"img":{"alt_text":"","src":"","width":0,"height":0},"classes":[]},{"id":71093,"url":"http:\/\/www.24baires.com\/?p=71093","url_meta":{"origin":71145,"position":1},"title":"El pr\u00f3ximo mi\u00e9rcoles habr\u00e1 paro de trenes","author":"AF","date":"24\/08\/2015","format":false,"excerpt":"El sindicato de conductores de trenes La Fraternidad ratific\u00f3 a las 18.30 el paro nacional de actividades por 24 horas para este mi\u00e9rcoles agosto, tras fracasar las negociaciones paritarias con funcionarios del Ministerio de Trabajo y la Secretar\u00eda de Transporte. El titular del gremio, Omar Maturano, se\u00f1al\u00f3 a la agencia\u2026","rel":"","context":"En \u00abSociedad\u00bb","block_context":{"text":"Sociedad","link":"http:\/\/www.24baires.com\/?cat=1"},"img":{"alt_text":"Tren Roca Quilmes","src":"https:\/\/i0.wp.com\/www.24baires.com\/wp-content\/uploads\/2013\/02\/Tren-Roca-Quilmes-300x225.jpg?resize=350%2C200","width":350,"height":200},"classes":[]},{"id":102928,"url":"http:\/\/www.24baires.com\/?p=102928","url_meta":{"origin":71145,"position":2},"title":"A pesar de las presiones del Gobierno, UTA y ferroviarios confirmaron que no se bajan del paro","author":"GB","date":"22\/06\/2018","format":false,"excerpt":"Desde el oficialismo tentaron a uno de los sindicatos con la adjudicaci\u00f3n de un predio, sin embargo todos aseguraron que el lunes la adhesi\u00f3n del transporte ser\u00e1 total. Todos los detalles. El paro nacional convocado por la CGT para el pr\u00f3ximo lunes ser\u00e1 total. Tanto la UTA, el gremio que\u2026","rel":"","context":"En \u00abPol\u00edtica\u00bb","block_context":{"text":"Pol\u00edtica","link":"http:\/\/www.24baires.com\/?cat=51"},"img":{"alt_text":"","src":"https:\/\/i0.wp.com\/www.24baires.com\/wp-content\/uploads\/2017\/06\/ferovaires-tren.jpg?resize=350%2C200","width":350,"height":200,"srcset":"https:\/\/i0.wp.com\/www.24baires.com\/wp-content\/uploads\/2017\/06\/ferovaires-tren.jpg?resize=350%2C200 1x, https:\/\/i0.wp.com\/www.24baires.com\/wp-content\/uploads\/2017\/06\/ferovaires-tren.jpg?resize=525%2C300 1.5x"},"classes":[]},{"id":12553,"url":"http:\/\/www.24baires.com\/?p=12553","url_meta":{"origin":71145,"position":3},"title":"Se levant\u00f3 el paro de trenes previsto para el martes 22","author":"AF","date":"17\/01\/2013","format":false,"excerpt":"Tras reunirse en Casa de Gobierno con Florencio Randazzo,\u00a0 la Fraternidad y la Uni\u00f3n Ferroviaria levantaron el paro nacional de 24 horas que se iba a realizar el martes 22, en apoyo a las demandas laborales de los trabajadores ferroviarios del servicio conocido como \"La Trochita\" en Chubut.\u00a0 As\u00ed lo\u2026","rel":"","context":"En \u00abSociedad\u00bb","block_context":{"text":"Sociedad","link":"http:\/\/www.24baires.com\/?cat=1"},"img":{"alt_text":"","src":"https:\/\/i0.wp.com\/www.24baires.com\/wp-content\/uploads\/2013\/01\/la-trochita.jpg?resize=350%2C200","width":350,"height":200,"srcset":"https:\/\/i0.wp.com\/www.24baires.com\/wp-content\/uploads\/2013\/01\/la-trochita.jpg?resize=350%2C200 1x, https:\/\/i0.wp.com\/www.24baires.com\/wp-content\/uploads\/2013\/01\/la-trochita.jpg?resize=525%2C300 1.5x"},"classes":[]},{"id":57376,"url":"http:\/\/www.24baires.com\/?p=57376","url_meta":{"origin":71145,"position":4},"title":"La UTA amenaza con un paro de colectivos por plus salarial","author":"GB","date":"19\/11\/2014","format":false,"excerpt":"Aunque no quisieron adelantarse al encuentro de m\u00e1s de 30 gremios de distintas ramas del transporte -automotor, mar\u00edtimo, aeroportuarios, ferroviarios y dem\u00e1s- dejaron entrever que habr\u00e1 cortes de servicios en reclamo por Ganancias y el plus salarial de fin de a\u00f1o. Los popes sindicales que mueven el transporte argentino se\u2026","rel":"","context":"En \u00abSociedad\u00bb","block_context":{"text":"Sociedad","link":"http:\/\/www.24baires.com\/?cat=1"},"img":{"alt_text":"colectivo 112 lan\u00fas","src":"https:\/\/i0.wp.com\/www.24baires.com\/wp-content\/uploads\/2014\/08\/colectivo-112-lan%C3%BAs-300x198.jpg?resize=350%2C200","width":350,"height":200},"classes":[]},{"id":65390,"url":"http:\/\/www.24baires.com\/?p=65390","url_meta":{"origin":71145,"position":5},"title":"A pesar de los cambios en Ganancias, gremios insisten con las protestas","author":"GB","date":"05\/05\/2015","format":false,"excerpt":"Los empleados bancarios se sumaron este martes a los gremios que est\u00e1n en conflicto, ante la falta de respuestas a pedidos de aumentos salariales y frente al intento del gobierno, por poner un techo a las negociaciones paritarias. El secretario general de La Bancaria, Sergio Palazzo, ratific\u00f3 la jornada de\u2026","rel":"","context":"En \u00abPol\u00edtica\u00bb","block_context":{"text":"Pol\u00edtica","link":"http:\/\/www.24baires.com\/?cat=51"},"img":{"alt_text":"","src":"https:\/\/i0.wp.com\/www.24baires.com\/wp-content\/uploads\/2015\/05\/gremios-contra-ganancias.jpg?resize=350%2C200","width":350,"height":200,"srcset":"https:\/\/i0.wp.com\/www.24baires.com\/wp-content\/uploads\/2015\/05\/gremios-contra-ganancias.jpg?resize=350%2C200 1x, https:\/\/i0.wp.com\/www.24baires.com\/wp-content\/uploads\/2015\/05\/gremios-contra-ganancias.jpg?resize=525%2C300 1.5x"},"classes":[]}],"jetpack_sharing_enabled":true,"jetpack_likes_enabled":true,"jetpack_featured_media_url":"","_links":{"self":[{"href":"http:\/\/www.24baires.com\/index.php?rest_route=\/wp\/v2\/posts\/71145","targetHints":{"allow":["GET"]}}],"collection":[{"href":"http:\/\/www.24baires.com\/index.php?rest_route=\/wp\/v2\/posts"}],"about":[{"href":"http:\/\/www.24baires.com\/index.php?rest_route=\/wp\/v2\/types\/post"}],"author":[{"embeddable":true,"href":"http:\/\/www.24baires.com\/index.php?rest_route=\/wp\/v2\/users\/8"}],"replies":[{"embeddable":true,"href":"http:\/\/www.24baires.com\/index.php?rest_route=%2Fwp%2Fv2%2Fcomments&post=71145"}],"version-history":[{"count":1,"href":"http:\/\/www.24baires.com\/index.php?rest_route=\/wp\/v2\/posts\/71145\/revisions"}],"predecessor-version":[{"id":71146,"href":"http:\/\/www.24baires.com\/index.php?rest_route=\/wp\/v2\/posts\/71145\/revisions\/71146"}],"wp:attachment":[{"href":"http:\/\/www.24baires.com\/index.php?rest_route=%2Fwp%2Fv2%2Fmedia&parent=71145"}],"wp:term":[{"taxonomy":"category","embeddable":true,"href":"http:\/\/www.24baires.com\/index.php?rest_route=%2Fwp%2Fv2%2Fcategories&post=71145"},{"taxonomy":"post_tag","embeddable":true,"href":"http:\/\/www.24baires.com\/index.php?rest_route=%2Fwp%2Fv2%2Ftags&post=71145"}],"curies":[{"name":"wp","href":"https:\/\/api.w.org\/{rel}","templated":true}]}}