{"id":71138,"date":"2015-08-25T16:00:51","date_gmt":"2015-08-25T19:00:51","guid":{"rendered":"http:\/\/www.24baires.com\/?p=71138"},"modified":"2015-08-25T15:21:54","modified_gmt":"2015-08-25T18:21:54","slug":"el-gobierno-busca-evitar-el-paro-de-trenes-convocado-para-manana-por-el-gremio-de-maquinistas-de-trenes-el-encuentro-tendra-lugar-a-partir-de-las-15-30-en-la-sede-central-de-la-cartera-laboral-ubic","status":"publish","type":"post","link":"http:\/\/www.24baires.com\/?p=71138","title":{"rendered":"Ministerio de Trabajo convoc\u00f3 a La Fraternidad"},"content":{"rendered":"<p><img data-recalc-dims=\"1\" loading=\"lazy\" decoding=\"async\" class=\"aligncenter size-full wp-image-27848\" src=\"https:\/\/i0.wp.com\/www.24baires.com\/wp-content\/uploads\/2013\/07\/tomada2.jpg?resize=560%2C314\" alt=\"tomada2\" width=\"560\" height=\"314\" srcset=\"https:\/\/i0.wp.com\/www.24baires.com\/wp-content\/uploads\/2013\/07\/tomada2.jpg?w=560 560w, https:\/\/i0.wp.com\/www.24baires.com\/wp-content\/uploads\/2013\/07\/tomada2.jpg?resize=300%2C168 300w\" sizes=\"auto, (max-width: 560px) 100vw, 560px\" \/>El Gobierno busca evitar el paro de trenes convocado para ma\u00f1ana por el gremio de maquinistas de trenes.<!--more--><\/p>\n<p>El encuentro tendr\u00e1 lugar a partir de las 15.30 en la sede central de la cartera laboral, ubicada en la avenida Leandro N. Alem 650 de la Ciudad de Buenos Aires.<\/p>\n<p>Desde ayer, La Fraternidad ratifica el paro de ma\u00f1ana pero, seg\u00fan trascendi\u00f3, aceptar\u00eda una convocatoria a continuar la negociaci\u00f3n salarial.<\/p>\n<p>\u00abNo queda otra cosa que ratificar la medida que hab\u00edamos suspendido la semana pasada\u00bb, dijo hoy el secretario de prensa de La Fraternidad, Horacio Caminos.<\/p>\n<p>Agreg\u00f3 que la medida que dejar\u00e1 sin trenes a todo el pa\u00eds se ratific\u00f3 luego de que \u00abfuncionarios del Ministerio de Trabajo\u00bb les informaran sobre las \u00abinfructuosas negociaciones en el Ministerio de Econom\u00eda para cerrar el conflicto por paritarias\u00bb.<\/p>\n<p>&nbsp;<\/p>\n<p>&nbsp;<\/p>\n<p>&nbsp;<\/p>\n<p>&nbsp;<\/p>\n<p>&nbsp;<\/p>\n<p>&nbsp;<\/p>\n<p>&nbsp;<\/p>\n<p>&nbsp;<\/p>\n<p>&nbsp;<\/p>\n<p>&nbsp;<\/p>\n<p>&nbsp;<\/p>\n<p>&nbsp;<\/p>\n<p>&nbsp;<\/p>\n","protected":false},"excerpt":{"rendered":"<p>El Gobierno busca evitar el paro de trenes convocado para ma\u00f1ana por el gremio de maquinistas de trenes.<\/p>\n","protected":false},"author":8,"featured_media":0,"comment_status":"open","ping_status":"open","sticky":false,"template":"","format":"standard","meta":{"_jetpack_newsletter_access":"","_jetpack_dont_email_post_to_subs":false,"_jetpack_newsletter_tier_id":0,"_jetpack_memberships_contains_paywalled_content":false,"_jetpack_memberships_contains_paid_content":false,"footnotes":""},"categories":[51],"tags":[],"class_list":["post-71138","post","type-post","status-publish","format-standard","hentry","category-politica"],"jetpack_shortlink":"https:\/\/wp.me\/p2JWE0-ivo","jetpack-related-posts":[{"id":71093,"url":"http:\/\/www.24baires.com\/?p=71093","url_meta":{"origin":71138,"position":0},"title":"El pr\u00f3ximo mi\u00e9rcoles habr\u00e1 paro de trenes","author":"AF","date":"24\/08\/2015","format":false,"excerpt":"El sindicato de conductores de trenes La Fraternidad ratific\u00f3 a las 18.30 el paro nacional de actividades por 24 horas para este mi\u00e9rcoles agosto, tras fracasar las negociaciones paritarias con funcionarios del Ministerio de Trabajo y la Secretar\u00eda de Transporte. El titular del gremio, Omar Maturano, se\u00f1al\u00f3 a la agencia\u2026","rel":"","context":"En \u00abSociedad\u00bb","block_context":{"text":"Sociedad","link":"http:\/\/www.24baires.com\/?cat=1"},"img":{"alt_text":"Tren Roca Quilmes","src":"https:\/\/i0.wp.com\/www.24baires.com\/wp-content\/uploads\/2013\/02\/Tren-Roca-Quilmes-300x225.jpg?resize=350%2C200","width":350,"height":200},"classes":[]},{"id":27493,"url":"http:\/\/www.24baires.com\/?p=27493","url_meta":{"origin":71138,"position":1},"title":"\u00abSon unos desvergonzados\u00bb lanz\u00f3 Randazzo a La Fraternidad","author":"Grupo Sierra","date":"03\/07\/2013","format":false,"excerpt":"El ministro del Interior y Transporte, Florencio Randazzo, asegur\u00f3 que la medida de fuerza sorpresiva dispuesta por La Fraternidad \u201ces consecuencia de la instalaci\u00f3n de c\u00e1maras en las cabinas de conducci\u00f3n\u201d, ya que \u201cel aguinaldo se paga el cuarto d\u00eda h\u00e1bil del mes\". El ministro del Interior y Transporte, Florencio\u2026","rel":"","context":"En \u00abSociedad\u00bb","block_context":{"text":"Sociedad","link":"http:\/\/www.24baires.com\/?cat=1"},"img":{"alt_text":"","src":"","width":0,"height":0},"classes":[]},{"id":70797,"url":"http:\/\/www.24baires.com\/?p=70797","url_meta":{"origin":71138,"position":2},"title":"El Gobierno propone \u00absentarse a dialogar\u00bb para evitar el paro de trenes del jueves","author":"AF","date":"19\/08\/2015","format":false,"excerpt":"El jefe de Gabinete, An\u00edbal Fern\u00e1ndez, volvi\u00f3 a pedirle a los dirigentes \"no hacerle la vida imposible a la sociedad\". \"Si se sientan a dialogar, en alg\u00fan momento se va a llegar a un acuerdo\", destac\u00f3. La Fraternidad ratific\u00f3 el paro esta ma\u00f1ana. An\u00edbal Fern\u00e1ndez agreg\u00f3 que \"hay que ver\u2026","rel":"","context":"En \u00abSociedad\u00bb","block_context":{"text":"Sociedad","link":"http:\/\/www.24baires.com\/?cat=1"},"img":{"alt_text":"an\u00edbal cierre","src":"https:\/\/i0.wp.com\/www.24baires.com\/wp-content\/uploads\/2015\/08\/an%C3%ADbal-cierre.jpg?resize=350%2C200","width":350,"height":200,"srcset":"https:\/\/i0.wp.com\/www.24baires.com\/wp-content\/uploads\/2015\/08\/an%C3%ADbal-cierre.jpg?resize=350%2C200 1x, https:\/\/i0.wp.com\/www.24baires.com\/wp-content\/uploads\/2015\/08\/an%C3%ADbal-cierre.jpg?resize=525%2C300 1.5x"},"classes":[]},{"id":12553,"url":"http:\/\/www.24baires.com\/?p=12553","url_meta":{"origin":71138,"position":3},"title":"Se levant\u00f3 el paro de trenes previsto para el martes 22","author":"AF","date":"17\/01\/2013","format":false,"excerpt":"Tras reunirse en Casa de Gobierno con Florencio Randazzo,\u00a0 la Fraternidad y la Uni\u00f3n Ferroviaria levantaron el paro nacional de 24 horas que se iba a realizar el martes 22, en apoyo a las demandas laborales de los trabajadores ferroviarios del servicio conocido como \"La Trochita\" en Chubut.\u00a0 As\u00ed lo\u2026","rel":"","context":"En \u00abSociedad\u00bb","block_context":{"text":"Sociedad","link":"http:\/\/www.24baires.com\/?cat=1"},"img":{"alt_text":"","src":"https:\/\/i0.wp.com\/www.24baires.com\/wp-content\/uploads\/2013\/01\/la-trochita.jpg?resize=350%2C200","width":350,"height":200,"srcset":"https:\/\/i0.wp.com\/www.24baires.com\/wp-content\/uploads\/2013\/01\/la-trochita.jpg?resize=350%2C200 1x, https:\/\/i0.wp.com\/www.24baires.com\/wp-content\/uploads\/2013\/01\/la-trochita.jpg?resize=525%2C300 1.5x"},"classes":[]},{"id":67310,"url":"http:\/\/www.24baires.com\/?p=67310","url_meta":{"origin":71138,"position":4},"title":"Amenaza de paro por la detenci\u00f3n del maquinista de Temperley","author":"GB","date":"10\/06\/2015","format":false,"excerpt":"\"La Fraternidad\" consider\u00f3 \"inusitado y sospechoso\" el accionar de la Justicia en el caso por el choque de trenes ocurrido en la L\u00ednea Roca el domingo pasado. La medida de fuerza ser\u00eda por tiempo indeterminado. Luego de realizar asambleas seccionales de la L\u00ednea General Roca, La Fraternidad eval\u00faa ordenar un\u2026","rel":"","context":"En \u00abSociedad\u00bb","block_context":{"text":"Sociedad","link":"http:\/\/www.24baires.com\/?cat=1"},"img":{"alt_text":"choque temperley","src":"https:\/\/i0.wp.com\/www.24baires.com\/wp-content\/uploads\/2015\/06\/choque-temperley.jpg?resize=350%2C200","width":350,"height":200,"srcset":"https:\/\/i0.wp.com\/www.24baires.com\/wp-content\/uploads\/2015\/06\/choque-temperley.jpg?resize=350%2C200 1x, https:\/\/i0.wp.com\/www.24baires.com\/wp-content\/uploads\/2015\/06\/choque-temperley.jpg?resize=525%2C300 1.5x"},"classes":[]},{"id":12436,"url":"http:\/\/www.24baires.com\/?p=12436","url_meta":{"origin":71138,"position":5},"title":"Paro nacional de trenes por un conflicto en \u00abLa Trochita\u00bb","author":"Grupo Sierra","date":"16\/01\/2013","format":false,"excerpt":"Trabajadores de La Uni\u00f3n Ferroviaria y La Fraternidad denunciaron que fueron cesanteados seis compa\u00f1eros de \"La Trochita\" en la provincia de Chubut y anunciaron un paro nacional para el martes pr\u00f3ximo en todos los servicios de carga y de pasajeros del pa\u00eds. Seg\u00fan inform\u00f3 el vocero de La Fraternidad, Horacio\u2026","rel":"","context":"En \u00abSociedad\u00bb","block_context":{"text":"Sociedad","link":"http:\/\/www.24baires.com\/?cat=1"},"img":{"alt_text":"","src":"","width":0,"height":0},"classes":[]}],"jetpack_sharing_enabled":true,"jetpack_likes_enabled":true,"jetpack_featured_media_url":"","_links":{"self":[{"href":"http:\/\/www.24baires.com\/index.php?rest_route=\/wp\/v2\/posts\/71138","targetHints":{"allow":["GET"]}}],"collection":[{"href":"http:\/\/www.24baires.com\/index.php?rest_route=\/wp\/v2\/posts"}],"about":[{"href":"http:\/\/www.24baires.com\/index.php?rest_route=\/wp\/v2\/types\/post"}],"author":[{"embeddable":true,"href":"http:\/\/www.24baires.com\/index.php?rest_route=\/wp\/v2\/users\/8"}],"replies":[{"embeddable":true,"href":"http:\/\/www.24baires.com\/index.php?rest_route=%2Fwp%2Fv2%2Fcomments&post=71138"}],"version-history":[{"count":3,"href":"http:\/\/www.24baires.com\/index.php?rest_route=\/wp\/v2\/posts\/71138\/revisions"}],"predecessor-version":[{"id":71141,"href":"http:\/\/www.24baires.com\/index.php?rest_route=\/wp\/v2\/posts\/71138\/revisions\/71141"}],"wp:attachment":[{"href":"http:\/\/www.24baires.com\/index.php?rest_route=%2Fwp%2Fv2%2Fmedia&parent=71138"}],"wp:term":[{"taxonomy":"category","embeddable":true,"href":"http:\/\/www.24baires.com\/index.php?rest_route=%2Fwp%2Fv2%2Fcategories&post=71138"},{"taxonomy":"post_tag","embeddable":true,"href":"http:\/\/www.24baires.com\/index.php?rest_route=%2Fwp%2Fv2%2Ftags&post=71138"}],"curies":[{"name":"wp","href":"https:\/\/api.w.org\/{rel}","templated":true}]}}