{"id":71103,"date":"2015-08-25T10:22:52","date_gmt":"2015-08-25T13:22:52","guid":{"rendered":"http:\/\/www.24baires.com\/?p=71103"},"modified":"2015-08-25T15:13:21","modified_gmt":"2015-08-25T18:13:21","slug":"anibal-en-tucuman-se-busca-deslegitimar-las-elecciones","status":"publish","type":"post","link":"http:\/\/www.24baires.com\/?p=71103","title":{"rendered":"An\u00edbal: \u00abEn Tucum\u00e1n se busca deslegitimar las elecciones\u00bb"},"content":{"rendered":"<p><img data-recalc-dims=\"1\" loading=\"lazy\" decoding=\"async\" class=\"aligncenter size-full wp-image-70083\" src=\"https:\/\/i0.wp.com\/www.24baires.com\/wp-content\/uploads\/2015\/08\/an%C3%ADbal-cierre.jpg?resize=560%2C370\" alt=\"an\u00edbal cierre\" width=\"560\" height=\"370\" srcset=\"https:\/\/i0.wp.com\/www.24baires.com\/wp-content\/uploads\/2015\/08\/an%C3%ADbal-cierre.jpg?w=560 560w, https:\/\/i0.wp.com\/www.24baires.com\/wp-content\/uploads\/2015\/08\/an%C3%ADbal-cierre.jpg?resize=300%2C198 300w\" sizes=\"auto, (max-width: 560px) 100vw, 560px\" \/>El jefe de Gabinete tambi\u00e9n se manifest\u00f3 \u00aben contra de la represi\u00f3n\u00bb registrada en la capital provincial en el marco de una marcha opositora para denunciar un supuesto fraude en los comicios en los que result\u00f3 ganador el candidato a gobernador del FpV, Juan Manzur.<!--more--><\/p>\n<p>\u00abEstoy en contra de la represi\u00f3n, pero tambi\u00e9n veo que esto tiene que ver con una profec\u00eda autocumplida donde dirigentes de la oposici\u00f3n toda la semana pasada estuvieron denunciando posibilidades de fraude\u00bb, afirm\u00f3 Fern\u00e1ndez al ingresar a la Casa Rosada.<\/p>\n<p>En su contacto con la prensa, a\u00f1adi\u00f3 que \u00abtoda la modalidad excede el manual de Jaime Dur\u00e1n Barba y tiene que ver con las acciones del Norte, que buscan deslegitimar las elecciones y tiene en sus voceros a personas como Laura Alonso (diputada del PRO) y Elisa Carri\u00f3\u00bb.<\/p>\n<p>\u00abLes quiero decir que lo de anoche en Tucum\u00e1n fue un sistema preparado afuera de nuestro pa\u00eds, \u00a1Algo muy grave, se\u00f1ores! Un sistema preparado para deslegitimar las elecciones de los argentinos, preparado y dirigido para estorbar, para generar enfrentamiento, para generar un hecho malo, para generar el caos, para generar lo que sucedi\u00f3 y para eso se bati\u00f3 el parche y se foment\u00f3 todo la semana y esto se articul\u00f3 con los sectores pol\u00edticos opositores en Tucum\u00e1n. Se que esto no saldr\u00e1 en ning\u00fan diario, en ning\u00fan portal de noticias\u00bb, dispar\u00f3 el funcionario.<\/p>\n<p>Asimismo, indic\u00f3 que \u00abel domingo en Tucum\u00e1n se cumplieron con todos los pasos legales\u00bb y \u00aben absoluta normalidad\u00bb.<\/p>\n<p>\u00abCon posterioridad a eso comienzan las denuncias, \u00bfsobre qu\u00e9 base? Sobre ninguna base. Todo era expresi\u00f3n de un fraude al aire, pero nunca se dec\u00eda sobre qu\u00e9\u00bb, remarc\u00f3.<\/p>\n<p>Sobre los choques entre manifestantes y polic\u00edas registradosfrente a la Casa de Gobierno tucumana, el jefe de Gabinete asever\u00f3: \u00abNo me satisface el tema de la represi\u00f3n, no me satisfacen acciones de estas caracter\u00edsticas porque no son saludables en ning\u00fan lado\u00bb.<\/p>\n<p>Asimismo, a\u00f1adi\u00f3: \u00abNo conozco los pormenores, no conozco razones, espero que no haya gente lastimada de gravedad\u00bb.<\/p>\n<p>\u00abLo que les quiero aclarar -advirti\u00f3- porque lo vamos a volver a ver en el Chaco a cort\u00edsimo plazo, porque es la pr\u00f3xima elecci\u00f3n que vamos a tener, es otra profec\u00eda autocumplida\u00bb.<\/p>\n<p>En ese marco, An\u00edbal Fern\u00e1ndez record\u00f3 \u00ablas expresiones a los cuatro vientos de los dirigentes opositores de Tucum\u00e1n, toda la semana batiendo el parche con que iban a pasar estas cosas parecidas a las que est\u00e1n pasando\u00bb, al tiempo que advirti\u00f3 que \u00abya esto excede al perverso y execrable Dur\u00e1n Barba, esto es un manual que viene de otro lugar, una de las tantas agencias que les gusta participar de las elecciones, pero en forma subrepticia, y con sus alcahuetes Laura Alonso, la doctora Carri\u00f3 y todo ese tipo de personajes que trabajan para ellos, seguramente cobrando por sus acciones que llevan a la pr\u00e1ctica\u00bb.<\/p>\n<p>Para el funcionario nacional, con este tipo de acciones violentas, -como las registradas en la noche del lunes en la Plaza Independencia de Tucum\u00e1n-, \u00ablo que realmente quieren es desligitimar las elecciones, tratar de deslegitimar las elecciones en la provincia. Se comienza con una acci\u00f3n de una semana antes generando todo tipo de sospechas y el &#8216;qu\u00e9 nos ir\u00e1 a pasar..'\u00bb, y agreg\u00f3: \u00abSe va a elecciones, la gente se expresa, no hay ning\u00fan conflicto, todo va bien, comienza con el escrutinio, y cuando comienza el escrutinio se comienza con &#8216;el ya pas\u00f3, ya pas\u00f3 y ya pas\u00f3..\u00bb.<\/p>\n<p>\u00abSi el presidente de la Junta Electoral en Tucum\u00e1n -les aclaro, no hay nadie del oficialismo en la Junta Electoral de Tucum\u00e1n- nos dice que no ha habido ning\u00fan problema, ning\u00fan contratiempo, que ha sido una jornada normal&#8230; \u00bfqu\u00e9 fue entonces la manifestaci\u00f3n de anoche? Un acto promocionado, batido el parche, fomentado por parte de la oposici\u00f3n que son actores principales y absolutamente convencidos de formar parte de esa acci\u00f3n para deslegitimar las elecciones\u00bb, insist\u00f3.<\/p>\n<p>Asimismo, indic\u00f3: \u00abSi toda la vida me jact\u00e9 de manejar 5 a\u00f1os las fuerzas federales e irme sin un herido y sin un muerto, tengo el derecho a decirles los que les digo. No estoy de acuerdo con la represi\u00f3n\u00bb.<\/p>\n<p>\u00abQuiero resaltar algo que nadie lo va a poner en ning\u00fan portal, en ning\u00fan diario, en ning\u00fan: esto fue un sistema preparado afuera de nuestro pa\u00eds, algo muy grave, un sistema preparado para desligitimar las elecciones de los argentinos, preparado y dirigido para estorbar, para generar enfrentamiento, para generar un hecho malo, para generar lo que sucedi\u00f3 y par eso se bati\u00f3 el parche y se lo foment\u00f3 todo la semana\u00bb, reiter\u00f3 el jefe de Gabinete.<\/p>\n","protected":false},"excerpt":{"rendered":"<p>El jefe de Gabinete tambi\u00e9n se manifest\u00f3 \u00aben contra de la represi\u00f3n\u00bb registrada en la capital provincial en el marco de una marcha opositora para denunciar un supuesto fraude en los comicios en los que result\u00f3 ganador el candidato a gobernador del FpV, Juan Manzur.<\/p>\n","protected":false},"author":4,"featured_media":0,"comment_status":"open","ping_status":"open","sticky":false,"template":"","format":"standard","meta":{"_jetpack_newsletter_access":"","_jetpack_dont_email_post_to_subs":false,"_jetpack_newsletter_tier_id":0,"_jetpack_memberships_contains_paywalled_content":false,"_jetpack_memberships_contains_paid_content":false,"footnotes":""},"categories":[51],"tags":[],"class_list":["post-71103","post","type-post","status-publish","format-standard","hentry","category-politica"],"jetpack_shortlink":"https:\/\/wp.me\/p2JWE0-iuP","jetpack-related-posts":[{"id":71163,"url":"http:\/\/www.24baires.com\/?p=71163","url_meta":{"origin":71103,"position":0},"title":"An\u00edbal Fern\u00e1ndez: \u201cAsusta que la oposici\u00f3n pida la nulidad de las elecciones\u201d","author":"AF","date":"26\/08\/2015","format":false,"excerpt":"El jefe de Gabinete se refiri\u00f3 esta ma\u00f1ana al pedido opositor respecto a los comicios en Tucum\u00e1n y ratific\u00f3 que \"no hubo indicios de fraude\", en sinton\u00eda con lo expresado por la Junta Electoral. Fern\u00e1ndez afirm\u00f3 que la elecci\u00f3n \u201cest\u00e1 hecha y no se va a hacer de vuelta\", al\u2026","rel":"","context":"En \u00abPol\u00edtica\u00bb","block_context":{"text":"Pol\u00edtica","link":"http:\/\/www.24baires.com\/?cat=51"},"img":{"alt_text":"anibal conferencia","src":"https:\/\/i0.wp.com\/www.24baires.com\/wp-content\/uploads\/2015\/04\/anibal-conferencia.jpg?resize=350%2C200","width":350,"height":200,"srcset":"https:\/\/i0.wp.com\/www.24baires.com\/wp-content\/uploads\/2015\/04\/anibal-conferencia.jpg?resize=350%2C200 1x, https:\/\/i0.wp.com\/www.24baires.com\/wp-content\/uploads\/2015\/04\/anibal-conferencia.jpg?resize=525%2C300 1.5x"},"classes":[]},{"id":71381,"url":"http:\/\/www.24baires.com\/?p=71381","url_meta":{"origin":71103,"position":1},"title":"\u00abMacri est\u00e1 tratando de deslegitimizar la elecci\u00f3n porque no tiene otra forma de ganarla\u201d","author":"GB","date":"31\/08\/2015","format":false,"excerpt":"El jefe de Gabinete se refiri\u00f3 a las denuncias de la oposici\u00f3n sobre los comicios en Tucum\u00e1n y asegur\u00f3 que \u201cMacri es el campe\u00f3n mundial de las campa\u00f1as sucias\u201d. En ese sentido, Fern\u00e1ndez record\u00f3 que \u201chasta en Salta critic\u00f3 la elecci\u00f3n y denunci\u00f3 fraude cuando se hizo con boleta eletro\u00f3nica\u201d.\u2026","rel":"","context":"En \u00abPol\u00edtica\u00bb","block_context":{"text":"Pol\u00edtica","link":"http:\/\/www.24baires.com\/?cat=51"},"img":{"alt_text":"anibal conferencia","src":"https:\/\/i0.wp.com\/www.24baires.com\/wp-content\/uploads\/2015\/04\/anibal-conferencia.jpg?resize=350%2C200","width":350,"height":200,"srcset":"https:\/\/i0.wp.com\/www.24baires.com\/wp-content\/uploads\/2015\/04\/anibal-conferencia.jpg?resize=350%2C200 1x, https:\/\/i0.wp.com\/www.24baires.com\/wp-content\/uploads\/2015\/04\/anibal-conferencia.jpg?resize=525%2C300 1.5x"},"classes":[]},{"id":116790,"url":"http:\/\/www.24baires.com\/?p=116790","url_meta":{"origin":71103,"position":2},"title":"Alberto Fern\u00e1ndez llam\u00f3 a Joe Biden, el futuro presidente de Estados Unidos","author":"AF","date":"30\/11\/2020","format":false,"excerpt":"El Presidente se comunic\u00f3 con el flamante ganador de las elecciones en Estados Unidos al tiempo que Arizona confirm\u00f3 su victoria. El presidente Alberto Fern\u00e1ndez se comunic\u00f3 por tel\u00e9fono este lunes con el flamante ganador de las elecciones en Estados Unidos, Joe Biden, en el mismo d\u00eda en que el\u2026","rel":"","context":"En \u00abLocales\u00bb","block_context":{"text":"Locales","link":"http:\/\/www.24baires.com\/?cat=38"},"img":{"alt_text":"","src":"https:\/\/i0.wp.com\/www.24baires.com\/wp-content\/uploads\/2020\/08\/alberto-anuncio.jpg?resize=350%2C200","width":350,"height":200,"srcset":"https:\/\/i0.wp.com\/www.24baires.com\/wp-content\/uploads\/2020\/08\/alberto-anuncio.jpg?resize=350%2C200 1x, https:\/\/i0.wp.com\/www.24baires.com\/wp-content\/uploads\/2020\/08\/alberto-anuncio.jpg?resize=525%2C300 1.5x"},"classes":[]},{"id":72256,"url":"http:\/\/www.24baires.com\/?p=72256","url_meta":{"origin":71103,"position":3},"title":"Scioli: \u00abIntentan deslegitimar una elecci\u00f3n ganada por 100 mil votos\u00bb","author":"AF","date":"17\/09\/2015","format":false,"excerpt":"El candidato presidencial del Frente para la Victoria, Daniel Scioli, critic\u00f3 el fallo que anul\u00f3 los comicios en la provincia de Tucum\u00e1n y asever\u00f3 que \"la elecci\u00f3n se gan\u00f3 por m\u00e1s de 100 mil votos e intentan deslegitimarla\". En declaracioes radiales, pidi\u00f3 \"acatar la voluntad popular\" y sostuvo que es\u2026","rel":"","context":"En \u00abElecciones 2015\u00bb","block_context":{"text":"Elecciones 2015","link":"http:\/\/www.24baires.com\/?cat=74"},"img":{"alt_text":"scioli voto paso15","src":"https:\/\/i0.wp.com\/www.24baires.com\/wp-content\/uploads\/2015\/08\/scioli-voto-paso15.jpg?resize=350%2C200","width":350,"height":200,"srcset":"https:\/\/i0.wp.com\/www.24baires.com\/wp-content\/uploads\/2015\/08\/scioli-voto-paso15.jpg?resize=350%2C200 1x, https:\/\/i0.wp.com\/www.24baires.com\/wp-content\/uploads\/2015\/08\/scioli-voto-paso15.jpg?resize=525%2C300 1.5x"},"classes":[]},{"id":71129,"url":"http:\/\/www.24baires.com\/?p=71129","url_meta":{"origin":71103,"position":4},"title":"La Junta Electoral rechaz\u00f3 la posibilidad de anular la elecci\u00f3n de Tucum\u00e1n","author":"AF","date":"25\/08\/2015","format":false,"excerpt":"El presidente de la Junta Electoral de Tucum\u00e1n, Antonio Gandur, rechaz\u00f3 la posibilidad de anular las elecciones provinciales que se desarrollaron el \u00faltimo domingo y dijo que \"hasta el momento no hay ning\u00fan elemento que permita decir que hubo fraude\", tal como denunci\u00f3 el opositor Acuerdo por el Bicentenario. En\u2026","rel":"","context":"En \u00abElecciones 2015\u00bb","block_context":{"text":"Elecciones 2015","link":"http:\/\/www.24baires.com\/?cat=74"},"img":{"alt_text":"urnas","src":"https:\/\/i0.wp.com\/www.24baires.com\/wp-content\/uploads\/2015\/08\/urnas.jpg?resize=350%2C200","width":350,"height":200,"srcset":"https:\/\/i0.wp.com\/www.24baires.com\/wp-content\/uploads\/2015\/08\/urnas.jpg?resize=350%2C200 1x, https:\/\/i0.wp.com\/www.24baires.com\/wp-content\/uploads\/2015\/08\/urnas.jpg?resize=525%2C300 1.5x"},"classes":[]},{"id":71125,"url":"http:\/\/www.24baires.com\/?p=71125","url_meta":{"origin":71103,"position":5},"title":"Cano ratific\u00f3 la denuncia por fraude, pero reconoce una posible derrota","author":"AF","date":"25\/08\/2015","format":false,"excerpt":"Jos\u00e9 Cano, el candidato a gobernador de Tucum\u00e1n por Acuerdo por el Bicentenario en las elecciones del domingo pasado, admiti\u00f3 hoy como \"probable\" un triunfo de Juan Manzur (FpV) a la gobernaci\u00f3n de Tucum\u00e1n, luego de realizarse el escrutinio definitivo de votos, en el cual espera recuperar \"muchos votos\". \"Es\u2026","rel":"","context":"En \u00abElecciones 2015\u00bb","block_context":{"text":"Elecciones 2015","link":"http:\/\/www.24baires.com\/?cat=74"},"img":{"alt_text":"","src":"https:\/\/i0.wp.com\/www.24baires.com\/wp-content\/uploads\/2015\/08\/jos%C3%A9-cano-tucum%C3%A1n.jpg?resize=350%2C200","width":350,"height":200,"srcset":"https:\/\/i0.wp.com\/www.24baires.com\/wp-content\/uploads\/2015\/08\/jos%C3%A9-cano-tucum%C3%A1n.jpg?resize=350%2C200 1x, https:\/\/i0.wp.com\/www.24baires.com\/wp-content\/uploads\/2015\/08\/jos%C3%A9-cano-tucum%C3%A1n.jpg?resize=525%2C300 1.5x"},"classes":[]}],"jetpack_sharing_enabled":true,"jetpack_likes_enabled":true,"jetpack_featured_media_url":"","_links":{"self":[{"href":"http:\/\/www.24baires.com\/index.php?rest_route=\/wp\/v2\/posts\/71103","targetHints":{"allow":["GET"]}}],"collection":[{"href":"http:\/\/www.24baires.com\/index.php?rest_route=\/wp\/v2\/posts"}],"about":[{"href":"http:\/\/www.24baires.com\/index.php?rest_route=\/wp\/v2\/types\/post"}],"author":[{"embeddable":true,"href":"http:\/\/www.24baires.com\/index.php?rest_route=\/wp\/v2\/users\/4"}],"replies":[{"embeddable":true,"href":"http:\/\/www.24baires.com\/index.php?rest_route=%2Fwp%2Fv2%2Fcomments&post=71103"}],"version-history":[{"count":1,"href":"http:\/\/www.24baires.com\/index.php?rest_route=\/wp\/v2\/posts\/71103\/revisions"}],"predecessor-version":[{"id":71104,"href":"http:\/\/www.24baires.com\/index.php?rest_route=\/wp\/v2\/posts\/71103\/revisions\/71104"}],"wp:attachment":[{"href":"http:\/\/www.24baires.com\/index.php?rest_route=%2Fwp%2Fv2%2Fmedia&parent=71103"}],"wp:term":[{"taxonomy":"category","embeddable":true,"href":"http:\/\/www.24baires.com\/index.php?rest_route=%2Fwp%2Fv2%2Fcategories&post=71103"},{"taxonomy":"post_tag","embeddable":true,"href":"http:\/\/www.24baires.com\/index.php?rest_route=%2Fwp%2Fv2%2Ftags&post=71103"}],"curies":[{"name":"wp","href":"https:\/\/api.w.org\/{rel}","templated":true}]}}