{"id":71031,"date":"2015-08-24T10:00:57","date_gmt":"2015-08-24T13:00:57","guid":{"rendered":"http:\/\/www.24baires.com\/?p=71031"},"modified":"2015-08-25T15:13:10","modified_gmt":"2015-08-25T18:13:10","slug":"scioli-celebro-el-triunfo-con-manzur-en-tucuman","status":"publish","type":"post","link":"http:\/\/www.24baires.com\/?p=71031","title":{"rendered":"Scioli celebr\u00f3 el triunfo con Manzur en Tucum\u00e1n"},"content":{"rendered":"<p><img data-recalc-dims=\"1\" loading=\"lazy\" decoding=\"async\" class=\"aligncenter size-full wp-image-71032\" src=\"https:\/\/i0.wp.com\/www.24baires.com\/wp-content\/uploads\/2015\/08\/scioli-manzur.jpg?resize=560%2C313\" alt=\"scioli manzur\" width=\"560\" height=\"313\" srcset=\"https:\/\/i0.wp.com\/www.24baires.com\/wp-content\/uploads\/2015\/08\/scioli-manzur.jpg?w=560 560w, https:\/\/i0.wp.com\/www.24baires.com\/wp-content\/uploads\/2015\/08\/scioli-manzur.jpg?resize=300%2C168 300w\" sizes=\"auto, (max-width: 560px) 100vw, 560px\" \/>El candidato a presidente por el FpV celebr\u00f3 el triunfo de Juan Manzur y destac\u00f3 que los tucumanos no se dejaron llevar por \u00ablas campa\u00f1as negativas y des\u00e1nimo\u00bb y por aquellos que \u00abhicieron una visita fugaz para querer embarrar la cancha\u00bb.<!--more--><\/p>\n<p>Scioli lo expres\u00f3 al hablar en el b\u00fanker del oficialismo en Tucum\u00e1n, donde la militancia festej\u00f3 el triunfo obtenido por el candidato a la gobernaci\u00f3n del oficialismo, Juan Manzur, que se impon\u00eda con el 63,15 por ciento de los votos por sobre el principal candidato de la oposici\u00f3n, Jos\u00e9 Cano, que alcanza el 32,78, escrutado el 17,10 de las mesas.<\/p>\n<p>Pasadas las 2 de la ma\u00f1ana y acompa\u00f1ado por Manzur, Scioli habl\u00f3 de cara a la militancia y all\u00ed felicit\u00f3 a los tucumanos \u00abpor esta decisi\u00f3n de votar a favor de mucha esperanza, por confiar en Juan Manzur y este equipo conducido por (Jos\u00e9) Alperovich\u00bb.<\/p>\n<p>\u00abEste sentimiento el pueblo tucumano no se dej\u00f3 llevar por las campa\u00f1as negativas ni el des\u00e1nimo\u00bb, resalt\u00f3 Scioli, y agreg\u00f3: \u00abLlamento que el jefe de la flamante alianza (por Mauricio Macri) en una visita fugaz vino a querer embarrar la cancha, como lo hicieron previamente\u00bb.<\/p>\n<p>Sin embargo, destac\u00f3 que \u00aba pesar de todo, con independencia el pueblo no vot\u00f3 el cambio para atr\u00e1s, sino que vot\u00f3 seguir cambiando Tucum\u00e1n y la Argentina\u00bb.<br \/>\nAl mismo tiempo, destac\u00f3 a la presidenta Cristina Fern\u00e1ndez de Kirchner, que \u00abcon sus pol\u00edticas permiti\u00f3 este claro triunfo en las urnas\u00bb.<\/p>\n<p>Scioli lleg\u00f3 anoche a Tucum\u00e1n para acompa\u00f1ar al candidato a gobernador, y apenas arrib\u00f3 adelant\u00f3 que \u00ablos primeros resultados que tenemos son muy esperanzadores para nuestro espacio\u00bb y pidi\u00f3 que \u00ablos perdedores muestren s\u00edntomas de madurez y responsabilidad aceptando los resultados\u00bb.<\/p>\n<p>Scioli lleg\u00f3 acompa\u00f1ado por otros dirigentes y funcionarios nacionales, entre ellos el jefe de Gabinete An\u00edbal Fern\u00e1ndez, y se traslad\u00f3 directamente desde el aeropuerto Benjam\u00edn Matienzo hasta la Casa de Gobierno, donde lo esperaban Manzur y Alperovich.<\/p>\n<p>El gobernador de Buenos Aires cuestion\u00f3 la posici\u00f3n de la oposici\u00f3n porque \u00abquieren poner en dudas el escrutinio\u00bb, pero resalt\u00f3 que \u00abla presencia de los fiscales le brind\u00f3 garant\u00edas al proceso electoral\u00bb.<\/p>\n<p>\u00abEsto no es un hecho aislado porque primero impidieron que los j\u00f3venes voten, luego se intent\u00f3 suspender la elecci\u00f3n y ahora ponen duda sobre este acto democr\u00e1tico al que los tucumanos se volcaron libremente\u00bb, agreg\u00f3.<\/p>\n<p>Cuando se le consult\u00f3 sobre el sistema electoral que rige en la provincia, Scioli se\u00f1al\u00f3 que \u00abtodo se puede mejorar, pero este sistema se vot\u00f3 en las PASO con un nivel de seguridad importante\u00bb.<\/p>\n<p>Seg\u00fan el candidato a presidente por el FpV, \u00abla gente rechaz\u00f3 en las urnas esta campa\u00f1a negativa y apoy\u00f3 la continuidad de un proceso que lleva varios a\u00f1os evitando votar al pasado y apost\u00f3 por un futuro mejor\u00bb.<\/p>\n","protected":false},"excerpt":{"rendered":"<p>El candidato a presidente por el FpV celebr\u00f3 el triunfo de Juan Manzur y destac\u00f3 que los tucumanos no se dejaron llevar por \u00ablas campa\u00f1as negativas y des\u00e1nimo\u00bb y por aquellos que \u00abhicieron una visita fugaz para querer embarrar la cancha\u00bb.<\/p>\n","protected":false},"author":8,"featured_media":0,"comment_status":"open","ping_status":"open","sticky":false,"template":"","format":"standard","meta":{"_jetpack_newsletter_access":"","_jetpack_dont_email_post_to_subs":false,"_jetpack_newsletter_tier_id":0,"_jetpack_memberships_contains_paywalled_content":false,"_jetpack_memberships_contains_paid_content":false,"footnotes":""},"categories":[51],"tags":[],"class_list":["post-71031","post","type-post","status-publish","format-standard","hentry","category-politica"],"jetpack_shortlink":"https:\/\/wp.me\/p2JWE0-itF","jetpack-related-posts":[{"id":70850,"url":"http:\/\/www.24baires.com\/?p=70850","url_meta":{"origin":71031,"position":0},"title":"En Tucum\u00e1n, Scioli apoy\u00f3 a Manzur y critic\u00f3 a la \u201calianza del ajuste\u201d","author":"GB","date":"19\/08\/2015","format":false,"excerpt":"El candidato a presidente por el FpV, junto a su compa\u00f1ero de f\u00f3rmula Carlos Zannini, apoy\u00f3 al candidato a gobernador de Tucum\u00e1n y apunt\u00f3 contra la oposici\u00f3n. El candidato a presidente por el Frente para la Victoria (FpV), Daniel Scioli, junto a su compa\u00f1ero de f\u00f3rmula Carlos Zannini, apoy\u00f3 al\u2026","rel":"","context":"En \u00abPoliciales\u00bb","block_context":{"text":"Policiales","link":"http:\/\/www.24baires.com\/?cat=49"},"img":{"alt_text":"","src":"https:\/\/i0.wp.com\/www.24baires.com\/wp-content\/uploads\/2015\/08\/scioli-tucuman.jpg?resize=350%2C200","width":350,"height":200,"srcset":"https:\/\/i0.wp.com\/www.24baires.com\/wp-content\/uploads\/2015\/08\/scioli-tucuman.jpg?resize=350%2C200 1x, https:\/\/i0.wp.com\/www.24baires.com\/wp-content\/uploads\/2015\/08\/scioli-tucuman.jpg?resize=525%2C300 1.5x"},"classes":[]},{"id":72427,"url":"http:\/\/www.24baires.com\/?p=72427","url_meta":{"origin":71031,"position":1},"title":"Scioli le pidi\u00f3 a Macri que acepte y acate el fallo de la Corte tucumana","author":"GB","date":"21\/09\/2015","format":false,"excerpt":"El candidato a presidente del FpV solicit\u00f3 a su contrincante de Cambiemos que acepte el triunfo del oficialismo en Tucum\u00e1n y acate el fallo de la Corte Suprema de Justicia provincial que dio por v\u00e1lidos los comicios del 23 de agosto. \"A buena hora que (el candidato opositor Jos\u00e9) Cano\u2026","rel":"","context":"En \u00abPol\u00edtica\u00bb","block_context":{"text":"Pol\u00edtica","link":"http:\/\/www.24baires.com\/?cat=51"},"img":{"alt_text":"scioli","src":"https:\/\/i0.wp.com\/www.24baires.com\/wp-content\/uploads\/2015\/09\/scioli1.jpg?resize=350%2C200","width":350,"height":200,"srcset":"https:\/\/i0.wp.com\/www.24baires.com\/wp-content\/uploads\/2015\/09\/scioli1.jpg?resize=350%2C200 1x, https:\/\/i0.wp.com\/www.24baires.com\/wp-content\/uploads\/2015\/09\/scioli1.jpg?resize=525%2C300 1.5x"},"classes":[]},{"id":71017,"url":"http:\/\/www.24baires.com\/?p=71017","url_meta":{"origin":71031,"position":2},"title":"Elecciones en Tucum\u00e1n: \u00abTenemos esperanza, pero los que deciden son los tucumanos\u00bb, dijo Manzur","author":"AF","date":"23\/08\/2015","format":false,"excerpt":"El candidato a gobernador de Tucum\u00e1n por el Frente para la Victoria, el ex ministro de Salud de la Naci\u00f3n Juan Manzur, formul\u00f3 estas declaraciones al emitir su voto minutos antes del mediod\u00eda. Manzur se\u00f1al\u00f3: \"Nosotros tenemos esperanza y entusiasmo para seguir construyendo, pero los que deciden son los tucumanos\u2026","rel":"","context":"En \u00abElecciones 2015\u00bb","block_context":{"text":"Elecciones 2015","link":"http:\/\/www.24baires.com\/?cat=74"},"img":{"alt_text":"manzur votando","src":"https:\/\/i0.wp.com\/www.24baires.com\/wp-content\/uploads\/2015\/08\/manzur-votando-300x199.jpg?resize=350%2C200","width":350,"height":200},"classes":[]},{"id":74338,"url":"http:\/\/www.24baires.com\/?p=74338","url_meta":{"origin":71031,"position":3},"title":"Scioli: \u00abTrabajemos sin descanso de ac\u00e1 al 22 de noviembre\u00bb","author":"AF","date":"29\/10\/2015","format":false,"excerpt":"El candidato presidencial del Frente Para la Victoria, Daniel Scioli, habl\u00f3 tras participar de la asunci\u00f3n de Juan Manzur como gobernador de Tucum\u00e1n. \"Juntos encaremos esta agenda de desarrollo y equidad\", agreg\u00f3. El candidato presidencial del Frente para la Victoria (FPV), Daniel Scioli, le pidi\u00f3 hoy a los tucumanos que\u2026","rel":"","context":"En \u00abElecciones 2015\u00bb","block_context":{"text":"Elecciones 2015","link":"http:\/\/www.24baires.com\/?cat=74"},"img":{"alt_text":"","src":"https:\/\/i0.wp.com\/www.24baires.com\/wp-content\/uploads\/2015\/10\/mazur-scioli.jpg?resize=350%2C200","width":350,"height":200,"srcset":"https:\/\/i0.wp.com\/www.24baires.com\/wp-content\/uploads\/2015\/10\/mazur-scioli.jpg?resize=350%2C200 1x, https:\/\/i0.wp.com\/www.24baires.com\/wp-content\/uploads\/2015\/10\/mazur-scioli.jpg?resize=525%2C300 1.5x"},"classes":[]},{"id":108593,"url":"http:\/\/www.24baires.com\/?p=108593","url_meta":{"origin":71031,"position":4},"title":"Alberto Fern\u00e1ndez recibi\u00f3 al gobernador tucumano Manzur","author":"AF","date":"05\/06\/2019","format":false,"excerpt":"El precandidato a presidente por el Partido Justicialista se reuni\u00f3 con quien este domingo ir\u00e1 por la reelecci\u00f3n. Estiman que este jueves ser\u00e1 dado de alta. El precandidato presidencial peronista Alberto Fern\u00e1ndez recibi\u00f3 al gobernador de Tucum\u00e1n Juan Manzur, quien este domingo ir\u00e1 por la reelecci\u00f3n, a horas de ser\u2026","rel":"","context":"En \u00abPol\u00edtica\u00bb","block_context":{"text":"Pol\u00edtica","link":"http:\/\/www.24baires.com\/?cat=51"},"img":{"alt_text":"","src":"https:\/\/i0.wp.com\/www.24baires.com\/wp-content\/uploads\/2019\/06\/manzur-fern%C3%A1ndez.jpg?resize=350%2C200","width":350,"height":200,"srcset":"https:\/\/i0.wp.com\/www.24baires.com\/wp-content\/uploads\/2019\/06\/manzur-fern%C3%A1ndez.jpg?resize=350%2C200 1x, https:\/\/i0.wp.com\/www.24baires.com\/wp-content\/uploads\/2019\/06\/manzur-fern%C3%A1ndez.jpg?resize=525%2C300 1.5x"},"classes":[]},{"id":71125,"url":"http:\/\/www.24baires.com\/?p=71125","url_meta":{"origin":71031,"position":5},"title":"Cano ratific\u00f3 la denuncia por fraude, pero reconoce una posible derrota","author":"AF","date":"25\/08\/2015","format":false,"excerpt":"Jos\u00e9 Cano, el candidato a gobernador de Tucum\u00e1n por Acuerdo por el Bicentenario en las elecciones del domingo pasado, admiti\u00f3 hoy como \"probable\" un triunfo de Juan Manzur (FpV) a la gobernaci\u00f3n de Tucum\u00e1n, luego de realizarse el escrutinio definitivo de votos, en el cual espera recuperar \"muchos votos\". \"Es\u2026","rel":"","context":"En \u00abElecciones 2015\u00bb","block_context":{"text":"Elecciones 2015","link":"http:\/\/www.24baires.com\/?cat=74"},"img":{"alt_text":"","src":"https:\/\/i0.wp.com\/www.24baires.com\/wp-content\/uploads\/2015\/08\/jos%C3%A9-cano-tucum%C3%A1n.jpg?resize=350%2C200","width":350,"height":200,"srcset":"https:\/\/i0.wp.com\/www.24baires.com\/wp-content\/uploads\/2015\/08\/jos%C3%A9-cano-tucum%C3%A1n.jpg?resize=350%2C200 1x, https:\/\/i0.wp.com\/www.24baires.com\/wp-content\/uploads\/2015\/08\/jos%C3%A9-cano-tucum%C3%A1n.jpg?resize=525%2C300 1.5x"},"classes":[]}],"jetpack_sharing_enabled":true,"jetpack_likes_enabled":true,"jetpack_featured_media_url":"","_links":{"self":[{"href":"http:\/\/www.24baires.com\/index.php?rest_route=\/wp\/v2\/posts\/71031","targetHints":{"allow":["GET"]}}],"collection":[{"href":"http:\/\/www.24baires.com\/index.php?rest_route=\/wp\/v2\/posts"}],"about":[{"href":"http:\/\/www.24baires.com\/index.php?rest_route=\/wp\/v2\/types\/post"}],"author":[{"embeddable":true,"href":"http:\/\/www.24baires.com\/index.php?rest_route=\/wp\/v2\/users\/8"}],"replies":[{"embeddable":true,"href":"http:\/\/www.24baires.com\/index.php?rest_route=%2Fwp%2Fv2%2Fcomments&post=71031"}],"version-history":[{"count":1,"href":"http:\/\/www.24baires.com\/index.php?rest_route=\/wp\/v2\/posts\/71031\/revisions"}],"predecessor-version":[{"id":71033,"href":"http:\/\/www.24baires.com\/index.php?rest_route=\/wp\/v2\/posts\/71031\/revisions\/71033"}],"wp:attachment":[{"href":"http:\/\/www.24baires.com\/index.php?rest_route=%2Fwp%2Fv2%2Fmedia&parent=71031"}],"wp:term":[{"taxonomy":"category","embeddable":true,"href":"http:\/\/www.24baires.com\/index.php?rest_route=%2Fwp%2Fv2%2Fcategories&post=71031"},{"taxonomy":"post_tag","embeddable":true,"href":"http:\/\/www.24baires.com\/index.php?rest_route=%2Fwp%2Fv2%2Ftags&post=71031"}],"curies":[{"name":"wp","href":"https:\/\/api.w.org\/{rel}","templated":true}]}}