{"id":70992,"date":"2015-08-22T13:11:41","date_gmt":"2015-08-22T16:11:41","guid":{"rendered":"http:\/\/www.24baires.com\/?p=70992"},"modified":"2015-08-23T11:16:33","modified_gmt":"2015-08-23T14:16:33","slug":"cristina-inaugura-obras-de-remodelacion-del-museo-nacional-de-bellas-artes","status":"publish","type":"post","link":"http:\/\/www.24baires.com\/?p=70992","title":{"rendered":"Para Cristina la inauguraci\u00f3n de obras en el Museo Nacional: \u00abpermitir\u00e1 el acceso de todos\u00bb"},"content":{"rendered":"<p><img data-recalc-dims=\"1\" loading=\"lazy\" decoding=\"async\" class=\"aligncenter size-full wp-image-70993\" src=\"https:\/\/i0.wp.com\/www.24baires.com\/wp-content\/uploads\/2015\/08\/cristina-museo.jpg?resize=560%2C313\" alt=\"cristina museo\" width=\"560\" height=\"313\" srcset=\"https:\/\/i0.wp.com\/www.24baires.com\/wp-content\/uploads\/2015\/08\/cristina-museo.jpg?w=560 560w, https:\/\/i0.wp.com\/www.24baires.com\/wp-content\/uploads\/2015\/08\/cristina-museo.jpg?resize=300%2C168 300w\" sizes=\"auto, (max-width: 560px) 100vw, 560px\" \/>La presidenta Cristina Fern\u00e1ndez de Kirchner encabez\u00f3 el acto de inauguraci\u00f3n de obras de remodelaci\u00f3n del edificio del Museo nacional de Bellas Artes, ubicado en el barrio de Recoleta, en Buenos Aires.<!--more--><\/p>\n<p>La presidenta Cristina Fern\u00e1ndez de Kirchner destac\u00f3 hoy que la inauguraci\u00f3n de 18 nuevas salas del Museo Nacional de Bellas Artes \u00abpermitir\u00e1n el acceso a la cultura de todos los sectores con entrada libre y gratuita\u00bb.<\/p>\n<p>Desde la Sala Antonio Berni, la Mandataria dijo que hoy es un d\u00eda \u00abmuy especial\u00bb porque la reapertura de nuevas salas \u00abpermitir\u00e1 exhibir m\u00e1s obras y con m\u00e1s continuidad\u00bb.<\/p>\n<p>En el mismo acro, la presidenta anunci\u00f3 la decisi\u00f3n del pais de restituir m\u00e1s de 4000 piezas de arte pertenecientes al patrimonio cultural a Per\u00fa y Ecuador. \u00abEs un honor y un placer estar restituyendo su patrimonio cultural en un mundo que se han caracterizado en arrebatar el patrimonio cultural a esos pueblos\u00bb.<\/p>\n<p>\u00abSer\u00eda importante que se pueda cobrar una patente cultural cuando no nos devuelven los tesoros culturales\u00bb, y se\u00f1al\u00f3 que \u00abde esa manera tambi\u00e9n vivir\u00edamos en un mundo mejor\u00bb, agreg\u00f3.<\/p>\n","protected":false},"excerpt":{"rendered":"<p>La presidenta Cristina Fern\u00e1ndez de Kirchner encabez\u00f3 el acto de inauguraci\u00f3n de obras de remodelaci\u00f3n del edificio del Museo nacional de Bellas Artes, ubicado en el barrio de Recoleta, en Buenos Aires.<\/p>\n","protected":false},"author":8,"featured_media":0,"comment_status":"open","ping_status":"open","sticky":false,"template":"","format":"standard","meta":{"_jetpack_newsletter_access":"","_jetpack_dont_email_post_to_subs":false,"_jetpack_newsletter_tier_id":0,"_jetpack_memberships_contains_paywalled_content":false,"_jetpack_memberships_contains_paid_content":false,"footnotes":""},"categories":[51],"tags":[],"class_list":["post-70992","post","type-post","status-publish","format-standard","hentry","category-politica"],"jetpack_shortlink":"https:\/\/wp.me\/p2JWE0-it2","jetpack-related-posts":[{"id":70974,"url":"http:\/\/www.24baires.com\/?p=70974","url_meta":{"origin":70992,"position":0},"title":"Cristina inaugurar\u00e1 el s\u00e1bado nuevas salas en el Museo Nacional de Bellas Artes","author":"GB","date":"21\/08\/2015","format":false,"excerpt":"La mandataria cumplir\u00e1 en los pr\u00f3ximos d\u00edas con dos compromisos que debi\u00f3 suspender a fines de julio cuando se le diagnostic\u00f3 una laringitis aguda. Adem\u00e1s del acto en el MNBA, el pr\u00f3ximo mi\u00e9rcoles encabezar\u00e1 los festejos por el 161\u00b0 aniversario de la Bolsa de Comercio. La presidenta Cristina Kirchner encabezar\u00e1\u2026","rel":"","context":"En \u00abSociedad\u00bb","block_context":{"text":"Sociedad","link":"http:\/\/www.24baires.com\/?cat=1"},"img":{"alt_text":"cristina cadena","src":"https:\/\/i0.wp.com\/www.24baires.com\/wp-content\/uploads\/2015\/08\/cristina-cadena.jpg?resize=350%2C200","width":350,"height":200,"srcset":"https:\/\/i0.wp.com\/www.24baires.com\/wp-content\/uploads\/2015\/08\/cristina-cadena.jpg?resize=350%2C200 1x, https:\/\/i0.wp.com\/www.24baires.com\/wp-content\/uploads\/2015\/08\/cristina-cadena.jpg?resize=525%2C300 1.5x"},"classes":[]},{"id":55884,"url":"http:\/\/www.24baires.com\/?p=55884","url_meta":{"origin":70992,"position":1},"title":"Cristina se reunir\u00e1 con Estela de Carlotto y a su nieto en Olivos","author":"GB","date":"23\/10\/2014","format":false,"excerpt":"La presidenta Cristina Fern\u00e1ndez de Kirchner recibir\u00e1 hoy a la titular de Abuelas de Plaza de Mayo, Estela de Carlotto, y a su nieto Ignacio Guido Montoya Carlotto en la Residencia de Olivos y luego partir\u00e1 a Chaco para encabezar los actos de inauguraci\u00f3n de un centro de biotecnolog\u00eda moderna\u2026","rel":"","context":"En \u00abPol\u00edtica\u00bb","block_context":{"text":"Pol\u00edtica","link":"http:\/\/www.24baires.com\/?cat=51"},"img":{"alt_text":"cristina y guido 2","src":"https:\/\/i0.wp.com\/www.24baires.com\/wp-content\/uploads\/2014\/08\/cristina-y-guido-2.jpg?resize=350%2C200","width":350,"height":200,"srcset":"https:\/\/i0.wp.com\/www.24baires.com\/wp-content\/uploads\/2014\/08\/cristina-y-guido-2.jpg?resize=350%2C200 1x, https:\/\/i0.wp.com\/www.24baires.com\/wp-content\/uploads\/2014\/08\/cristina-y-guido-2.jpg?resize=525%2C300 1.5x"},"classes":[]},{"id":14873,"url":"http:\/\/www.24baires.com\/?p=14873","url_meta":{"origin":70992,"position":2},"title":"El Tren Universitario de La Plata \u00abest\u00e1 en la etapa final de pruebas\u201d asegur\u00f3 Randazzo","author":"Grupo Sierra","date":"06\/02\/2013","format":false,"excerpt":"LA PLATA.- El ministro del Interior y Transporte, Florencio Randazzo, se reuni\u00f3 esta ma\u00f1ana con el intendente de La Plata, Pablo Buera, para avanzar en temas de gesti\u00f3n como las pruebas finales del Tren Universitario, la construcci\u00f3n de pasos bajo a nivel en Villa Elisa y City Bell y la\u2026","rel":"","context":"En \u00abLocales\u00bb","block_context":{"text":"Locales","link":"http:\/\/www.24baires.com\/?cat=38"},"img":{"alt_text":"","src":"https:\/\/i0.wp.com\/www.24baires.com\/wp-content\/uploads\/2013\/02\/bruera-randazzo-tren.jpg?resize=350%2C200","width":350,"height":200,"srcset":"https:\/\/i0.wp.com\/www.24baires.com\/wp-content\/uploads\/2013\/02\/bruera-randazzo-tren.jpg?resize=350%2C200 1x, https:\/\/i0.wp.com\/www.24baires.com\/wp-content\/uploads\/2013\/02\/bruera-randazzo-tren.jpg?resize=525%2C300 1.5x"},"classes":[]},{"id":42784,"url":"http:\/\/www.24baires.com\/?p=42784","url_meta":{"origin":70992,"position":3},"title":"Cristina y la esperada inauguraci\u00f3n de obras en Aeroparque","author":"Grupo Sierra","date":"26\/03\/2014","format":false,"excerpt":"La presidenta Cristina Fern\u00e1ndez de Kirchner mostrar\u00e1 esta tarde las obras de ampliaci\u00f3n del aeroparque metropolitano Jorge Newbery, y luego recibir\u00e1 en Olivos a directivos de la firma DirecTV por inversiones en Argentina. En primer lugar, la mandataria encabezar\u00e1 a las 18 la inauguraci\u00f3n dos nuevos edificios en el Aeroparque\u2026","rel":"","context":"En \u00abGeneral\u00bb","block_context":{"text":"General","link":"http:\/\/www.24baires.com\/?cat=67"},"img":{"alt_text":"cristina sesiones 2014","src":"https:\/\/i0.wp.com\/www.24baires.com\/wp-content\/uploads\/2014\/03\/cristina-sesiones-2014.jpg?resize=350%2C200","width":350,"height":200,"srcset":"https:\/\/i0.wp.com\/www.24baires.com\/wp-content\/uploads\/2014\/03\/cristina-sesiones-2014.jpg?resize=350%2C200 1x, https:\/\/i0.wp.com\/www.24baires.com\/wp-content\/uploads\/2014\/03\/cristina-sesiones-2014.jpg?resize=525%2C300 1.5x"},"classes":[]},{"id":33239,"url":"http:\/\/www.24baires.com\/?p=33239","url_meta":{"origin":70992,"position":4},"title":"Boudou: \u201csomos el equipo de Cristina, somos un proyecto colectivo\u201d","author":"GB","date":"08\/10\/2013","format":false,"excerpt":"El vicepresidente Amado Boudou destac\u00f3 \"no hay un proyecto individual, sino un proyecto colectivo, un proyecto de pa\u00eds\", encabezado por la Presidenta. Lo dijo en la inauguraci\u00f3n de un puente sobre el r\u00edo Ctalamochita, en C\u00f3rdoba. A su vez, Boudou asegur\u00f3 hoy que las transformaciones que vivi\u00f3 la Argentina en\u2026","rel":"","context":"En \u00abPol\u00edtica\u00bb","block_context":{"text":"Pol\u00edtica","link":"http:\/\/www.24baires.com\/?cat=51"},"img":{"alt_text":"","src":"https:\/\/i0.wp.com\/www.24baires.com\/wp-content\/uploads\/2013\/10\/Boudu.jpg?resize=350%2C200","width":350,"height":200},"classes":[]},{"id":63567,"url":"http:\/\/www.24baires.com\/?p=63567","url_meta":{"origin":70992,"position":5},"title":"Cristina recibi\u00f3 al secretario de Obras P\u00fablicas y al titular del Banco Naci\u00f3n","author":"AF","date":"25\/03\/2015","format":false,"excerpt":"La presidenta Cristina Fern\u00e1ndez de Kirchner recibi\u00f3 en la residencia de Olivos al secretario de Obras P\u00fablicas, Jos\u00e9 L\u00f3pez, y al presidente del Banco de la Naci\u00f3n, Juan Forl\u00f3n, informaron fuentes oficiales. Cristina retom\u00f3 la actividad oficial y dialog\u00f3 en primer t\u00e9rmino con el secretario de Obras P\u00fablicas, y luego\u2026","rel":"","context":"En \u00abPol\u00edtica\u00bb","block_context":{"text":"Pol\u00edtica","link":"http:\/\/www.24baires.com\/?cat=51"},"img":{"alt_text":"","src":"","width":0,"height":0},"classes":[]}],"jetpack_sharing_enabled":true,"jetpack_likes_enabled":true,"jetpack_featured_media_url":"","_links":{"self":[{"href":"http:\/\/www.24baires.com\/index.php?rest_route=\/wp\/v2\/posts\/70992","targetHints":{"allow":["GET"]}}],"collection":[{"href":"http:\/\/www.24baires.com\/index.php?rest_route=\/wp\/v2\/posts"}],"about":[{"href":"http:\/\/www.24baires.com\/index.php?rest_route=\/wp\/v2\/types\/post"}],"author":[{"embeddable":true,"href":"http:\/\/www.24baires.com\/index.php?rest_route=\/wp\/v2\/users\/8"}],"replies":[{"embeddable":true,"href":"http:\/\/www.24baires.com\/index.php?rest_route=%2Fwp%2Fv2%2Fcomments&post=70992"}],"version-history":[{"count":3,"href":"http:\/\/www.24baires.com\/index.php?rest_route=\/wp\/v2\/posts\/70992\/revisions"}],"predecessor-version":[{"id":70997,"href":"http:\/\/www.24baires.com\/index.php?rest_route=\/wp\/v2\/posts\/70992\/revisions\/70997"}],"wp:attachment":[{"href":"http:\/\/www.24baires.com\/index.php?rest_route=%2Fwp%2Fv2%2Fmedia&parent=70992"}],"wp:term":[{"taxonomy":"category","embeddable":true,"href":"http:\/\/www.24baires.com\/index.php?rest_route=%2Fwp%2Fv2%2Fcategories&post=70992"},{"taxonomy":"post_tag","embeddable":true,"href":"http:\/\/www.24baires.com\/index.php?rest_route=%2Fwp%2Fv2%2Ftags&post=70992"}],"curies":[{"name":"wp","href":"https:\/\/api.w.org\/{rel}","templated":true}]}}