{"id":70987,"date":"2015-08-22T12:47:32","date_gmt":"2015-08-22T15:47:32","guid":{"rendered":"http:\/\/www.24baires.com\/?p=70987"},"modified":"2015-08-22T12:47:32","modified_gmt":"2015-08-22T15:47:32","slug":"scioli-yo-quiero-ser-el-presidente-pyme","status":"publish","type":"post","link":"http:\/\/www.24baires.com\/?p=70987","title":{"rendered":"Scioli: \u201cYo quiero ser el presidente Pyme\u201d"},"content":{"rendered":"<p><img data-recalc-dims=\"1\" loading=\"lazy\" decoding=\"async\" class=\"aligncenter size-full wp-image-70988\" src=\"https:\/\/i0.wp.com\/www.24baires.com\/wp-content\/uploads\/2015\/08\/frances-1.jpg?resize=510%2C338\" alt=\"frances 1\" width=\"510\" height=\"338\" srcset=\"https:\/\/i0.wp.com\/www.24baires.com\/wp-content\/uploads\/2015\/08\/frances-1.jpg?w=510 510w, https:\/\/i0.wp.com\/www.24baires.com\/wp-content\/uploads\/2015\/08\/frances-1.jpg?resize=300%2C199 300w\" sizes=\"auto, (max-width: 510px) 100vw, 510px\" \/><\/p>\n<p>El candidato a presidente por el FpV prometi\u00f3 implementar instrumentos crediticios para nuevos emprendimientos, y se diferenci\u00f3 de las iniciativas econ\u00f3micas planteadas por la oposici\u00f3n a las que calific\u00f3 de \u201cinquietantes\u201d.<!--more--><br \/>\nEn el acto por el D\u00eda del Empresario Nacional realizado en el Paseo La Plaza, Scioli se comprometi\u00f3 frente a unos 300 directivos de firmas presentes, en el caso de resultar electo, \u201cavanzar con la implementaci\u00f3n de nuevos instrumentos para financiar sus emprendimientos porque eso genera empleo, inclusi\u00f3n social de la mano del trabajo\u201d.<\/p>\n<p>Acompa\u00f1ado por la ministra de Industria D\u00e9bora Giorgi, el presidente de la C\u00e1mara de Diputados, Juli\u00e1n Dominguez, y la viceministra de Trabajo, Noem\u00eda Rial, el candidato presidencial del FpV plante\u00f3 como una iniciativa de su plataforma de gobierno la sanci\u00f3n de una ley de Pagar\u00e9 Bursatil, lo que fue aplaudido por todo el auditorio.<\/p>\n<p>Por las empresas de comunicacion el dirigente de ARBIA y CoRaMeCO Osvaldo Frances acompa\u00f1o al canditato a Presidente y dijo: \u00abNo tengo dudas que Daniel sera nuestro proximo Presidente al cual acompa\u00f1aremos con toda nuestra fuerza\u00bb.<\/p>\n<p><img data-recalc-dims=\"1\" loading=\"lazy\" decoding=\"async\" class=\"aligncenter size-full wp-image-70989\" src=\"https:\/\/i0.wp.com\/www.24baires.com\/wp-content\/uploads\/2015\/08\/frances-2.jpg?resize=518%2C442\" alt=\"frances 2\" width=\"518\" height=\"442\" srcset=\"https:\/\/i0.wp.com\/www.24baires.com\/wp-content\/uploads\/2015\/08\/frances-2.jpg?w=518 518w, https:\/\/i0.wp.com\/www.24baires.com\/wp-content\/uploads\/2015\/08\/frances-2.jpg?resize=300%2C256 300w\" sizes=\"auto, (max-width: 518px) 100vw, 518px\" \/><\/p>\n<p>Adem\u00e1s puso como ejes principales \u201cconvertir a la banca p\u00fablica nacional, como lo hice con el Banco Provincia, en grandes bancas de desarrollo porque es central para apoyar los proyectos de las econom\u00edas regionales y de los parques industriales\u201d.<\/p>\n<p>Scioli, quien volvi\u00f3 a recordar sus or\u00edgenes empresariales, exhort\u00f3 a los titulares de las compa\u00f1\u00edas a que \u201cse la jueguen por Argentina, que inviertan con confianza en el pa\u00eds\u201d y, sin rodeos, les pidi\u00f3 el apoyo del sector en las urnas el pr\u00f3ximo 25 de octubre \u201cporque este proyecto pol\u00edtico es el m\u00e1s coherente, el m\u00e1s previsible\u201d y \u201cyo quiero ser el presidente Pyme\u201d.<\/p>\n<p>Durante su alocuci\u00f3n Scioli se diferenci\u00f3 del discurso econ\u00f3mico que pregona la oposici\u00f3n encabezada por el candidato de Cambiemos, Mauricio Macri (PRO), y sentenci\u00f3: \u201cEl camino es el gradualismo para enfrentar todos los problemas, pero no podemos volver al ajuste, al endeudamiento ni al enfriamiento de la econom\u00eda\u201d.<\/p>\n<p>Scioli remarc\u00f3: \u201cNuestro convicci\u00f3n est\u00e1 en el mercado interno, en el desendeudamiento, en conquistar nuevos mercados para aumentar las exportaciones y en no volver al ajuste\u201d.<\/p>\n<p>Previo a reunirse con la presidenta Cristina Fern\u00e1ndez de Kirchner en Casa de Gobierno, el candidato kirchnerista a presidente manifest\u00f3 su compromiso \u00aba conquistar nuevos mercados, promover asociaciones productivas con empresas nacionales\u00bb.<\/p>\n<p>En ese marco, sostuvo que \u00ablos industriales deben saber que tenemos un pa\u00eds desendeudado con un proyecto pol\u00edtico que es el m\u00e1s consistente, el m\u00e1s nacional y popular\u00bb.<\/p>\n<p>En el acto organizado por el titular de la Confederaci\u00f3n General Econ\u00f3mica Empresaria de la Rep\u00fablica Argentina (Cgera), cuyo titular es Marcelo Fern\u00e1ndez, Scioli breg\u00f3 por \u201cun gran acuerdo nacional por el desarrollo\u201d y concluy\u00f3: \u201cArgentina necesita que sigamos creciendo y no un cambio\u201d.<\/p>\n","protected":false},"excerpt":{"rendered":"<p>El candidato a presidente por el FpV prometi\u00f3 implementar instrumentos crediticios para nuevos emprendimientos, y se diferenci\u00f3 de las iniciativas econ\u00f3micas planteadas por la oposici\u00f3n a las que calific\u00f3 de \u201cinquietantes\u201d.<\/p>\n","protected":false},"author":11,"featured_media":0,"comment_status":"open","ping_status":"open","sticky":false,"template":"","format":"standard","meta":{"_jetpack_newsletter_access":"","_jetpack_dont_email_post_to_subs":false,"_jetpack_newsletter_tier_id":0,"_jetpack_memberships_contains_paywalled_content":false,"_jetpack_memberships_contains_paid_content":false,"footnotes":""},"categories":[51],"tags":[],"class_list":["post-70987","post","type-post","status-publish","format-standard","hentry","category-politica"],"jetpack_shortlink":"https:\/\/wp.me\/p2JWE0-isX","jetpack-related-posts":[{"id":101122,"url":"http:\/\/www.24baires.com\/?p=101122","url_meta":{"origin":70987,"position":0},"title":"Indagar\u00e1n a Scioli por irregularidades en la construcci\u00f3n de las UPA 24","author":"AF","date":"17\/03\/2018","format":false,"excerpt":"El ex gobernador Daniel Scioli y quien fuera su ministro de Salud, Alejandro Collia, fueron imputados y citados a prestar declaraci\u00f3n indagatoria en el marco de una causa que investiga presuntas irregularidades en la adjudicaci\u00f3n de ocho Unidades de Pronta Atenci\u00f3n (UPA 24) para las que se destinaron m\u00e1s de\u2026","rel":"","context":"En \u00abJUDICIALES\u00bb","block_context":{"text":"JUDICIALES","link":"http:\/\/www.24baires.com\/?cat=68"},"img":{"alt_text":"","src":"https:\/\/i0.wp.com\/www.24baires.com\/wp-content\/uploads\/2014\/05\/Daniel-Scioli.jpg?resize=350%2C200","width":350,"height":200,"srcset":"https:\/\/i0.wp.com\/www.24baires.com\/wp-content\/uploads\/2014\/05\/Daniel-Scioli.jpg?resize=350%2C200 1x, https:\/\/i0.wp.com\/www.24baires.com\/wp-content\/uploads\/2014\/05\/Daniel-Scioli.jpg?resize=525%2C300 1.5x"},"classes":[]},{"id":70790,"url":"http:\/\/www.24baires.com\/?p=70790","url_meta":{"origin":70987,"position":1},"title":"\u00abEl acceso a la vivienda es parte de la gran agenda del desarrollo\u00bb, sentenci\u00f3 Scioli","author":"GB","date":"18\/08\/2015","format":false,"excerpt":"Lo indic\u00f3 el gobernador bonaerense y candidato a presidente del FPV, al recorrer junto a su compa\u00f1ero de f\u00f3rmula, Carlos Zannini, el complejo urban\u00edstico del Procrear en San Nicol\u00e1s. El gobernador bonaerense y candidato a presidente por el Frente para la Victoria (FpV), Daniel Scioli, afirm\u00f3 que \"el acceso a\u2026","rel":"","context":"En \u00abPol\u00edtica\u00bb","block_context":{"text":"Pol\u00edtica","link":"http:\/\/www.24baires.com\/?cat=51"},"img":{"alt_text":"","src":"https:\/\/i0.wp.com\/www.24baires.com\/wp-content\/uploads\/2015\/08\/scioli-san-nicolas.jpg?resize=350%2C200","width":350,"height":200,"srcset":"https:\/\/i0.wp.com\/www.24baires.com\/wp-content\/uploads\/2015\/08\/scioli-san-nicolas.jpg?resize=350%2C200 1x, https:\/\/i0.wp.com\/www.24baires.com\/wp-content\/uploads\/2015\/08\/scioli-san-nicolas.jpg?resize=525%2C300 1.5x"},"classes":[]},{"id":103525,"url":"http:\/\/www.24baires.com\/?p=103525","url_meta":{"origin":70987,"position":2},"title":"Presentan proyecto para derogar el decreto de Macri de intervenci\u00f3n de las Fuerzas Armadas","author":"AF","date":"25\/07\/2018","format":false,"excerpt":"Los fundamentos de la iniciativa que encabeza el presidente del bloque FPV-PJ, Agust\u00edn Rossi, sostienen que el presidente \u201ca trav\u00e9s de un simple decreto reglamentario intenta cambiar las bases sobre las que est\u00e1 estructurado nuestro sistema de Defensa Nacional, construido desde la recuperaci\u00f3n democr\u00e1tica\u201d. Diputados y diputadas del bloque FPV-PJ\u2026","rel":"","context":"En \u00abLocales\u00bb","block_context":{"text":"Locales","link":"http:\/\/www.24baires.com\/?cat=38"},"img":{"alt_text":"","src":"https:\/\/i0.wp.com\/www.24baires.com\/wp-content\/uploads\/2018\/07\/macri-fuerzas.jpg?resize=350%2C200","width":350,"height":200,"srcset":"https:\/\/i0.wp.com\/www.24baires.com\/wp-content\/uploads\/2018\/07\/macri-fuerzas.jpg?resize=350%2C200 1x, https:\/\/i0.wp.com\/www.24baires.com\/wp-content\/uploads\/2018\/07\/macri-fuerzas.jpg?resize=525%2C300 1.5x"},"classes":[]},{"id":70850,"url":"http:\/\/www.24baires.com\/?p=70850","url_meta":{"origin":70987,"position":3},"title":"En Tucum\u00e1n, Scioli apoy\u00f3 a Manzur y critic\u00f3 a la \u201calianza del ajuste\u201d","author":"GB","date":"19\/08\/2015","format":false,"excerpt":"El candidato a presidente por el FpV, junto a su compa\u00f1ero de f\u00f3rmula Carlos Zannini, apoy\u00f3 al candidato a gobernador de Tucum\u00e1n y apunt\u00f3 contra la oposici\u00f3n. El candidato a presidente por el Frente para la Victoria (FpV), Daniel Scioli, junto a su compa\u00f1ero de f\u00f3rmula Carlos Zannini, apoy\u00f3 al\u2026","rel":"","context":"En \u00abPoliciales\u00bb","block_context":{"text":"Policiales","link":"http:\/\/www.24baires.com\/?cat=49"},"img":{"alt_text":"","src":"https:\/\/i0.wp.com\/www.24baires.com\/wp-content\/uploads\/2015\/08\/scioli-tucuman.jpg?resize=350%2C200","width":350,"height":200,"srcset":"https:\/\/i0.wp.com\/www.24baires.com\/wp-content\/uploads\/2015\/08\/scioli-tucuman.jpg?resize=350%2C200 1x, https:\/\/i0.wp.com\/www.24baires.com\/wp-content\/uploads\/2015\/08\/scioli-tucuman.jpg?resize=525%2C300 1.5x"},"classes":[]},{"id":73047,"url":"http:\/\/www.24baires.com\/?p=73047","url_meta":{"origin":70987,"position":4},"title":"\u00abSoy el \u00fanico candidato que no promete una devaluaci\u00f3n\u201d, asegur\u00f3 Scioli","author":"GB","date":"02\/10\/2015","format":false,"excerpt":"El candidato a presidente por el FPV volvi\u00f3 a diferenciarse de sus competidores al se\u00f1alar que no promete devaluaci\u00f3n y en campa\u00f1a tampoco \u201cpropone reducir impuestos o retenciones\u201d. El candidato a presidente por el Frente para la Victoria (Fpv) Daniel Scioli volvi\u00f3 a diferenciarse de sus competidores de cara a\u2026","rel":"","context":"En \u00abPol\u00edtica\u00bb","block_context":{"text":"Pol\u00edtica","link":"http:\/\/www.24baires.com\/?cat=51"},"img":{"alt_text":"bunker scioli","src":"https:\/\/i0.wp.com\/www.24baires.com\/wp-content\/uploads\/2015\/08\/bunker-scioli.jpg?resize=350%2C200","width":350,"height":200},"classes":[]},{"id":120181,"url":"http:\/\/www.24baires.com\/?p=120181","url_meta":{"origin":70987,"position":5},"title":"El Frente de Todos pasa a llamarse \u00abUni\u00f3n por la Patria\u00bb","author":"AF","date":"14\/06\/2023","format":false,"excerpt":"Los distintos sectores que componen el frente oficialista mantienen reuniones para definir, entre otras cosas, la constituci\u00f3n de su junta partidaria y el reglamento electoral que fijar\u00e1 pisos y porcentajes para la integraci\u00f3n de listas. El Frente de Todos (FdT) se llamar\u00e1 Uni\u00f3n por la Patria (UxP) en las pr\u00f3ximas\u2026","rel":"","context":"En \u00abPol\u00edtica\u00bb","block_context":{"text":"Pol\u00edtica","link":"http:\/\/www.24baires.com\/?cat=51"},"img":{"alt_text":"","src":"https:\/\/i0.wp.com\/www.24baires.com\/wp-content\/uploads\/2023\/06\/cfk-25-5.png?resize=350%2C200","width":350,"height":200,"srcset":"https:\/\/i0.wp.com\/www.24baires.com\/wp-content\/uploads\/2023\/06\/cfk-25-5.png?resize=350%2C200 1x, https:\/\/i0.wp.com\/www.24baires.com\/wp-content\/uploads\/2023\/06\/cfk-25-5.png?resize=525%2C300 1.5x, https:\/\/i0.wp.com\/www.24baires.com\/wp-content\/uploads\/2023\/06\/cfk-25-5.png?resize=700%2C400 2x, https:\/\/i0.wp.com\/www.24baires.com\/wp-content\/uploads\/2023\/06\/cfk-25-5.png?resize=1050%2C600 3x"},"classes":[]}],"jetpack_sharing_enabled":true,"jetpack_likes_enabled":true,"jetpack_featured_media_url":"","_links":{"self":[{"href":"http:\/\/www.24baires.com\/index.php?rest_route=\/wp\/v2\/posts\/70987","targetHints":{"allow":["GET"]}}],"collection":[{"href":"http:\/\/www.24baires.com\/index.php?rest_route=\/wp\/v2\/posts"}],"about":[{"href":"http:\/\/www.24baires.com\/index.php?rest_route=\/wp\/v2\/types\/post"}],"author":[{"embeddable":true,"href":"http:\/\/www.24baires.com\/index.php?rest_route=\/wp\/v2\/users\/11"}],"replies":[{"embeddable":true,"href":"http:\/\/www.24baires.com\/index.php?rest_route=%2Fwp%2Fv2%2Fcomments&post=70987"}],"version-history":[{"count":1,"href":"http:\/\/www.24baires.com\/index.php?rest_route=\/wp\/v2\/posts\/70987\/revisions"}],"predecessor-version":[{"id":70990,"href":"http:\/\/www.24baires.com\/index.php?rest_route=\/wp\/v2\/posts\/70987\/revisions\/70990"}],"wp:attachment":[{"href":"http:\/\/www.24baires.com\/index.php?rest_route=%2Fwp%2Fv2%2Fmedia&parent=70987"}],"wp:term":[{"taxonomy":"category","embeddable":true,"href":"http:\/\/www.24baires.com\/index.php?rest_route=%2Fwp%2Fv2%2Fcategories&post=70987"},{"taxonomy":"post_tag","embeddable":true,"href":"http:\/\/www.24baires.com\/index.php?rest_route=%2Fwp%2Fv2%2Ftags&post=70987"}],"curies":[{"name":"wp","href":"https:\/\/api.w.org\/{rel}","templated":true}]}}