{"id":70952,"date":"2015-08-21T17:00:30","date_gmt":"2015-08-21T20:00:30","guid":{"rendered":"http:\/\/www.24baires.com\/?p=70952"},"modified":"2015-08-21T15:53:39","modified_gmt":"2015-08-21T18:53:39","slug":"familiares-consideraron-una-burla-las-advertencias-de-menem-durante-el-juicio","status":"publish","type":"post","link":"http:\/\/www.24baires.com\/?p=70952","title":{"rendered":"Familiares consideraron una \u00abburla\u00bb las advertencias de Menem durante el juicio"},"content":{"rendered":"<p><img data-recalc-dims=\"1\" loading=\"lazy\" decoding=\"async\" src=\"https:\/\/i0.wp.com\/www.24baires.com\/wp-content\/uploads\/2015\/07\/menem.jpg?resize=300%2C200\" alt=\"menem\" width=\"300\" height=\"200\" class=\"alignleft size-medium wp-image-69777\" srcset=\"https:\/\/i0.wp.com\/www.24baires.com\/wp-content\/uploads\/2015\/07\/menem.jpg?resize=300%2C200 300w, https:\/\/i0.wp.com\/www.24baires.com\/wp-content\/uploads\/2015\/07\/menem.jpg?w=551 551w\" sizes=\"auto, (max-width: 300px) 100vw, 300px\" \/>Las agrupaciones 18-J y Memoria Activa cuestionaron duramente al ex presidente, quien sostuvo que una declaraci\u00f3n indagatoria en el juicio por encubrimiento del atentado podr\u00eda \u00abafectar la seguridad nacional\u00bb.<!--more--><\/p>\n<p>Las agrupaciones 18-J y Memoria Activa, que re\u00fanen familiares de las v\u00edctimas del atentado de la AMIA, consideraron una \u00abburla\u00bb y una \u00abofensa\u00bb el planteo de la defensa del ex presidente Carlos Menem, quien sostuvo que una declaraci\u00f3n indagatoria en el juicio en su contra por encubrimiento, podr\u00eda \u00abafectar la seguridad nacional\u00bb.<\/p>\n<p>En el marco de la audiencia de ayer en el juicio por delitos cometidos en la investigaci\u00f3n del atentado a la AMIA, la defensa del ex presidente plante\u00f3 que una declaraci\u00f3n suya podr\u00ed\u00ada \u00abafectar la seguridad nacional\u00bb y la \u00abconvivencia pac\u00edfica\u00bb con otros pa\u00edses, y por eso pidi\u00f3 que el Congreso releve al ex mandatario de la obligaci\u00f3n de guardar secreto de Estado.<\/p>\n<p>En declaraciones a T\u00e9lam, Diana Malamud, referente de la agrupaci\u00f3n Memoria Activa, destac\u00f3 que Menem \u00abdurante 21 a\u00f1os ocult\u00f3 informaci\u00f3n clave que evidentemente tiene, con lo cual exigimos que en la pr\u00f3xima audiencia diga todo lo que sabe\u00bb y asegur\u00f3 que \u00abes ofensivo para las v\u00edctimas, sus familias y toda la sociedad. Es un bochorno que 21 a\u00f1os despu\u00e9s diga que tiene informaci\u00f3n que ocult\u00f3 deliberadamente\u00bb.<\/p>\n<p>Para Malamud, el planteo de que el Congreso tiene que relevarlo del secreto de Estado es \u00abuna ridiculez, ya que como ex presidente no le cabe esa situaci\u00f3n, como si fuera un ex agente de inteligencia\u00bb.<\/p>\n<p>En el mismo sentido, Sergio Burstein -de la Asociaci\u00f3n 18J-, asegur\u00f3 que el ex presidente Menem \u00abse sigue burlando de las v\u00edctimas y de la sociedad toda\u00bb y se\u00f1al\u00f3 que el planteo de la defensa del ex jefe de Estado \u00absuena como una amenaza de mucha gravedad\u00bb y adem\u00e1s \u00abconfirma que el ex presidente tiene informaci\u00f3n clasificada que le fue proporcionada por servicios de inteligencia\u00bb.<\/p>\n<p>\u00abHace 21 a\u00f1os que Menem sabe y ese planteo nos da la pauta que encubri\u00f3, desviando la investigaci\u00f3n. Call\u00f3 durante todo este tiempo y, a esta altura de los acontecimientos, no hay nada m\u00e1s importante que saber qu\u00e9 pas\u00f3 y qu\u00e9 puede aportar en la causa\u00bb, asever\u00f3 Burstein en di\u00e1logo con T\u00e9lam.<\/p>\n<p>Asimismo el jefe de Gabinete, An\u00edbal Fern\u00e1ndez, dijo que \u00abrelevar\u00eda\u00bb al ex presidente del secreto de Estado para que pueda aportar datos al esclarecimiento de la investigaci\u00f3n por encubrimiento en el atentado a la AMIA.<\/p>\n<p>\u00abHay situaciones que desconocemos, no sabemos lo que sucedi\u00f3 respecto de la conexi\u00f3n local, as\u00ed como tampoco la actividad que desarrollaron las fuerzas de seguridad, y la propia Secretar\u00eda del Inteligencia del Estado, llamada en aquella \u00e9poca de esa manera\u00bb, argument\u00f3 Fern\u00e1ndez.<\/p>\n","protected":false},"excerpt":{"rendered":"<p>Las agrupaciones 18-J y Memoria Activa cuestionaron duramente al ex presidente, quien sostuvo que una declaraci\u00f3n indagatoria en el juicio por encubrimiento del atentado podr\u00eda \u00abafectar la seguridad nacional\u00bb.<\/p>\n","protected":false},"author":8,"featured_media":0,"comment_status":"open","ping_status":"open","sticky":false,"template":"","format":"standard","meta":{"_jetpack_newsletter_access":"","_jetpack_dont_email_post_to_subs":false,"_jetpack_newsletter_tier_id":0,"_jetpack_memberships_contains_paywalled_content":false,"_jetpack_memberships_contains_paid_content":false,"footnotes":""},"categories":[51],"tags":[],"class_list":["post-70952","post","type-post","status-publish","format-standard","hentry","category-politica"],"jetpack_shortlink":"https:\/\/wp.me\/p2JWE0-iso","jetpack-related-posts":[{"id":70915,"url":"http:\/\/www.24baires.com\/?p=70915","url_meta":{"origin":70952,"position":0},"title":"La defensa de Menem advirti\u00f3 que la indagatoria podr\u00eda afectar la seguridad nacional","author":"GB","date":"20\/08\/2015","format":false,"excerpt":"Plante\u00f3 que una declaraci\u00f3n en el juicio en su contra por encubrimiento del atentado a la AMIA podr\u00eda afectar la \"convivencia pac\u00edfica\" con otros pa\u00edses, y por eso pidi\u00f3 que el Congreso releve al ex mandatario de la obligaci\u00f3n de guardar secreto de Estado. Adem\u00e1s, su defensor Omar Daer pidi\u00f3\u2026","rel":"","context":"En \u00abPol\u00edtica\u00bb","block_context":{"text":"Pol\u00edtica","link":"http:\/\/www.24baires.com\/?cat=51"},"img":{"alt_text":"menem","src":"https:\/\/i0.wp.com\/www.24baires.com\/wp-content\/uploads\/2013\/05\/menem.jpg?resize=350%2C200","width":350,"height":200,"srcset":"https:\/\/i0.wp.com\/www.24baires.com\/wp-content\/uploads\/2013\/05\/menem.jpg?resize=350%2C200 1x, https:\/\/i0.wp.com\/www.24baires.com\/wp-content\/uploads\/2013\/05\/menem.jpg?resize=525%2C300 1.5x"},"classes":[]},{"id":107035,"url":"http:\/\/www.24baires.com\/?p=107035","url_meta":{"origin":70952,"position":1},"title":"Absolvieron a Menem por el juicio por encubrimiento del atentado a la AMIA","author":"AF","date":"28\/02\/2019","format":false,"excerpt":"El ex presidente y actual senador fue absuelto en la causa por encubrimiento del atentado contra la AMIA. Este juicio oral se desarroll\u00f3 durante a\u00f1os ante la indiferencia casi total de los grande medios. El gobierno intent\u00f3 salvar a muchos de los imputados. El ex presidente y actual senador Carlos\u2026","rel":"","context":"En \u00abJUDICIALES\u00bb","block_context":{"text":"JUDICIALES","link":"http:\/\/www.24baires.com\/?cat=68"},"img":{"alt_text":"","src":"https:\/\/i0.wp.com\/www.24baires.com\/wp-content\/uploads\/2016\/05\/menem-c.jpg?resize=350%2C200","width":350,"height":200,"srcset":"https:\/\/i0.wp.com\/www.24baires.com\/wp-content\/uploads\/2016\/05\/menem-c.jpg?resize=350%2C200 1x, https:\/\/i0.wp.com\/www.24baires.com\/wp-content\/uploads\/2016\/05\/menem-c.jpg?resize=525%2C300 1.5x"},"classes":[]},{"id":71575,"url":"http:\/\/www.24baires.com\/?p=71575","url_meta":{"origin":70952,"position":2},"title":"Menem se neg\u00f3 a declarar en el juicio por encubrimiento del atentado a la AMIA","author":"AF","date":"03\/09\/2015","format":false,"excerpt":"El ex presidente Carlos Menem se neg\u00f3 a prestar declaraci\u00f3n indagatoria en el juicio en su contra por supuesto encubrimiento del atentado a la AMIA. El ex juez Galeano tampoco declar\u00f3. Lo hizo ante el Tribunal Oral Federal 2 en el debate que sigue por videoconferencia, luego de que los\u2026","rel":"","context":"En \u00abJUDICIALES\u00bb","block_context":{"text":"JUDICIALES","link":"http:\/\/www.24baires.com\/?cat=68"},"img":{"alt_text":"menem","src":"https:\/\/i0.wp.com\/www.24baires.com\/wp-content\/uploads\/2015\/07\/menem.jpg?resize=350%2C200","width":350,"height":200,"srcset":"https:\/\/i0.wp.com\/www.24baires.com\/wp-content\/uploads\/2015\/07\/menem.jpg?resize=350%2C200 1x, https:\/\/i0.wp.com\/www.24baires.com\/wp-content\/uploads\/2015\/07\/menem.jpg?resize=525%2C300 1.5x"},"classes":[]},{"id":69955,"url":"http:\/\/www.24baires.com\/?p=69955","url_meta":{"origin":70952,"position":3},"title":"El jueves comenzar\u00e1 el juicio por encubrimiento de la causa Amia","author":"AF","date":"03\/08\/2015","format":false,"excerpt":"Ser\u00e1n juzgados el ex presidente Carlos Menem; el ex tituar de la SIDE, Hugo Anzorregui; el ex Juez Juan Jos\u00e9 Galeano; el ex titular de la DAIA, Rub\u00e9n Beraja y el ex comisario Jorge \"Fino\" Palacios, entre otros. El pr\u00f3ximo jueves comenzar\u00e1 el juicio oral por graves delitos cometidos durante\u2026","rel":"","context":"En \u00abJUDICIALES\u00bb","block_context":{"text":"JUDICIALES","link":"http:\/\/www.24baires.com\/?cat=68"},"img":{"alt_text":"","src":"","width":0,"height":0},"classes":[]},{"id":87133,"url":"http:\/\/www.24baires.com\/?p=87133","url_meta":{"origin":70952,"position":4},"title":"Denunciaron a Menem por falso testimonio en el causa por el atentado a la AMIA","author":"GB","date":"03\/09\/2016","format":false,"excerpt":"Los titulares de la Unidad Fiscal de Investigaci\u00f3n del atentado a la AMIA denunciaron por falso testimonio al ex presidente debido a las declaraciones que brind\u00f3 este a\u00f1o en el marco de la causa que investiga el ataque ocurrido en 1994. Aseguran que \"no s\u00e9\" y \"no recuerdo\" fueron las\u2026","rel":"","context":"En \u00abJUDICIALES\u00bb","block_context":{"text":"JUDICIALES","link":"http:\/\/www.24baires.com\/?cat=68"},"img":{"alt_text":"menem c","src":"https:\/\/i0.wp.com\/www.24baires.com\/wp-content\/uploads\/2016\/05\/menem-c.jpg?resize=350%2C200","width":350,"height":200,"srcset":"https:\/\/i0.wp.com\/www.24baires.com\/wp-content\/uploads\/2016\/05\/menem-c.jpg?resize=350%2C200 1x, https:\/\/i0.wp.com\/www.24baires.com\/wp-content\/uploads\/2016\/05\/menem-c.jpg?resize=525%2C300 1.5x"},"classes":[]},{"id":78545,"url":"http:\/\/www.24baires.com\/?p=78545","url_meta":{"origin":70952,"position":5},"title":"Se reanudan las audiencias por el encubrimiento del atentado a la AMIA","author":"GB","date":"03\/02\/2016","format":false,"excerpt":"El juicio comenzar\u00e1 a las 10 en la sala AMIA de los Tribunales Federales de Comodoro Py. Se le tomar\u00e1 declaraci\u00f3n testimonial a Jorge Lew, familiar de la asociaci\u00f3n Memoria Activa: su hijo Agust\u00edn muri\u00f3 el d\u00eda del ataque. Las audiencias seguir\u00e1n con los testimonios de Diana Wassner y Adriana\u2026","rel":"","context":"En \u00abPoliciales\u00bb","block_context":{"text":"Policiales","link":"http:\/\/www.24baires.com\/?cat=49"},"img":{"alt_text":"Atentado_AMIA","src":"https:\/\/i0.wp.com\/www.24baires.com\/wp-content\/uploads\/2014\/05\/Atentado_AMIA.jpg?resize=350%2C200","width":350,"height":200,"srcset":"https:\/\/i0.wp.com\/www.24baires.com\/wp-content\/uploads\/2014\/05\/Atentado_AMIA.jpg?resize=350%2C200 1x, https:\/\/i0.wp.com\/www.24baires.com\/wp-content\/uploads\/2014\/05\/Atentado_AMIA.jpg?resize=525%2C300 1.5x"},"classes":[]}],"jetpack_sharing_enabled":true,"jetpack_likes_enabled":true,"jetpack_featured_media_url":"","_links":{"self":[{"href":"http:\/\/www.24baires.com\/index.php?rest_route=\/wp\/v2\/posts\/70952","targetHints":{"allow":["GET"]}}],"collection":[{"href":"http:\/\/www.24baires.com\/index.php?rest_route=\/wp\/v2\/posts"}],"about":[{"href":"http:\/\/www.24baires.com\/index.php?rest_route=\/wp\/v2\/types\/post"}],"author":[{"embeddable":true,"href":"http:\/\/www.24baires.com\/index.php?rest_route=\/wp\/v2\/users\/8"}],"replies":[{"embeddable":true,"href":"http:\/\/www.24baires.com\/index.php?rest_route=%2Fwp%2Fv2%2Fcomments&post=70952"}],"version-history":[{"count":1,"href":"http:\/\/www.24baires.com\/index.php?rest_route=\/wp\/v2\/posts\/70952\/revisions"}],"predecessor-version":[{"id":70953,"href":"http:\/\/www.24baires.com\/index.php?rest_route=\/wp\/v2\/posts\/70952\/revisions\/70953"}],"wp:attachment":[{"href":"http:\/\/www.24baires.com\/index.php?rest_route=%2Fwp%2Fv2%2Fmedia&parent=70952"}],"wp:term":[{"taxonomy":"category","embeddable":true,"href":"http:\/\/www.24baires.com\/index.php?rest_route=%2Fwp%2Fv2%2Fcategories&post=70952"},{"taxonomy":"post_tag","embeddable":true,"href":"http:\/\/www.24baires.com\/index.php?rest_route=%2Fwp%2Fv2%2Ftags&post=70952"}],"curies":[{"name":"wp","href":"https:\/\/api.w.org\/{rel}","templated":true}]}}