{"id":70921,"date":"2015-08-21T10:30:13","date_gmt":"2015-08-21T13:30:13","guid":{"rendered":"http:\/\/www.24baires.com\/?p=70921"},"modified":"2015-08-22T10:26:17","modified_gmt":"2015-08-22T13:26:17","slug":"anibal-es-un-acto-de-mezquindad-vincular-lo-politico-con-la-muerte-del-militante-jujeno","status":"publish","type":"post","link":"http:\/\/www.24baires.com\/?p=70921","title":{"rendered":"An\u00edbal: \u00abEs un acto de mezquindad\u00bb vincular lo pol\u00edtico con la muerte del militante juje\u00f1o"},"content":{"rendered":"<p><img data-recalc-dims=\"1\" loading=\"lazy\" decoding=\"async\" class=\"aligncenter size-full wp-image-10776\" src=\"https:\/\/i0.wp.com\/www.24baires.com\/wp-content\/uploads\/2012\/12\/fern%C3%A1ndez-an%C3%ADbal.jpg?resize=560%2C314\" alt=\"fern\u00e1ndez an\u00edbal\" width=\"560\" height=\"314\" srcset=\"https:\/\/i0.wp.com\/www.24baires.com\/wp-content\/uploads\/2012\/12\/fern%C3%A1ndez-an%C3%ADbal.jpg?w=560 560w, https:\/\/i0.wp.com\/www.24baires.com\/wp-content\/uploads\/2012\/12\/fern%C3%A1ndez-an%C3%ADbal.jpg?resize=300%2C168 300w\" sizes=\"auto, (max-width: 560px) 100vw, 560px\" \/>El jefe de Gabinete, An\u00edbal Fern\u00e1ndez, consider\u00f3 hoy \u00abun acto de mezquindad\u00bb vincular con cuestiones pol\u00edticas el crimen del joven militante juje\u00f1o Jorge Ariel Vel\u00e1zquez, quien muri\u00f3 ayer tras ser baleado el 8 de agosto en un confuso episodio por el que ya hay tres detenidos.<!--more--><\/p>\n<p>Las expresiones de la Presidenta ayer con la documentaci\u00f3n en la mano donde se puede ver la inscripci\u00f3n del joven en la Tupac Amaru y su bolet\u00edn es claro, parece que alguien estuviera tratando de hacerla dif\u00edcil para que no se sepa lo que sucede\u00bb, afirm\u00f3 esta ma\u00f1ana el funcionario y candidato a gobernador bonaerense al hablar con la prensa acreditada en Casa de Gobierno.<br \/>\n\u00abDe cualquier forma es condenable todo\u00bb, manifest\u00f3 Fern\u00e1ndez, y valor\u00f3 la existencia de \u00abtres detenidos en la causa, que parece que son los responsables y no est\u00e1n vinculados a la pol\u00edtica\u00bb.<\/p>\n<p>En el mismo sentido, el ministro coordinador dijo que las detenciones importan \u00abdesde la satisfacci\u00f3n judicial, pero pareciera ser que el hecho no tiene nada que ver con lo pol\u00edtico\u00bb.<\/p>\n<p>\u00abPor eso es una bestialidad lo que est\u00e1 pasando, es un acto absolutamente mezquino, porque no se fijan qu\u00e9 le pas\u00f3 a la familia, c\u00f3mo est\u00e1n y tratan de quedarse con un pedacito para ver el mal que pueden hacer\u00bb, analiz\u00f3 sobre los cruces con el radicalismo, que afirma que el militante muerto era de ese partido y responsabiliza por el hecho a la organizaci\u00f3n Tupac Amaru.<\/p>\n<p>Fern\u00e1ndez asegur\u00f3 adem\u00e1s que ayer desde el Gobierno \u00abnos propusimos conseguir informaci\u00f3n para saber qu\u00e9 era lo que pas\u00f3 y la informaci\u00f3n que tuvimos a la tarde fue la que present\u00f3 la Presidenta p\u00fablicamente\u00bb, en referencia a la documentaci\u00f3n donde se prueba que Vel\u00e1zquez era parte del Partido Por la Soberan\u00eda Popular, de la organizaci\u00f3n juje\u00f1a, desde 2013.<\/p>\n<p>El jefe de Gabinete, An\u00edbal Fern\u00e1ndez, subray\u00f3 hoy que objetivo del proyecto de ley para crear la Agencia Nacional de Participaciones Estatales (ANPE) en empresas, anunciado ayer por la presidenta Cristina Fern\u00e1ndez de Kirchner, \u00abes defender los intereses de los trabajadores\u00bb.<\/p>\n<p>\u00abEste tema tiene que ser analizado en el Congreso, que es donde corresponde\u00bb, agreg\u00f3 el funcionario en su habitual conferencia de prensa al ingresar a la Casa Rosada, tras ser consultado sobre la iniciativa que buscar\u00e1 que la Anses s\u00f3lo pueda vender las acciones que posee en empresas privadas a trav\u00e9s de una mayor\u00eda parlamentaria especial.<\/p>\n<p>Fern\u00e1ndez agreg\u00f3 que \u00ablos legisladores tienen que hacer reuni\u00f3n de comisi\u00f3n, conocer la cantidad de acciones que existen, el valor que tienen en el mercado y ver en conjunto la nueva forma de liquidarlas\u00bb.<br \/>\n\u00abTodo esto con el objetivo de garantizar a los argentinos que no pierdan un centavo\u00bb, insisti\u00f3 el jefe de ministros.<\/p>\n<p>Por otra parte, destac\u00f3 que \u00ablas acciones tienen un valor importante y es por eso que es bueno que todos los partidos sepan c\u00f3mo se venden y se negocian\u00bb.<\/p>\n<p>\u00abSon un negocio: si alguien viene y quiere recuperar sus acciones tiene que pagar por eso, de ah\u00ed, que tal como lo expres\u00f3 la Presidenta, no lo haga una sola persona porque no es saludable, sino que la transacci\u00f3n debiera ser evaluada en el Congreso que es donde todos deben ponerse de acuerdo para aclarar y discutir los valores correctos para luego venderlos, eventualmente, con la garant\u00eda de que todas las fuerzas participaron y el inter\u00e9s de los argentinos est\u00e1 a salvo\u00bb, asever\u00f3.<\/p>\n<p>Asimismo, contrapuso esta postura con la del candidato presidencial de Cambiemos, Mauricio Macri, al considerar que quiere \u00absubastar este tipo de acciones con el viejo concepto de hacer un capitalismo de amigos a priori\u00bb.<\/p>\n","protected":false},"excerpt":{"rendered":"<p>El jefe de Gabinete, An\u00edbal Fern\u00e1ndez, consider\u00f3 hoy \u00abun acto de mezquindad\u00bb vincular con cuestiones pol\u00edticas el crimen del joven militante juje\u00f1o Jorge Ariel Vel\u00e1zquez, quien muri\u00f3 ayer tras ser baleado el 8 de agosto en un confuso episodio por el que ya hay tres detenidos.<\/p>\n","protected":false},"author":4,"featured_media":0,"comment_status":"open","ping_status":"open","sticky":false,"template":"","format":"standard","meta":{"_jetpack_newsletter_access":"","_jetpack_dont_email_post_to_subs":false,"_jetpack_newsletter_tier_id":0,"_jetpack_memberships_contains_paywalled_content":false,"_jetpack_memberships_contains_paid_content":false,"footnotes":""},"categories":[51],"tags":[],"class_list":["post-70921","post","type-post","status-publish","format-standard","hentry","category-politica"],"jetpack_shortlink":"https:\/\/wp.me\/p2JWE0-irT","jetpack-related-posts":[{"id":107828,"url":"http:\/\/www.24baires.com\/?p=107828","url_meta":{"origin":70921,"position":0},"title":"Ahora juzgan a Milagro Sala por una causa que hab\u00eda prescripto hace 10 a\u00f1os","author":"AF","date":"25\/04\/2019","format":false,"excerpt":"La investigaci\u00f3n se reabri\u00f3 tras la asunci\u00f3n del gobernador Gerardo Morales. El debate oral empezar\u00e1 el viernes. Las hechos denunciados datan de 2006. La dirigente social juje\u00f1a Milagro Sala enfrentar\u00e1 desde este viernes un nuevo juicio oral en el que es la \u00fanica imputada. En el debate se analizar\u00e1 su\u2026","rel":"","context":"En \u00abJUDICIALES\u00bb","block_context":{"text":"JUDICIALES","link":"http:\/\/www.24baires.com\/?cat=68"},"img":{"alt_text":"","src":"https:\/\/i0.wp.com\/www.24baires.com\/wp-content\/uploads\/2017\/10\/milagro-sala.jpg?resize=350%2C200","width":350,"height":200,"srcset":"https:\/\/i0.wp.com\/www.24baires.com\/wp-content\/uploads\/2017\/10\/milagro-sala.jpg?resize=350%2C200 1x, https:\/\/i0.wp.com\/www.24baires.com\/wp-content\/uploads\/2017\/10\/milagro-sala.jpg?resize=525%2C300 1.5x"},"classes":[]},{"id":120256,"url":"http:\/\/www.24baires.com\/?p=120256","url_meta":{"origin":70921,"position":1},"title":"Wado: \u201cEl modelo de Jujuy y el de JxC solo se sostiene con represi\u00f3n\u201d","author":"GB","date":"06\/07\/2023","format":false,"excerpt":"El ministro del Interior, \u201cWado\u201d de Pedro, recibi\u00f3 en su despacho a un joven que fue baleado en la cara en medio de la represi\u00f3n en Jujuy ordenada por Gerardo Morales. El ministro del Interior, \u201cWado\u201d De Pedro, recibi\u00f3 este mi\u00e9rcoles en la Casa Rosada a un adolescente que perdi\u00f3\u2026","rel":"","context":"En \u00abPol\u00edtica\u00bb","block_context":{"text":"Pol\u00edtica","link":"http:\/\/www.24baires.com\/?cat=51"},"img":{"alt_text":"","src":"https:\/\/i0.wp.com\/www.24baires.com\/wp-content\/uploads\/2023\/07\/wado.webp?resize=350%2C200","width":350,"height":200,"srcset":"https:\/\/i0.wp.com\/www.24baires.com\/wp-content\/uploads\/2023\/07\/wado.webp?resize=350%2C200 1x, https:\/\/i0.wp.com\/www.24baires.com\/wp-content\/uploads\/2023\/07\/wado.webp?resize=525%2C300 1.5x, https:\/\/i0.wp.com\/www.24baires.com\/wp-content\/uploads\/2023\/07\/wado.webp?resize=700%2C400 2x, https:\/\/i0.wp.com\/www.24baires.com\/wp-content\/uploads\/2023\/07\/wado.webp?resize=1050%2C600 3x"},"classes":[]},{"id":82854,"url":"http:\/\/www.24baires.com\/?p=82854","url_meta":{"origin":70921,"position":2},"title":"Denuncian persecuci\u00f3n pol\u00edtica en Jujuy: lo detuvieron por decirle \u00abgato\u00bb a Macri","author":"GB","date":"18\/05\/2016","format":false,"excerpt":"En un video, registrado por un amigo, el hombre denuncia \"persecusi\u00f3n pol\u00edtica\" y se queja por \"no dejar decir lo que pienso\" Un joven qued\u00f3 detenido despu\u00e9s de gritarle \"gato\" al presidente Mauricio Macri durante un acto de entrega de viviendas en la localidad juje\u00f1a de Calilegua, al sudeste de\u2026","rel":"","context":"En \u00abPol\u00edtica\u00bb","block_context":{"text":"Pol\u00edtica","link":"http:\/\/www.24baires.com\/?cat=51"},"img":{"alt_text":"","src":"","width":0,"height":0},"classes":[]},{"id":34154,"url":"http:\/\/www.24baires.com\/?p=34154","url_meta":{"origin":70921,"position":3},"title":"Otro detenido por el violento ataque a Milagro Sala","author":"AF","date":"26\/10\/2013","format":false,"excerpt":"La detenci\u00f3n se concret\u00f3 anoche y ya son tres las personas detenidas por el ataque contra la dirigente y militantes del Frente Unidos y Organizados cuando realizaban una caminata proselitista en la capital juje\u00f1a. La justicia investiga a los atacantes en base a un video aportado por la organizaci\u00f3n barrial\u2026","rel":"","context":"En \u00abSociedad\u00bb","block_context":{"text":"Sociedad","link":"http:\/\/www.24baires.com\/?cat=1"},"img":{"alt_text":"milagro sala","src":"https:\/\/i0.wp.com\/www.24baires.com\/wp-content\/uploads\/2013\/10\/milagro-sala-300x190.jpg?resize=350%2C200","width":350,"height":200},"classes":[]},{"id":69962,"url":"http:\/\/www.24baires.com\/?p=69962","url_meta":{"origin":70921,"position":4},"title":"Wado de Pedro: \u00abNo hay mentira de Clar\u00edn que detenga este proyecto\u00bb","author":"AF","date":"03\/08\/2015","format":false,"excerpt":"El secretario general de la Presidencia, Eduardo de Pedro, expres\u00f3 su solidaridad con An\u00edbal Fern\u00e1ndez tras el informe del programa Periodismo para Todos. El secretario general de la Presidencia, Eduardo 'Wado' de Pedro, expres\u00f3 su solidaridad con el jefe de Gabinete, An\u00edbal Fern\u00e1ndez, a trav\u00e9s de la red social Twitter.\u2026","rel":"","context":"En \u00abPol\u00edtica\u00bb","block_context":{"text":"Pol\u00edtica","link":"http:\/\/www.24baires.com\/?cat=51"},"img":{"alt_text":"wado de pedro","src":"https:\/\/i0.wp.com\/www.24baires.com\/wp-content\/uploads\/2014\/05\/wado-de-pedro.jpg?resize=350%2C200","width":350,"height":200,"srcset":"https:\/\/i0.wp.com\/www.24baires.com\/wp-content\/uploads\/2014\/05\/wado-de-pedro.jpg?resize=350%2C200 1x, https:\/\/i0.wp.com\/www.24baires.com\/wp-content\/uploads\/2014\/05\/wado-de-pedro.jpg?resize=525%2C300 1.5x"},"classes":[]},{"id":100335,"url":"http:\/\/www.24baires.com\/?p=100335","url_meta":{"origin":70921,"position":5},"title":"Macri \u00e1segur\u00f3 que baj\u00f3 \u00abel gasto p\u00fablico, el d\u00e9ficit, la inflaci\u00f3n y los impuestos\u00bb","author":"AF","date":"02\/02\/2018","format":false,"excerpt":"El presidente viaj\u00f3 a Jujuy, el territorio gobernado por el pol\u00e9mico Gerardo Morales, quien sigue manteniendo a Milagro Sala presa. Fue a inaugurar dos \"zonas francas\", a visitar una localidad arrasada por un alud, y a jugar a la pelota. El presidente Mauricio Macri viaj\u00f3 a Jujuy, y en un\u2026","rel":"","context":"En \u00abPol\u00edtica\u00bb","block_context":{"text":"Pol\u00edtica","link":"http:\/\/www.24baires.com\/?cat=51"},"img":{"alt_text":"","src":"https:\/\/i0.wp.com\/www.24baires.com\/wp-content\/uploads\/2018\/02\/macri-f%C3%BAtbol.jpg?resize=350%2C200","width":350,"height":200,"srcset":"https:\/\/i0.wp.com\/www.24baires.com\/wp-content\/uploads\/2018\/02\/macri-f%C3%BAtbol.jpg?resize=350%2C200 1x, https:\/\/i0.wp.com\/www.24baires.com\/wp-content\/uploads\/2018\/02\/macri-f%C3%BAtbol.jpg?resize=525%2C300 1.5x"},"classes":[]}],"jetpack_sharing_enabled":true,"jetpack_likes_enabled":true,"jetpack_featured_media_url":"","_links":{"self":[{"href":"http:\/\/www.24baires.com\/index.php?rest_route=\/wp\/v2\/posts\/70921","targetHints":{"allow":["GET"]}}],"collection":[{"href":"http:\/\/www.24baires.com\/index.php?rest_route=\/wp\/v2\/posts"}],"about":[{"href":"http:\/\/www.24baires.com\/index.php?rest_route=\/wp\/v2\/types\/post"}],"author":[{"embeddable":true,"href":"http:\/\/www.24baires.com\/index.php?rest_route=\/wp\/v2\/users\/4"}],"replies":[{"embeddable":true,"href":"http:\/\/www.24baires.com\/index.php?rest_route=%2Fwp%2Fv2%2Fcomments&post=70921"}],"version-history":[{"count":1,"href":"http:\/\/www.24baires.com\/index.php?rest_route=\/wp\/v2\/posts\/70921\/revisions"}],"predecessor-version":[{"id":70922,"href":"http:\/\/www.24baires.com\/index.php?rest_route=\/wp\/v2\/posts\/70921\/revisions\/70922"}],"wp:attachment":[{"href":"http:\/\/www.24baires.com\/index.php?rest_route=%2Fwp%2Fv2%2Fmedia&parent=70921"}],"wp:term":[{"taxonomy":"category","embeddable":true,"href":"http:\/\/www.24baires.com\/index.php?rest_route=%2Fwp%2Fv2%2Fcategories&post=70921"},{"taxonomy":"post_tag","embeddable":true,"href":"http:\/\/www.24baires.com\/index.php?rest_route=%2Fwp%2Fv2%2Ftags&post=70921"}],"curies":[{"name":"wp","href":"https:\/\/api.w.org\/{rel}","templated":true}]}}