{"id":70918,"date":"2015-08-20T21:41:37","date_gmt":"2015-08-21T00:41:37","guid":{"rendered":"http:\/\/www.24baires.com\/?p=70918"},"modified":"2015-08-20T21:41:37","modified_gmt":"2015-08-21T00:41:37","slug":"crean-proyecto-para-prohibir-venta-de-acciones-del-estado-a-empresas","status":"publish","type":"post","link":"http:\/\/www.24baires.com\/?p=70918","title":{"rendered":"Crean proyecto para prohibir venta de acciones del Estado a empresas"},"content":{"rendered":"<p>La Presidenta anunci\u00f3 que enviar\u00e1 una iniciativa al Congreso para crear un organismo que maneje las acciones de empresas privadas que se encuentran en manos del Estado.<!--more--><\/p>\n<p>La presidenta Cristina Fern\u00e1ndez de Kirchner anunci\u00f3 que enviar\u00e1 un proyecto de Ley para la creaci\u00f3n de un organismo destinado a manejar las acciones de empresas privadas que se encuentran en manos del Estado, y para que una eventual venta de estas tenencias en el futuro requiera de la aprobaci\u00f3n de los dos tercios de los integrantes del Congreso.<\/p>\n<p>\u00abEstamos enviando al Congreso un proyecto de Ley para la conformaci\u00f3n de la Agencia Nacional de Participaciones Estatales en Empresas\u201d, dijo Fern\u00e1ndez de Kirchner durante un acto celebrado esta tarde en la Casa de Gobierno.<\/p>\n<p>Esta agencia, una vez creada, ser\u00e1 presidida por el director de la ANSES, entidad que maneja en la actualidad estas acciones que les fueron transferidas luego de que se diera de baja el sistema de AFJP y que el sistema previsional pasara nuevamente a manos del Estado.<\/p>\n<p>Cristina anunci\u00f3 adem\u00e1s que el proyecto contempla que \u201cpara decidir la venta de estos importantes activos de los jubilados y de los trabajadores (en el futuro), ya no bastar\u00e1 con la lapicera de nadie. Tendr\u00e1 que ser aprobada por las dos terceras partes del Parlamento, para que sea un reaseguro, para que nadie disponga alegremente de los de los bienes de los argentinos\u201d.<\/p>\n<p>La jefa del Estado dijo que el Gobierno argentino no quiere \u00abque nos suceda lo mismo que Grecia\u201d, que transfiri\u00f3 recientemente el manejo de sus aeropuertos a empresas alemanas, como parte del plan de ajuste para pagar las deudas que mantiene con organismos crediticios a trav\u00e9s de bienes que se encuentran en manos del Estado heleno.<\/p>\n<p>Detall\u00f3 que a trav\u00e9s del Fondo de Garant\u00edas que maneja la ANSES, \u201clos argentinos somos due\u00f1os\u201d del 9% de las acciones de Aluar, empresa monop\u00f3lica en la producci\u00f3n de aluminio; del 3,5% de las acciones de Cresud; del 20% de Molinos; del 27% de la productora y exportadora de limones San Miguel; del 26% de las acciones de Siderar; del 11% de Petrobras; del 64% por ciento de las acciones del Banco Hipotecario; y el 31% de las acciones del Banco Macro.<\/p>\n<p>Tambi\u00e9n est\u00e1n en poder del Estado el 20% de las acciones del Banco de Galicia; el 25% de Nordelta y el 9% del Grupo Clar\u00edn.<\/p>\n<p>Todas estas acciones y muchas otras \u201crepresentan entre el 12 y 15% del total de los 548.000 millones de pesos\u201d que maneja la ANSES a trav\u00e9s del Fondo de Sustentabilidad, resalt\u00f3 Fern\u00e1ndez de Kirchner.<\/p>\n","protected":false},"excerpt":{"rendered":"<p>La Presidenta anunci\u00f3 que enviar\u00e1 una iniciativa al Congreso para crear un organismo que maneje las acciones de empresas privadas que se encuentran en manos del Estado.<\/p>\n","protected":false},"author":8,"featured_media":0,"comment_status":"open","ping_status":"open","sticky":false,"template":"","format":"standard","meta":{"_jetpack_newsletter_access":"","_jetpack_dont_email_post_to_subs":false,"_jetpack_newsletter_tier_id":0,"_jetpack_memberships_contains_paywalled_content":false,"_jetpack_memberships_contains_paid_content":false,"footnotes":""},"categories":[51],"tags":[],"class_list":["post-70918","post","type-post","status-publish","format-standard","hentry","category-politica"],"jetpack_shortlink":"https:\/\/wp.me\/p2JWE0-irQ","jetpack-related-posts":[{"id":116063,"url":"http:\/\/www.24baires.com\/?p=116063","url_meta":{"origin":70918,"position":0},"title":"CFK asegura que Macri realiz\u00f3 una \u00abreforma de facto\u00bb de la Justicia para \u00abperseguir opositores\u00bb","author":"AF","date":"25\/08\/2020","format":false,"excerpt":"La vicepresidenta apareci\u00f3 nuevamente en escena para expresarse sobre el proyecto del oficialismo que se tratar\u00e1 este jueves en el Senado. La vicepresidenta Cristina Fern\u00e1ndez de Kirchner comparti\u00f3, hace instantes, una publicaci\u00f3n en sus redes sociales donde opin\u00f3 sobre el proyecto que envi\u00f3 el Gobierno Nacional al Congreso para modificar\u2026","rel":"","context":"En \u00abPol\u00edtica\u00bb","block_context":{"text":"Pol\u00edtica","link":"http:\/\/www.24baires.com\/?cat=51"},"img":{"alt_text":"","src":"https:\/\/i0.wp.com\/www.24baires.com\/wp-content\/uploads\/2019\/08\/cristina-LP.jpg?resize=350%2C200","width":350,"height":200,"srcset":"https:\/\/i0.wp.com\/www.24baires.com\/wp-content\/uploads\/2019\/08\/cristina-LP.jpg?resize=350%2C200 1x, https:\/\/i0.wp.com\/www.24baires.com\/wp-content\/uploads\/2019\/08\/cristina-LP.jpg?resize=525%2C300 1.5x"},"classes":[]},{"id":118936,"url":"http:\/\/www.24baires.com\/?p=118936","url_meta":{"origin":70918,"position":1},"title":"Alberto y Cristina encabezar\u00e1n el acto por los 100 a\u00f1os de YPF","author":"AF","date":"02\/06\/2022","format":false,"excerpt":"El encuentro ser\u00e1 este viernes a las 17 en el predio de Tecn\u00f3polis. La petrolera celebrar\u00e1 tambi\u00e9n los 10 a\u00f1os de su expropiaci\u00f3n. El presidente Alberto Fern\u00e1ndez y la vicepresidenta Cristina Fern\u00e1ndez de Kirchner encabezar\u00e1n ma\u00f1ana el acto por el centenario de la empresa estatal de energ\u00eda Yacimientos Petrol\u00edferos Fiscales\u2026","rel":"","context":"En \u00abLocales\u00bb","block_context":{"text":"Locales","link":"http:\/\/www.24baires.com\/?cat=38"},"img":{"alt_text":"","src":"https:\/\/i0.wp.com\/www.24baires.com\/wp-content\/uploads\/2019\/10\/alberto-y-cristina.jpg?resize=350%2C200","width":350,"height":200,"srcset":"https:\/\/i0.wp.com\/www.24baires.com\/wp-content\/uploads\/2019\/10\/alberto-y-cristina.jpg?resize=350%2C200 1x, https:\/\/i0.wp.com\/www.24baires.com\/wp-content\/uploads\/2019\/10\/alberto-y-cristina.jpg?resize=525%2C300 1.5x, https:\/\/i0.wp.com\/www.24baires.com\/wp-content\/uploads\/2019\/10\/alberto-y-cristina.jpg?resize=700%2C400 2x"},"classes":[]},{"id":115214,"url":"http:\/\/www.24baires.com\/?p=115214","url_meta":{"origin":70918,"position":2},"title":"Fern\u00e1ndez: \u00abMandar\u00e9 la ley del aborto al Congreso\u00bb","author":"AF","date":"02\/06\/2020","format":false,"excerpt":"El presidente Alberto Fern\u00e1ndez volvi\u00f3 sobre la idea de enviar al Congreso su proyecto de ley del aborto, pero aclar\u00f3 que por ahora \"urgen otros temas\". Con m\u00e1s de dos meses de aislamiento social preventivo y obligatorio (ASPO), la perspectiva del invierno cercano y el aumento de casos de Covid-19\u2026","rel":"","context":"En \u00abSociedad\u00bb","block_context":{"text":"Sociedad","link":"http:\/\/www.24baires.com\/?cat=1"},"img":{"alt_text":"","src":"https:\/\/i0.wp.com\/www.24baires.com\/wp-content\/uploads\/2019\/02\/pa%C3%B1uelo-aborto.jpg?resize=350%2C200","width":350,"height":200,"srcset":"https:\/\/i0.wp.com\/www.24baires.com\/wp-content\/uploads\/2019\/02\/pa%C3%B1uelo-aborto.jpg?resize=350%2C200 1x, https:\/\/i0.wp.com\/www.24baires.com\/wp-content\/uploads\/2019\/02\/pa%C3%B1uelo-aborto.jpg?resize=525%2C300 1.5x"},"classes":[]},{"id":67606,"url":"http:\/\/www.24baires.com\/?p=67606","url_meta":{"origin":70918,"position":3},"title":"El Gobierno anunci\u00f3 el env\u00edo de una ley para ajustar las asignaciones dos veces al a\u00f1o","author":"GB","date":"15\/06\/2015","format":false,"excerpt":"Por cadena nacional, Cristina anunci\u00f3 el env\u00edo de un proyecto al Congreso para que la asignaci\u00f3n universal por hijo, por embarazo y las asignaciones familiares aumenten con el mismo \u00edndice con el que se ajustan las jubilaciones, dos veces al a\u00f1o. Adem\u00e1s, anunci\u00f3 un aumento del 30% desde junio. La\u2026","rel":"","context":"En \u00abPol\u00edtica\u00bb","block_context":{"text":"Pol\u00edtica","link":"http:\/\/www.24baires.com\/?cat=51"},"img":{"alt_text":"cristina4","src":"https:\/\/i0.wp.com\/www.24baires.com\/wp-content\/uploads\/2015\/03\/cristina4.jpg?resize=350%2C200","width":350,"height":200,"srcset":"https:\/\/i0.wp.com\/www.24baires.com\/wp-content\/uploads\/2015\/03\/cristina4.jpg?resize=350%2C200 1x, https:\/\/i0.wp.com\/www.24baires.com\/wp-content\/uploads\/2015\/03\/cristina4.jpg?resize=525%2C300 1.5x"},"classes":[]},{"id":115637,"url":"http:\/\/www.24baires.com\/?p=115637","url_meta":{"origin":70918,"position":4},"title":"El Gobierno anunci\u00f3 que ya est\u00e1 listo el proyecto de legalizaci\u00f3n del aborto","author":"GB","date":"15\/07\/2020","format":false,"excerpt":"La secretar\u00eda de Legal y T\u00e9cnica, Vilma Ibarra, no precis\u00f3 la fecha en que ser\u00e1 enviado al Congreso. La secretar\u00eda de Legal y T\u00e9cnica de la Presidencia, Vilma Ibarra, asegur\u00f3 que el proyecto del Gobierno para legalizar el aborto \"est\u00e1 listo\", y que el objetivo del mismo es impedir \"muertes\u2026","rel":"","context":"En \u00abPol\u00edtica\u00bb","block_context":{"text":"Pol\u00edtica","link":"http:\/\/www.24baires.com\/?cat=51"},"img":{"alt_text":"","src":"https:\/\/i0.wp.com\/www.24baires.com\/wp-content\/uploads\/2019\/02\/pa%C3%B1uelo-aborto.jpg?resize=350%2C200","width":350,"height":200,"srcset":"https:\/\/i0.wp.com\/www.24baires.com\/wp-content\/uploads\/2019\/02\/pa%C3%B1uelo-aborto.jpg?resize=350%2C200 1x, https:\/\/i0.wp.com\/www.24baires.com\/wp-content\/uploads\/2019\/02\/pa%C3%B1uelo-aborto.jpg?resize=525%2C300 1.5x"},"classes":[]},{"id":114986,"url":"http:\/\/www.24baires.com\/?p=114986","url_meta":{"origin":70918,"position":5},"title":"Alberto anunci\u00f3 que enviar\u00e1 al Congreso los proyectos de reforma judicial y legalizaci\u00f3n del aborto","author":"GB","date":"12\/05\/2020","format":false,"excerpt":"La intenci\u00f3n es que el parlamento los trate luego de poner a punto el sistema de sesi\u00f3n a distancia. El presidente, Alberto Fern\u00e1ndez, dio a conocer que tanto el proyecto de reforma judicial como el de legalizaci\u00f3n del aborto y de conformaci\u00f3n del Consejo Econ\u00f3mico y Social ya se encuentran\u2026","rel":"","context":"En \u00abPol\u00edtica\u00bb","block_context":{"text":"Pol\u00edtica","link":"http:\/\/www.24baires.com\/?cat=51"},"img":{"alt_text":"","src":"https:\/\/i0.wp.com\/www.24baires.com\/wp-content\/uploads\/2020\/05\/alberto-entrevista.jpg?resize=350%2C200","width":350,"height":200,"srcset":"https:\/\/i0.wp.com\/www.24baires.com\/wp-content\/uploads\/2020\/05\/alberto-entrevista.jpg?resize=350%2C200 1x, https:\/\/i0.wp.com\/www.24baires.com\/wp-content\/uploads\/2020\/05\/alberto-entrevista.jpg?resize=525%2C300 1.5x"},"classes":[]}],"jetpack_sharing_enabled":true,"jetpack_likes_enabled":true,"jetpack_featured_media_url":"","_links":{"self":[{"href":"http:\/\/www.24baires.com\/index.php?rest_route=\/wp\/v2\/posts\/70918","targetHints":{"allow":["GET"]}}],"collection":[{"href":"http:\/\/www.24baires.com\/index.php?rest_route=\/wp\/v2\/posts"}],"about":[{"href":"http:\/\/www.24baires.com\/index.php?rest_route=\/wp\/v2\/types\/post"}],"author":[{"embeddable":true,"href":"http:\/\/www.24baires.com\/index.php?rest_route=\/wp\/v2\/users\/8"}],"replies":[{"embeddable":true,"href":"http:\/\/www.24baires.com\/index.php?rest_route=%2Fwp%2Fv2%2Fcomments&post=70918"}],"version-history":[{"count":1,"href":"http:\/\/www.24baires.com\/index.php?rest_route=\/wp\/v2\/posts\/70918\/revisions"}],"predecessor-version":[{"id":70919,"href":"http:\/\/www.24baires.com\/index.php?rest_route=\/wp\/v2\/posts\/70918\/revisions\/70919"}],"wp:attachment":[{"href":"http:\/\/www.24baires.com\/index.php?rest_route=%2Fwp%2Fv2%2Fmedia&parent=70918"}],"wp:term":[{"taxonomy":"category","embeddable":true,"href":"http:\/\/www.24baires.com\/index.php?rest_route=%2Fwp%2Fv2%2Fcategories&post=70918"},{"taxonomy":"post_tag","embeddable":true,"href":"http:\/\/www.24baires.com\/index.php?rest_route=%2Fwp%2Fv2%2Ftags&post=70918"}],"curies":[{"name":"wp","href":"https:\/\/api.w.org\/{rel}","templated":true}]}}