{"id":70915,"date":"2015-08-20T20:49:54","date_gmt":"2015-08-20T23:49:54","guid":{"rendered":"http:\/\/www.24baires.com\/?p=70915"},"modified":"2015-08-20T20:49:54","modified_gmt":"2015-08-20T23:49:54","slug":"la-defensa-de-menem-advirtio-que-la-indagatoria-podria-afectar-la-seguridad-nacional","status":"publish","type":"post","link":"http:\/\/www.24baires.com\/?p=70915","title":{"rendered":"La defensa de Menem advirti\u00f3 que la indagatoria podr\u00eda afectar la seguridad nacional"},"content":{"rendered":"<p><img data-recalc-dims=\"1\" loading=\"lazy\" decoding=\"async\" class=\"aligncenter size-full wp-image-24809\" src=\"https:\/\/i0.wp.com\/www.24baires.com\/wp-content\/uploads\/2013\/05\/menem.jpg?resize=560%2C420\" alt=\"menem\" width=\"560\" height=\"420\" srcset=\"https:\/\/i0.wp.com\/www.24baires.com\/wp-content\/uploads\/2013\/05\/menem.jpg?w=560 560w, https:\/\/i0.wp.com\/www.24baires.com\/wp-content\/uploads\/2013\/05\/menem.jpg?resize=300%2C225 300w\" sizes=\"auto, (max-width: 560px) 100vw, 560px\" \/>Plante\u00f3 que una declaraci\u00f3n en el juicio en su contra por encubrimiento del atentado a la AMIA podr\u00eda afectar la \u00abconvivencia pac\u00edfica\u00bb con otros pa\u00edses, y por eso pidi\u00f3 que el Congreso releve al ex mandatario de la obligaci\u00f3n de guardar secreto de Estado.<!--more--><\/p>\n<p>Adem\u00e1s, su defensor Omar Daer pidi\u00f3 al Tribunal Oral Federal 2 que declare la nulidad de su procesamiento por encubrimiento del atentado, al considerar que la llamada \u00abpista siria\u00bb se investig\u00f3 durante nueve a\u00f1os sin hallarse elementos que comprometan al empresario supuestamente implicado Alberto Kanoore Edul.<\/p>\n<p>Tambi\u00e9n pidi\u00f3 medidas de seguridad en caso de que el Congreso Nacional releve a Menem del secreto de Estado y sea indagado en esas circunstancias.<\/p>\n<p>El planteo fue hecho por el defensor del actual senador nacional por La Rioja ante el Tribunal Oral Federal 2, en una nueva audiencia del juicio por delitos cometidos en la investigaci\u00f3n del atentado a la AMIA, dedicada por completo a escuchar los llamados \u00abplanteos preliminares\u00bb de los acusados.<\/p>\n<p>El Tribunal dispuso un cuarto intermedio hasta las 15.30 para escuchar las respuestas de la fiscal\u00eda y las querellas a todos los planteos, algo que insumir\u00e1 el resto de la jornada.<\/p>\n<p>Una indagatoria a Menem \u00abpodr\u00eda afectar la seguridad nacional, intereses de la Naci\u00f3n y el conocimiento que \u00e9l tiene podr\u00eda afectar la convivencia pac\u00edfica\u00bb con otros pa\u00edses, advirti\u00f3 Daer.<\/p>\n<p>\u00abNo nos olvidemos que en ejercicio de la Presidencia de la Naci\u00f3n, posterior al atentado, convoc\u00f3 adem\u00e1s de al servicio de inteligencia local, a la CIA, al Mossad, al MI6 brit\u00e1nico, inteligencia brasile\u00f1a y \u00e9l tuvo acceso a informaci\u00f3n\u00bb, apunt\u00f3 Daer.<\/p>\n<p>Agreg\u00f3 que \u00abla obligaci\u00f3n que tiene el doctor Menem de guardar el secreto de Estado est\u00e1 claramente respaldada por los actos de Gobierno y su declaraci\u00f3n no relevado del secreto puede llevar a romper la convivencia pac\u00edfica con los terceros intervinientes\u00bb, agreg\u00f3.<\/p>\n<p>Menem sigui\u00f3 el debate por videoconferencia junto a otro de sus abogados, en una jornada en la que se ausent\u00f3 tambi\u00e9n el ex titular de la SIDE Hugo Anzorreguy, quien ten\u00eda una internaci\u00f3n programada para estudios m\u00e9dicos, seg\u00fan inform\u00f3 su defensa.<\/p>\n<p>Daer pidi\u00f3 que el Tribunal pida al Congreso Nacional que se releve a Menem de su obligaci\u00f3n de guardar secreto, planteo al que adhiri\u00f3 luego la defensa de Anzorreguy.<\/p>\n<p>Sobre la acusaci\u00f3n concreta por encubrimiento, Daer argument\u00f3 que debe declararse nulo el procesamiento porque \u00abnos falta la figura principal, que es el autor inmediato del hecho\u00bb.<\/p>\n<p>\u00abHay prueba intexistente e insuficiente, estamos en un juicio por cuestiones colaterales y no para tratar de descubrir la verdad sobre el triste atentado\u00bb del 18 de julio de 1994, agreg\u00f3.<\/p>\n<p>Con anterioridad, la defensa del destituido ex juez federal Juan Jos\u00e9 Galeano plante\u00f3 la nulida de su procesamiento por el pago ilegal a Carlos Telleld\u00edn, al sostener que ya fue sobrese\u00eddo por ese delito y se viola la garant\u00eda que proh\u00edbe el doble juzgamiento.<\/p>\n<p>Pero la Corte Suprema de Justicia de la Naci\u00f3n anul\u00f3 el sobreseimiento a Galeano por considerarlo \u00abirrito\u00bb en relaci\u00f3n al fallo dictado por el tambi\u00e9n ex juez federal Gabriel Cavallo, quien investig\u00f3 a su entonces colega por los 400.000 d\u00f3lares que recibi\u00f3 Telleld\u00edn para involucrar a polic\u00edas bonaerenses.<\/p>\n<p>Tanto la defensa de Galeano como la de los ex fiscales Eamon Mullen y Jos\u00e9 Barbaccia reclamaron la nulidad de la lectura parcial de los requerimientos de elevaci\u00f3n a juicio.<\/p>\n<p>La defensa oficial de los dos ex fiscales del caso cuestion\u00f3 adem\u00e1s la calidad de querellantes del ex comisario Juan Jose Ribelli, preso casi nueve a\u00f1os por el atentado hasta que fue absuelto.<\/p>\n<p>Tambi\u00e9n se cuestion\u00f3 el rol de querellante del Ministerio de Justicia, entre otros.<\/p>\n<p>Como parte de los planteos preliminares, las defensas entendieron que algunos delitos est\u00e1n prescriptos, otros carecen de fundamentaci\u00f3n en las acusaciones y otros ya fueron juzgados.<\/p>\n<p>Una vez que est\u00e9n resueltas todas las cuestiones preliminares, algo que podr\u00eda ocurrir el jueves pr\u00f3ximo, podr\u00e1n comenzar las declaraciones indagatorias de los procesados.<\/p>\n<p>En el juicio est\u00e1n acusados Galeano, Menem, Anzorreguy, el ex titular de la DAIA Rub\u00e9n Beraja, los ex fiscales Mullen y Barbaccia, el ex comisario federal Jorge Palacios, el \u00fatimo poseedor de la Trafic que deton\u00f3 como cochebomba Carlos Telleld\u00edn, entre otros.<\/p>\n","protected":false},"excerpt":{"rendered":"<p>Plante\u00f3 que una declaraci\u00f3n en el juicio en su contra por encubrimiento del atentado a la AMIA podr\u00eda afectar la \u00abconvivencia pac\u00edfica\u00bb con otros pa\u00edses, y por eso pidi\u00f3 que el Congreso releve al ex mandatario de la obligaci\u00f3n de guardar secreto de Estado.<\/p>\n","protected":false},"author":8,"featured_media":0,"comment_status":"open","ping_status":"open","sticky":false,"template":"","format":"standard","meta":{"_jetpack_newsletter_access":"","_jetpack_dont_email_post_to_subs":false,"_jetpack_newsletter_tier_id":0,"_jetpack_memberships_contains_paywalled_content":false,"_jetpack_memberships_contains_paid_content":false,"footnotes":""},"categories":[51],"tags":[],"class_list":["post-70915","post","type-post","status-publish","format-standard","hentry","category-politica"],"jetpack_shortlink":"https:\/\/wp.me\/p2JWE0-irN","jetpack-related-posts":[{"id":70952,"url":"http:\/\/www.24baires.com\/?p=70952","url_meta":{"origin":70915,"position":0},"title":"Familiares consideraron una \u00abburla\u00bb las advertencias de Menem durante el juicio","author":"GB","date":"21\/08\/2015","format":false,"excerpt":"Las agrupaciones 18-J y Memoria Activa cuestionaron duramente al ex presidente, quien sostuvo que una declaraci\u00f3n indagatoria en el juicio por encubrimiento del atentado podr\u00eda \"afectar la seguridad nacional\". Las agrupaciones 18-J y Memoria Activa, que re\u00fanen familiares de las v\u00edctimas del atentado de la AMIA, consideraron una \"burla\" y\u2026","rel":"","context":"En \u00abPol\u00edtica\u00bb","block_context":{"text":"Pol\u00edtica","link":"http:\/\/www.24baires.com\/?cat=51"},"img":{"alt_text":"menem","src":"https:\/\/i0.wp.com\/www.24baires.com\/wp-content\/uploads\/2015\/07\/menem-300x200.jpg?resize=350%2C200","width":350,"height":200},"classes":[]},{"id":71575,"url":"http:\/\/www.24baires.com\/?p=71575","url_meta":{"origin":70915,"position":1},"title":"Menem se neg\u00f3 a declarar en el juicio por encubrimiento del atentado a la AMIA","author":"AF","date":"03\/09\/2015","format":false,"excerpt":"El ex presidente Carlos Menem se neg\u00f3 a prestar declaraci\u00f3n indagatoria en el juicio en su contra por supuesto encubrimiento del atentado a la AMIA. El ex juez Galeano tampoco declar\u00f3. Lo hizo ante el Tribunal Oral Federal 2 en el debate que sigue por videoconferencia, luego de que los\u2026","rel":"","context":"En \u00abJUDICIALES\u00bb","block_context":{"text":"JUDICIALES","link":"http:\/\/www.24baires.com\/?cat=68"},"img":{"alt_text":"menem","src":"https:\/\/i0.wp.com\/www.24baires.com\/wp-content\/uploads\/2015\/07\/menem.jpg?resize=350%2C200","width":350,"height":200,"srcset":"https:\/\/i0.wp.com\/www.24baires.com\/wp-content\/uploads\/2015\/07\/menem.jpg?resize=350%2C200 1x, https:\/\/i0.wp.com\/www.24baires.com\/wp-content\/uploads\/2015\/07\/menem.jpg?resize=525%2C300 1.5x"},"classes":[]},{"id":83151,"url":"http:\/\/www.24baires.com\/?p=83151","url_meta":{"origin":70915,"position":2},"title":"Citan a Menem a declarar por el atentado a la AMIA","author":"GB","date":"26\/05\/2016","format":false,"excerpt":"El ex presidente se deber\u00e1 presentar este viernes en el Senado como testigo, luego de que diera a entender que tiene informaci\u00f3n sobre la explosi\u00f3n de la mutual jud\u00eda de 1994, por la que murieron 85 personas. Durante el juicio que se sigue en su contra por presunto encubrimiento del\u2026","rel":"","context":"En \u00abJUDICIALES\u00bb","block_context":{"text":"JUDICIALES","link":"http:\/\/www.24baires.com\/?cat=68"},"img":{"alt_text":"menem c","src":"https:\/\/i0.wp.com\/www.24baires.com\/wp-content\/uploads\/2016\/05\/menem-c.jpg?resize=350%2C200","width":350,"height":200,"srcset":"https:\/\/i0.wp.com\/www.24baires.com\/wp-content\/uploads\/2016\/05\/menem-c.jpg?resize=350%2C200 1x, https:\/\/i0.wp.com\/www.24baires.com\/wp-content\/uploads\/2016\/05\/menem-c.jpg?resize=525%2C300 1.5x"},"classes":[]},{"id":99577,"url":"http:\/\/www.24baires.com\/?p=99577","url_meta":{"origin":70915,"position":3},"title":"AMIA: piden condenar a Menem a cuatro a\u00f1os de prisi\u00f3n por encubrir a sospechosos","author":"AF","date":"21\/12\/2017","format":false,"excerpt":"La fiscal\u00eda pidi\u00f3 condenar al ex presidente Carlos Menem a la pena de 4 a\u00f1os de prisi\u00f3n, al acusarlo de encubrir a sospechosos del atentado a la AMIA y solicit\u00f3 que el ex juez federal Juan Jos\u00e9 Galeano, que estaba a cargo de la invetsigaci\u00f3n del ataque, sea sentenciado a\u2026","rel":"","context":"En \u00abJUDICIALES\u00bb","block_context":{"text":"JUDICIALES","link":"http:\/\/www.24baires.com\/?cat=68"},"img":{"alt_text":"","src":"https:\/\/i0.wp.com\/www.24baires.com\/wp-content\/uploads\/2013\/05\/menem.jpg?resize=350%2C200","width":350,"height":200,"srcset":"https:\/\/i0.wp.com\/www.24baires.com\/wp-content\/uploads\/2013\/05\/menem.jpg?resize=350%2C200 1x, https:\/\/i0.wp.com\/www.24baires.com\/wp-content\/uploads\/2013\/05\/menem.jpg?resize=525%2C300 1.5x"},"classes":[]},{"id":107035,"url":"http:\/\/www.24baires.com\/?p=107035","url_meta":{"origin":70915,"position":4},"title":"Absolvieron a Menem por el juicio por encubrimiento del atentado a la AMIA","author":"AF","date":"28\/02\/2019","format":false,"excerpt":"El ex presidente y actual senador fue absuelto en la causa por encubrimiento del atentado contra la AMIA. Este juicio oral se desarroll\u00f3 durante a\u00f1os ante la indiferencia casi total de los grande medios. El gobierno intent\u00f3 salvar a muchos de los imputados. El ex presidente y actual senador Carlos\u2026","rel":"","context":"En \u00abJUDICIALES\u00bb","block_context":{"text":"JUDICIALES","link":"http:\/\/www.24baires.com\/?cat=68"},"img":{"alt_text":"","src":"https:\/\/i0.wp.com\/www.24baires.com\/wp-content\/uploads\/2016\/05\/menem-c.jpg?resize=350%2C200","width":350,"height":200,"srcset":"https:\/\/i0.wp.com\/www.24baires.com\/wp-content\/uploads\/2016\/05\/menem-c.jpg?resize=350%2C200 1x, https:\/\/i0.wp.com\/www.24baires.com\/wp-content\/uploads\/2016\/05\/menem-c.jpg?resize=525%2C300 1.5x"},"classes":[]},{"id":87133,"url":"http:\/\/www.24baires.com\/?p=87133","url_meta":{"origin":70915,"position":5},"title":"Denunciaron a Menem por falso testimonio en el causa por el atentado a la AMIA","author":"GB","date":"03\/09\/2016","format":false,"excerpt":"Los titulares de la Unidad Fiscal de Investigaci\u00f3n del atentado a la AMIA denunciaron por falso testimonio al ex presidente debido a las declaraciones que brind\u00f3 este a\u00f1o en el marco de la causa que investiga el ataque ocurrido en 1994. Aseguran que \"no s\u00e9\" y \"no recuerdo\" fueron las\u2026","rel":"","context":"En \u00abJUDICIALES\u00bb","block_context":{"text":"JUDICIALES","link":"http:\/\/www.24baires.com\/?cat=68"},"img":{"alt_text":"menem c","src":"https:\/\/i0.wp.com\/www.24baires.com\/wp-content\/uploads\/2016\/05\/menem-c.jpg?resize=350%2C200","width":350,"height":200,"srcset":"https:\/\/i0.wp.com\/www.24baires.com\/wp-content\/uploads\/2016\/05\/menem-c.jpg?resize=350%2C200 1x, https:\/\/i0.wp.com\/www.24baires.com\/wp-content\/uploads\/2016\/05\/menem-c.jpg?resize=525%2C300 1.5x"},"classes":[]}],"jetpack_sharing_enabled":true,"jetpack_likes_enabled":true,"jetpack_featured_media_url":"","_links":{"self":[{"href":"http:\/\/www.24baires.com\/index.php?rest_route=\/wp\/v2\/posts\/70915","targetHints":{"allow":["GET"]}}],"collection":[{"href":"http:\/\/www.24baires.com\/index.php?rest_route=\/wp\/v2\/posts"}],"about":[{"href":"http:\/\/www.24baires.com\/index.php?rest_route=\/wp\/v2\/types\/post"}],"author":[{"embeddable":true,"href":"http:\/\/www.24baires.com\/index.php?rest_route=\/wp\/v2\/users\/8"}],"replies":[{"embeddable":true,"href":"http:\/\/www.24baires.com\/index.php?rest_route=%2Fwp%2Fv2%2Fcomments&post=70915"}],"version-history":[{"count":1,"href":"http:\/\/www.24baires.com\/index.php?rest_route=\/wp\/v2\/posts\/70915\/revisions"}],"predecessor-version":[{"id":70916,"href":"http:\/\/www.24baires.com\/index.php?rest_route=\/wp\/v2\/posts\/70915\/revisions\/70916"}],"wp:attachment":[{"href":"http:\/\/www.24baires.com\/index.php?rest_route=%2Fwp%2Fv2%2Fmedia&parent=70915"}],"wp:term":[{"taxonomy":"category","embeddable":true,"href":"http:\/\/www.24baires.com\/index.php?rest_route=%2Fwp%2Fv2%2Fcategories&post=70915"},{"taxonomy":"post_tag","embeddable":true,"href":"http:\/\/www.24baires.com\/index.php?rest_route=%2Fwp%2Fv2%2Ftags&post=70915"}],"curies":[{"name":"wp","href":"https:\/\/api.w.org\/{rel}","templated":true}]}}