{"id":70907,"date":"2015-08-20T20:00:37","date_gmt":"2015-08-20T23:00:37","guid":{"rendered":"http:\/\/www.24baires.com\/?p=70907"},"modified":"2015-08-21T11:22:39","modified_gmt":"2015-08-21T14:22:39","slug":"disfrazarse-de-dia-de-lluvia-e-ir-a-juntarse-con-los-pobres-no","status":"publish","type":"post","link":"http:\/\/www.24baires.com\/?p=70907","title":{"rendered":"\u00abDisfrazarse de d\u00eda de lluvia e ir a juntarse con los pobres, no\u00bb"},"content":{"rendered":"<p><img data-recalc-dims=\"1\" loading=\"lazy\" decoding=\"async\" class=\"aligncenter size-full wp-image-70908\" src=\"https:\/\/i0.wp.com\/www.24baires.com\/wp-content\/uploads\/2015\/08\/cris-anibal-axel.jpg?resize=560%2C373\" alt=\"cris anibal axel\" width=\"560\" height=\"373\" srcset=\"https:\/\/i0.wp.com\/www.24baires.com\/wp-content\/uploads\/2015\/08\/cris-anibal-axel.jpg?w=560 560w, https:\/\/i0.wp.com\/www.24baires.com\/wp-content\/uploads\/2015\/08\/cris-anibal-axel.jpg?resize=300%2C200 300w\" sizes=\"auto, (max-width: 560px) 100vw, 560px\" \/>La presidenta Cristina Fern\u00e1ndez de Kirchner se refiri\u00f3 a las obras h\u00eddricas realizadas desde 2003 en la provincia de Buenos Aires y cuestion\u00f3 a la oposici\u00f3n. \u00abJam\u00e1s se me ocurri\u00f3 montarme en la tragedia de la gente e ir a buscar un r\u00e9dito electoral\u00bb, dijo.<!--more--><\/p>\n<p>La presidenta Cristina Fern\u00e1ndez de Kirchner se refiri\u00f3 a las inundaciones recientes en la provincia de Buenos Aires, sostuvo que siempre estuvo en contacto con el problema, y remarc\u00f3 que \u00abyo trabajo todos los d\u00edas como Presidenta, hable o no hable\u00bb.<br \/>\nEn ese marco, critic\u00f3 la \u00abobscenidad de disfrazarse de d\u00edas de lluvia e ir al barrio para juntarse con los pobres\u00bb, y se\u00f1al\u00f3: \u00abTodos somos humanos, pero no hay que sacar r\u00e9dito electoral de estas cosas\u00bb.<\/p>\n<p>\u00abSi no hablo porque no hablo, y si hablo porque hablo\u00bb, dijo la Presidenta y destac\u00f3 que \u00aben estos a\u00f1os hicimos m\u00e1s de 4.000 obras p\u00fablicas\u00bb en materia h\u00eddrica y casi la mitad de ese presupuesto \u00abfue a la provincia de Buenos Aires\u00bb.<\/p>\n<p>La mandataria asegur\u00f3 adem\u00e1s que la \u00abcampa\u00f1a sucia\u00bb en redes sociales denunciada en el marco de la campa\u00f1a electoral \u00abno es\u00bb contra el candidato a presidente del oficialismo, Daniel Scioli, sino \u00abcontra el Frente para la Victoria, y no empez\u00f3 ahora\u00bb.<\/p>\n<p>En este sentido, record\u00f3 que este tipo de campa\u00f1as comenzaron con su triunfo en el 2011 y record\u00f3 las corridas cambiarias \u00abque les hicieron a los argentinos\u00bb y luego comenzaron \u00abcon las campa\u00f1as de corrupci\u00f3n y los cacerolazos, como le paso a Dilma (Rousseff, mandataria brasile\u00f1a)\u00bb, en Brasil.<\/p>\n<p>Cristina se\u00f1al\u00f3 que \u00ablas cacerolas tienen marca registrada\u00bb en una agencia de investigaciones \u00aben el pa\u00eds del norte\u00bb que tiene inter\u00e9s en Am\u00e9rica Latina, en alusi\u00f3n impl\u00edcita a la CIA, al tiempo que indic\u00f3 que las campa\u00f1as sucias tambi\u00e9n tienen \u00abpatas judiciales\u00bb.<\/p>\n<p>\u00abHay m\u00e1s de quinientas obras en materia h\u00eddrica\u00bb, dijo la Presidenta y detall\u00f3, entre otras, que se invirtieron al respecto 122.387 millones en obras h\u00eddricas de los cuales fueron a la provincia 60.000 millones.<\/p>\n<p>Tambi\u00e9n dijo que hay 9 millones de conectados al agua potable en todo el pa\u00eds, de los cuales 2 millones fueron por Aysa.<br \/>\nAdem\u00e1s se hicieron 512 obras en el marco del Fondo H\u00eddrico Nacional, detall\u00f3 la Presidenta por un monto de 10.473 millones de pesos.<\/p>\n<p>En su discurso, destac\u00f3 una serie de obras que se realizaron en todo el pa\u00eds y afirm\u00f3 \u00abojal\u00e1 que el pr\u00f3ximo gobierno siga haciendo m\u00e1s obras\u00bb.<\/p>\n<p>\u00abAysa, desde que fue recuperada por el Estado, lleva invertidos 26.714 millones de pesos en materia de obras\u00bb, se\u00f1al\u00f3 Cristina.<\/p>\n<p>Cristina habl\u00f3 en Casa de Gobierno, se refiri\u00f3 a las inundaciones que azotaron algunas zonas de la provincia de Buneos Aires y enumer\u00f3 las obras h\u00eddricas llevadas a cabo por el gobierno nacional en el territorio bonaerense. En ese marco, tambi\u00e9n cuestion\u00f3 duramente a la oposici\u00f3n. Disfrazarse de lluvia e ir a juntarse con los pobres es obsceno. Jam\u00e1s se me ocurri\u00f3 montarme en la tragedia de la gente e ir a buscar un r\u00e9dito electoral. Cualquier cosa siempre puede ser vista como una sobreactuaci\u00f3n o una miserabilidad. Se puede sacar r\u00e9dito de cualquier cosa, menos cuando la gente tiene una desgracia\u00bb, asegur\u00f3 la mandataria.<\/p>\n<p>Con respecto a la inversi\u00f3n en obras h\u00eddricas, la Presidenta detall\u00f3 que durante los \u00faltimos 12 a\u00f1os el gobierno nacional invirti\u00f3 m\u00e1s 596.000 millones de pesos y cuestion\u00f3 los art\u00edculos period\u00edsticos en torno cu\u00e1les fueron las empresas adjudicatarias de las obras, \u00abcampa\u00f1a que tiene mucho tiempo y que quiere mostrar que ac\u00e1 hay s\u00f3lo dos contratistas beneficiarios\u00bb, dijo.<\/p>\n<p>En este sentido, la mandataria enumer\u00f3 una serie de firmas que integran el listado de 80 empresas ejecutoras de obra nacionales, entre ellas mencion\u00f3 a Techint, Electroingenier\u00eda, Iecsa y la china Gezhouba, al tiempo que asegur\u00f3 \u00abno hay ning\u00fan amigo m\u00edo, a algunos los conozco pero la mayor\u00eda no s\u00e9 qui\u00e9nes son\u00bb.<\/p>\n<p>\u00abMuchos hablan de que hacemos capitalismo de amigos, ser\u00e1 porque alguno nos considera enemigos, pero quienes se la han llevado, son los que nunca aparecen en ning\u00fan lado\u00bb indic\u00f3.<\/p>\n<p>Finalmente, la Presidenta llam\u00f3 a que \u00absi los jueces o fiscales piensas que hay sobreprecios en la obra p\u00fablica, que investiguen a todas las empresas, ya que si una que factur\u00f3 1.000 millones tiene sobreprecios, no quiero saber el que deber\u00edan tener las que nos facturaron hasta 16.000 millones\u00bb.<br \/>\n&nbsp;<\/p>\n<p>&nbsp;<\/p>\n<p>&nbsp;<\/p>\n<p>&nbsp;<\/p>\n<p>&nbsp;<\/p>\n<p>&nbsp;<\/p>\n<p>&nbsp;<\/p>\n<p>&nbsp;<\/p>\n<p>&nbsp;<\/p>\n","protected":false},"excerpt":{"rendered":"<p>La presidenta Cristina Fern\u00e1ndez de Kirchner se refiri\u00f3 a las obras h\u00eddricas realizadas desde 2003 en la provincia de Buenos Aires y cuestion\u00f3 a la oposici\u00f3n. \u00abJam\u00e1s se me ocurri\u00f3 montarme en la tragedia de la gente e ir a buscar un r\u00e9dito electoral\u00bb, dijo.<\/p>\n","protected":false},"author":8,"featured_media":0,"comment_status":"open","ping_status":"open","sticky":false,"template":"","format":"standard","meta":{"_jetpack_newsletter_access":"","_jetpack_dont_email_post_to_subs":false,"_jetpack_newsletter_tier_id":0,"_jetpack_memberships_contains_paywalled_content":false,"_jetpack_memberships_contains_paid_content":false,"footnotes":""},"categories":[51],"tags":[],"class_list":["post-70907","post","type-post","status-publish","format-standard","hentry","category-politica"],"jetpack_shortlink":"https:\/\/wp.me\/p2JWE0-irF","jetpack-related-posts":[{"id":108009,"url":"http:\/\/www.24baires.com\/?p=108009","url_meta":{"origin":70907,"position":0},"title":"\u00abEs imposible que Cristina firme este acuerdo\u00bb","author":"GB","date":"07\/05\/2019","format":false,"excerpt":"El ex jefe de Gabinete de CFK y actual aliado cuestion\u00f3 con dureza el acuerdo de Cambiemos. \"El Gobierno quiere corresponsabilizar a toda la oposici\u00f3n por las malas pol\u00edticas de ellos\", alert\u00f3 por C5N. La ex presidenta Cristina Kirchner no se sumar\u00e1 al pedido electoralista de \"consenso\" que plante\u00f3 el\u2026","rel":"","context":"En \u00abPol\u00edtica\u00bb","block_context":{"text":"Pol\u00edtica","link":"http:\/\/www.24baires.com\/?cat=51"},"img":{"alt_text":"","src":"https:\/\/i0.wp.com\/www.24baires.com\/wp-content\/uploads\/2018\/11\/cristina.jpg?resize=350%2C200","width":350,"height":200,"srcset":"https:\/\/i0.wp.com\/www.24baires.com\/wp-content\/uploads\/2018\/11\/cristina.jpg?resize=350%2C200 1x, https:\/\/i0.wp.com\/www.24baires.com\/wp-content\/uploads\/2018\/11\/cristina.jpg?resize=525%2C300 1.5x"},"classes":[]},{"id":108253,"url":"http:\/\/www.24baires.com\/?p=108253","url_meta":{"origin":70907,"position":1},"title":"Macri se refiri\u00f3 a la f\u00f3rmula presidencial Alberto Fern\u00e1ndez &#8211; CFK","author":"AF","date":"18\/05\/2019","format":false,"excerpt":"Fue durante un acto que transmiti\u00f3 en vivo por las redes sociales. \"Tienen ganas de confrontar, agredir, pelear. Nosotros no, tranquilos\", dijo. Una hora despu\u00e9s de Cristina Kirchner anunciara la f\u00f3rmula de Unidad Ciudadana que competir\u00e1 en las generales de octubre, el presidente Mauricio Macri habl\u00f3 al respecto durante un\u2026","rel":"","context":"En \u00abPol\u00edtica\u00bb","block_context":{"text":"Pol\u00edtica","link":"http:\/\/www.24baires.com\/?cat=51"},"img":{"alt_text":"","src":"https:\/\/i0.wp.com\/www.24baires.com\/wp-content\/uploads\/2016\/02\/macriiiii.jpg?resize=350%2C200","width":350,"height":200,"srcset":"https:\/\/i0.wp.com\/www.24baires.com\/wp-content\/uploads\/2016\/02\/macriiiii.jpg?resize=350%2C200 1x, https:\/\/i0.wp.com\/www.24baires.com\/wp-content\/uploads\/2016\/02\/macriiiii.jpg?resize=525%2C300 1.5x"},"classes":[]},{"id":118951,"url":"http:\/\/www.24baires.com\/?p=118951","url_meta":{"origin":70907,"position":2},"title":"\u00abSi quer\u00edan conocer la cara de la remarcaci\u00f3n de precios, la tuvieron en AEA\u00bb","author":"AF","date":"07\/06\/2022","format":false,"excerpt":"El Presidente cuestion\u00f3 al empresario supermercadista Federico Braun, qui\u00e9n afirm\u00f3 que \"remarca los precios\" todos los d\u00edas. La vicepresidenta Cristina Fern\u00e1ndez de Kirchner tambi\u00e9n se refiri\u00f3 a los dichos del empresario. El presidente Alberto Fern\u00e1ndez sostuvo que este martes que \"la cara de la remarcaci\u00f3n de precios\" estuvo presente en\u2026","rel":"","context":"En \u00abSociedad\u00bb","block_context":{"text":"Sociedad","link":"http:\/\/www.24baires.com\/?cat=1"},"img":{"alt_text":"","src":"https:\/\/i0.wp.com\/www.24baires.com\/wp-content\/uploads\/2022\/06\/5fe3a4d35c28e_900.jpg?resize=350%2C200","width":350,"height":200,"srcset":"https:\/\/i0.wp.com\/www.24baires.com\/wp-content\/uploads\/2022\/06\/5fe3a4d35c28e_900.jpg?resize=350%2C200 1x, https:\/\/i0.wp.com\/www.24baires.com\/wp-content\/uploads\/2022\/06\/5fe3a4d35c28e_900.jpg?resize=525%2C300 1.5x, https:\/\/i0.wp.com\/www.24baires.com\/wp-content\/uploads\/2022\/06\/5fe3a4d35c28e_900.jpg?resize=700%2C400 2x"},"classes":[]},{"id":112597,"url":"http:\/\/www.24baires.com\/?p=112597","url_meta":{"origin":70907,"position":3},"title":"\u00abVan a entender lo que pas\u00f3 en Argentina cuando cuenten los votos\u00bb","author":"AF","date":"22\/10\/2019","format":false,"excerpt":"El candidato a presidente del Frente de Todos estuvo con intendentes de la Primera Secci\u00f3n Electoral y habl\u00f3 del pa\u00eds que le dejar\u00e1 Macri. El candidato a presidente del Frente de Todos, Alberto Fern\u00e1ndez, encabez\u00f3 un acto de campa\u00f1a en el Estadio Direct TV Arena de Malvinas Argentinas. All\u00ed agradeci\u00f3\u2026","rel":"","context":"En \u00abPol\u00edtica\u00bb","block_context":{"text":"Pol\u00edtica","link":"http:\/\/www.24baires.com\/?cat=51"},"img":{"alt_text":"","src":"https:\/\/i0.wp.com\/www.24baires.com\/wp-content\/uploads\/2019\/10\/alberto-fernandez.jpg?resize=350%2C200","width":350,"height":200,"srcset":"https:\/\/i0.wp.com\/www.24baires.com\/wp-content\/uploads\/2019\/10\/alberto-fernandez.jpg?resize=350%2C200 1x, https:\/\/i0.wp.com\/www.24baires.com\/wp-content\/uploads\/2019\/10\/alberto-fernandez.jpg?resize=525%2C300 1.5x"},"classes":[]},{"id":108071,"url":"http:\/\/www.24baires.com\/?p=108071","url_meta":{"origin":70907,"position":4},"title":"CFK present\u00f3 su libro y plante\u00f3 \u00abun contrato social de ciudadan\u00eda responsable\u00bb","author":"AF","date":"10\/05\/2019","format":false,"excerpt":"Cristina Kirchner present\u00f3 su libro ante una multitud reunida dentro y fuera del predio de La Rural. En tono coloquial, dijo que espera \u201cque sirva para el debate\u201d y plante\u00f3 un \u201ccontrato social de ciudadan\u00eda responsable\u201d que impulse el crecimiento econ\u00f3mico a partir del desarrollo del mercado interno. La ex\u2026","rel":"","context":"En \u00abPol\u00edtica\u00bb","block_context":{"text":"Pol\u00edtica","link":"http:\/\/www.24baires.com\/?cat=51"},"img":{"alt_text":"","src":"https:\/\/i0.wp.com\/www.24baires.com\/wp-content\/uploads\/2019\/05\/cristina-sinceramente.jpeg?resize=350%2C200","width":350,"height":200,"srcset":"https:\/\/i0.wp.com\/www.24baires.com\/wp-content\/uploads\/2019\/05\/cristina-sinceramente.jpeg?resize=350%2C200 1x, https:\/\/i0.wp.com\/www.24baires.com\/wp-content\/uploads\/2019\/05\/cristina-sinceramente.jpeg?resize=525%2C300 1.5x"},"classes":[]},{"id":100716,"url":"http:\/\/www.24baires.com\/?p=100716","url_meta":{"origin":70907,"position":5},"title":"Pablo Moyano: \u00abCristina tiene que estar incluida en el PJ\u00bb","author":"GB","date":"24\/02\/2018","format":false,"excerpt":"El secretario general adjunto de Camioneros record\u00f3 que la ex Presidenta \"sac\u00f3 m\u00e1s del 30 por ciento de votos en la Provincia\". El secretario general adjunto de Camioneros, Pablo Moyano, destac\u00f3 el caudal de votos de Cristina Fern\u00e1ndez de Kirchner y opin\u00f3 que la ex mandataria nacional \"tiene que estar\u2026","rel":"","context":"En \u00abPol\u00edtica\u00bb","block_context":{"text":"Pol\u00edtica","link":"http:\/\/www.24baires.com\/?cat=51"},"img":{"alt_text":"","src":"https:\/\/i0.wp.com\/www.24baires.com\/wp-content\/uploads\/2013\/07\/moyano-pablo.jpg?resize=350%2C200","width":350,"height":200,"srcset":"https:\/\/i0.wp.com\/www.24baires.com\/wp-content\/uploads\/2013\/07\/moyano-pablo.jpg?resize=350%2C200 1x, https:\/\/i0.wp.com\/www.24baires.com\/wp-content\/uploads\/2013\/07\/moyano-pablo.jpg?resize=525%2C300 1.5x"},"classes":[]}],"jetpack_sharing_enabled":true,"jetpack_likes_enabled":true,"jetpack_featured_media_url":"","_links":{"self":[{"href":"http:\/\/www.24baires.com\/index.php?rest_route=\/wp\/v2\/posts\/70907","targetHints":{"allow":["GET"]}}],"collection":[{"href":"http:\/\/www.24baires.com\/index.php?rest_route=\/wp\/v2\/posts"}],"about":[{"href":"http:\/\/www.24baires.com\/index.php?rest_route=\/wp\/v2\/types\/post"}],"author":[{"embeddable":true,"href":"http:\/\/www.24baires.com\/index.php?rest_route=\/wp\/v2\/users\/8"}],"replies":[{"embeddable":true,"href":"http:\/\/www.24baires.com\/index.php?rest_route=%2Fwp%2Fv2%2Fcomments&post=70907"}],"version-history":[{"count":3,"href":"http:\/\/www.24baires.com\/index.php?rest_route=\/wp\/v2\/posts\/70907\/revisions"}],"predecessor-version":[{"id":70914,"href":"http:\/\/www.24baires.com\/index.php?rest_route=\/wp\/v2\/posts\/70907\/revisions\/70914"}],"wp:attachment":[{"href":"http:\/\/www.24baires.com\/index.php?rest_route=%2Fwp%2Fv2%2Fmedia&parent=70907"}],"wp:term":[{"taxonomy":"category","embeddable":true,"href":"http:\/\/www.24baires.com\/index.php?rest_route=%2Fwp%2Fv2%2Fcategories&post=70907"},{"taxonomy":"post_tag","embeddable":true,"href":"http:\/\/www.24baires.com\/index.php?rest_route=%2Fwp%2Fv2%2Ftags&post=70907"}],"curies":[{"name":"wp","href":"https:\/\/api.w.org\/{rel}","templated":true}]}}