{"id":70864,"date":"2015-08-20T19:31:42","date_gmt":"2015-08-20T22:31:42","guid":{"rendered":"http:\/\/www.24baires.com\/?p=70864"},"modified":"2015-08-21T11:22:34","modified_gmt":"2015-08-21T14:22:34","slug":"cristina-firmara-un-nuevo-convenio-de-desendeudamiento-con-provincias","status":"publish","type":"post","link":"http:\/\/www.24baires.com\/?p=70864","title":{"rendered":"Cristina inaugur\u00f3 una escuela primaria y secundaria en Tres de Febrero"},"content":{"rendered":"<p><img data-recalc-dims=\"1\" loading=\"lazy\" decoding=\"async\" class=\"aligncenter size-full wp-image-70904\" src=\"https:\/\/i0.wp.com\/www.24baires.com\/wp-content\/uploads\/2015\/08\/cristina-cadena.jpg?resize=560%2C313\" alt=\"cristina cadena\" width=\"560\" height=\"313\" srcset=\"https:\/\/i0.wp.com\/www.24baires.com\/wp-content\/uploads\/2015\/08\/cristina-cadena.jpg?w=560 560w, https:\/\/i0.wp.com\/www.24baires.com\/wp-content\/uploads\/2015\/08\/cristina-cadena.jpg?resize=300%2C168 300w\" sizes=\"auto, (max-width: 560px) 100vw, 560px\" \/>La Presidenta inaugur\u00f3 una escuela de 1.500 metros cuadrados cada una en el barrio Altos de Podest\u00e1, situadas en un predio en el que antes exist\u00eda una tosquera y que demand\u00f3 una inversi\u00f3n superior a los 14 millones de pesos.<!--more--><\/p>\n<p>La presidenta Cristina Fern\u00e1ndez de Kirchner inaugur\u00f3 una escuela primaria y otra secundaria de 1.500 metros cuadrados cada una en el barrio Altos de Podest\u00e1 del partido bonaerense de Tres de Febrero, situadas en un predio en el que antes exist\u00eda una tosquera y que demand\u00f3 una inversi\u00f3n superior a los 14 millones de pesos.<\/p>\n<p>\u00abEn ese lugar del barrio Altos de Podest\u00e1 en \u00e9pocas de dictadura hab\u00eda una inmensa tosquera donde incluso falleci\u00f3 un chiquito, ahora a trav\u00e9s de la gesti\u00f3n fuerte del municipio para rellenar las tierras se pudo hacer una escuela muy linda que espero que pueden cuidarla todos\u00bb, dijo Cristina a trav\u00e9s de una teleconferencia desde Casa de Gobierno.<\/p>\n<p>\u00abNos contaron que como no hab\u00eda escuelas en Tres de Febrero ten\u00edan que ir a distitntos lugares para estudiar. Hoy todos pueden estudiar en el mismo barrio\u00bb, dijo la Presidenta.<\/p>\n<p>La escuela primaria 53 y la secundaria 21 funcionar\u00e1n ahora en el mismo predio y \u00abjunto al jard\u00edn de infantes inaugurado hace unos a\u00f1os conforman ahora un complejo educativo para todos los habitantes de Altos de Podest\u00e1\u00bb, dijo el ministro de Educaci\u00f3n Aberto Sileoni.<\/p>\n<p>\u00abHoy hay fiesta en Altos de Podest\u00e1 por partida doble, estas escuelas forman parte de las m\u00e1s de 1800 que construimos y las 990 que est\u00e1n en construcci\u00f3n, este es el legado que vamos a dejarles al pueblo\u00bb, dijo Sileoni.<\/p>\n<p>Precis\u00f3 que atr\u00e1s de estos n\u00fameros \u00abhay una historia de sue\u00f1os de tener una escuela propia, la directora nos dijo que ya hay una gran demanda en el barrio y en Tres de Febrero por asistir aqu\u00ed\u00bb.<\/p>\n<p>Por su parte, el intendente de ese partido, Hugo Curto, manifest\u00f3 que \u00abestamos viviendo una nueva etapa. Esta era un lugar del Ej\u00e9rcito argentino en donde se hab\u00edan formado tosqueras de m\u00e1s de 21 metros de profundidad. Hace unos a\u00f1os muri\u00f3 un chico de 12 a\u00f1os aqu\u00ed hoy tenemos un hermoso proyecto de vida\u00bb.<\/p>\n<p>\u00abDesde el municipio le compramos las tierra al Ej\u00e9rcito y se la pagamos con viviendas el valor del terreno, El esfuerzo de la gente tambi\u00e9n hizo posible que se cristalice esta realidad que es este polo educativo para todo Tres de Febrero\u00bb, explic\u00f3 Curto.<\/p>\n<p>En tanto, la directora Miriam Cocci asegur\u00f3 que \u00abel cartel en la puerta de la escuela sintetiza todo nuestra idea que cuando se abren las puertas de una escuela hay un futuro mejor y si es p\u00fablica mucho mejor. Hoy los chicos de Tres de Febrero tienen un lugar donde crear lazos, acortar distancias y sentirse incluidos\u00bb.<\/p>\n","protected":false},"excerpt":{"rendered":"<p>La Presidenta inaugur\u00f3 una escuela de 1.500 metros cuadrados cada una en el barrio Altos de Podest\u00e1, situadas en un predio en el que antes exist\u00eda una tosquera y que demand\u00f3 una inversi\u00f3n superior a los 14 millones de pesos.<\/p>\n","protected":false},"author":4,"featured_media":0,"comment_status":"open","ping_status":"open","sticky":false,"template":"","format":"standard","meta":{"_jetpack_newsletter_access":"","_jetpack_dont_email_post_to_subs":false,"_jetpack_newsletter_tier_id":0,"_jetpack_memberships_contains_paywalled_content":false,"_jetpack_memberships_contains_paid_content":false,"footnotes":""},"categories":[51],"tags":[],"class_list":["post-70864","post","type-post","status-publish","format-standard","hentry","category-politica"],"jetpack_shortlink":"https:\/\/wp.me\/p2JWE0-iqY","jetpack-related-posts":[{"id":108144,"url":"http:\/\/www.24baires.com\/?p=108144","url_meta":{"origin":70864,"position":0},"title":"Hay, por lo menos, diez escuelas sin gas en Tres de Febrero","author":"AF","date":"13\/05\/2019","format":false,"excerpt":"Mientras los primeros fr\u00edos anticipan la llegada del invierno, m\u00e1s de seis mil estudiantes del partido de Tres de Febrero no tienen las aulas calefaccionadas. En algunos casos por falta de gas, porque las estufas no funcionan o porque las que compra la Provincia no se adec\u00faan a las normas\u2026","rel":"","context":"En \u00abMunicipios\u00bb","block_context":{"text":"Municipios","link":"http:\/\/www.24baires.com\/?cat=44"},"img":{"alt_text":"","src":"https:\/\/i0.wp.com\/www.24baires.com\/wp-content\/uploads\/2018\/06\/escuela-moron.jpg?resize=350%2C200","width":350,"height":200,"srcset":"https:\/\/i0.wp.com\/www.24baires.com\/wp-content\/uploads\/2018\/06\/escuela-moron.jpg?resize=350%2C200 1x, https:\/\/i0.wp.com\/www.24baires.com\/wp-content\/uploads\/2018\/06\/escuela-moron.jpg?resize=525%2C300 1.5x"},"classes":[]},{"id":15984,"url":"http:\/\/www.24baires.com\/?p=15984","url_meta":{"origin":70864,"position":1},"title":"Premiaron a alumnos de Lan\u00fas en Espa\u00f1a","author":"Grupo Sierra","date":"18\/02\/2013","format":false,"excerpt":"Tres estudiantes de la Escuela Secundaria N\u00ba 54 fueron galardonados en el Congreso de las Lenguas en Salamanca, Espa\u00f1a, por su gui\u00f3n \u201cLa Tosquera, una trampera\u201d. \"Esto demuestra hasta donde se puede llegar con el trabajo en las aulas\", se\u00f1al\u00f3 la directora de la escuela, Marta Kopiloff. \u00a0 Tres estudiantes\u2026","rel":"","context":"En \u00abSociedad\u00bb","block_context":{"text":"Sociedad","link":"http:\/\/www.24baires.com\/?cat=1"},"img":{"alt_text":"alumnos lanus","src":"https:\/\/i0.wp.com\/www.24baires.com\/wp-content\/uploads\/2013\/02\/alumnos-lanus-300x180.jpg?resize=350%2C200","width":350,"height":200},"classes":[]},{"id":121033,"url":"http:\/\/www.24baires.com\/?p=121033","url_meta":{"origin":70864,"position":2},"title":"La Provincia inaugur\u00f3 una escuela en Moreno","author":"GB","date":"27\/02\/2024","format":false,"excerpt":"Axel Kicillof inaugur\u00f3 una escuela en Moreno y dej\u00f3 un duro mensaje al gobierno anterior: \"Dec\u00edan que les interesaba la educaci\u00f3n, pero decidieron no invertir\". Este martes, el gobernador de la provincia de Buenos Aires, Axel Kicillof, inaugur\u00f3 la Escuela Primaria N\u00ba 83 en el municipio bonaerense de Moreno y\u2026","rel":"","context":"En \u00abProvincia\u00bb","block_context":{"text":"Provincia","link":"http:\/\/www.24baires.com\/?cat=40"},"img":{"alt_text":"","src":"https:\/\/i0.wp.com\/www.24baires.com\/wp-content\/uploads\/2024\/02\/primaria-moreno.webp?resize=350%2C200","width":350,"height":200,"srcset":"https:\/\/i0.wp.com\/www.24baires.com\/wp-content\/uploads\/2024\/02\/primaria-moreno.webp?resize=350%2C200 1x, https:\/\/i0.wp.com\/www.24baires.com\/wp-content\/uploads\/2024\/02\/primaria-moreno.webp?resize=525%2C300 1.5x, https:\/\/i0.wp.com\/www.24baires.com\/wp-content\/uploads\/2024\/02\/primaria-moreno.webp?resize=700%2C400 2x"},"classes":[]},{"id":120461,"url":"http:\/\/www.24baires.com\/?p=120461","url_meta":{"origin":70864,"position":3},"title":"\u201cConstruimos escuelas en todos los barrios porque son f\u00e1bricas que producen futuro\u00bb","author":"AF","date":"12\/09\/2023","format":false,"excerpt":"El Gobernador inaugur\u00f3 la Escuela Secundaria N\u00b0 81 y la ampliaci\u00f3n de la Primaria N\u00b0 83 en la localidad de Ministro Rivadavia. El gobernador de la provincia de Buenos Aires, Axel Kicillof, encabez\u00f3 este martes en Almirante Brown la inauguraci\u00f3n de la Escuela Secundaria N\u00b081 y puso en funcionamiento 10\u2026","rel":"","context":"En \u00abProvincia\u00bb","block_context":{"text":"Provincia","link":"http:\/\/www.24baires.com\/?cat=40"},"img":{"alt_text":"","src":"https:\/\/i0.wp.com\/www.24baires.com\/wp-content\/uploads\/2023\/09\/WhatsApp-Image-2023-09-12-at-20.06.06.jpeg?resize=350%2C200","width":350,"height":200,"srcset":"https:\/\/i0.wp.com\/www.24baires.com\/wp-content\/uploads\/2023\/09\/WhatsApp-Image-2023-09-12-at-20.06.06.jpeg?resize=350%2C200 1x, https:\/\/i0.wp.com\/www.24baires.com\/wp-content\/uploads\/2023\/09\/WhatsApp-Image-2023-09-12-at-20.06.06.jpeg?resize=525%2C300 1.5x, https:\/\/i0.wp.com\/www.24baires.com\/wp-content\/uploads\/2023\/09\/WhatsApp-Image-2023-09-12-at-20.06.06.jpeg?resize=700%2C400 2x"},"classes":[]},{"id":122094,"url":"http:\/\/www.24baires.com\/?p=122094","url_meta":{"origin":70864,"position":4},"title":"\u00abNos dicen que la escuela p\u00fablica no sirve, pero en la Provincia seguimos invirtiendo\u00bb","author":"GB","date":"05\/03\/2025","format":false,"excerpt":"El gobernador encabez\u00f3 el comienzo de clases con la inauguraci\u00f3n de un polo educativo en Pilar. Durante su discurso defendi\u00f3 la educaci\u00f3n p\u00fablica. Y critic\u00f3 el ajuste del Gobierno nacional. Axel Kicillof dio inicio al ciclo lectivo 2025 con la inauguraci\u00f3n del Polo Educativo de Villa Luj\u00e1n, en Presidente Derqui,\u2026","rel":"","context":"En \u00abProvincia\u00bb","block_context":{"text":"Provincia","link":"http:\/\/www.24baires.com\/?cat=40"},"img":{"alt_text":"","src":"https:\/\/i0.wp.com\/www.24baires.com\/wp-content\/uploads\/2025\/03\/inicio-ciclo-2025.jpg?resize=350%2C200","width":350,"height":200,"srcset":"https:\/\/i0.wp.com\/www.24baires.com\/wp-content\/uploads\/2025\/03\/inicio-ciclo-2025.jpg?resize=350%2C200 1x, https:\/\/i0.wp.com\/www.24baires.com\/wp-content\/uploads\/2025\/03\/inicio-ciclo-2025.jpg?resize=525%2C300 1.5x, https:\/\/i0.wp.com\/www.24baires.com\/wp-content\/uploads\/2025\/03\/inicio-ciclo-2025.jpg?resize=700%2C400 2x, https:\/\/i0.wp.com\/www.24baires.com\/wp-content\/uploads\/2025\/03\/inicio-ciclo-2025.jpg?resize=1050%2C600 3x, https:\/\/i0.wp.com\/www.24baires.com\/wp-content\/uploads\/2025\/03\/inicio-ciclo-2025.jpg?resize=1400%2C800 4x"},"classes":[]},{"id":123028,"url":"http:\/\/www.24baires.com\/?p=123028","url_meta":{"origin":70864,"position":5},"title":"Kicillof en Avellaneda: \u201cMientras Milei desfinancia la salud, nosotros ampliamos derechos\u201d","author":"GB","date":"23\/04\/2026","format":false,"excerpt":"Inaugur\u00f3 un centro de salud en Dock Sud con inversi\u00f3n provincial y lo present\u00f3 como respuesta al ajuste nacional, beneficiando a m\u00e1s de 4.000 vecinos. El gobernador de la provincia de Buenos Aires, Axel Kicillof, encabez\u00f3 este jueves la inauguraci\u00f3n de un nuevo Centro Municipal de Cuidado Familiar y Comunitario\u2026","rel":"","context":"En \u00abProvincia\u00bb","block_context":{"text":"Provincia","link":"http:\/\/www.24baires.com\/?cat=40"},"img":{"alt_text":"","src":"https:\/\/i0.wp.com\/www.24baires.com\/wp-content\/uploads\/2026\/04\/kici-avellaneda.jpeg?resize=350%2C200","width":350,"height":200,"srcset":"https:\/\/i0.wp.com\/www.24baires.com\/wp-content\/uploads\/2026\/04\/kici-avellaneda.jpeg?resize=350%2C200 1x, https:\/\/i0.wp.com\/www.24baires.com\/wp-content\/uploads\/2026\/04\/kici-avellaneda.jpeg?resize=525%2C300 1.5x, https:\/\/i0.wp.com\/www.24baires.com\/wp-content\/uploads\/2026\/04\/kici-avellaneda.jpeg?resize=700%2C400 2x, https:\/\/i0.wp.com\/www.24baires.com\/wp-content\/uploads\/2026\/04\/kici-avellaneda.jpeg?resize=1050%2C600 3x, https:\/\/i0.wp.com\/www.24baires.com\/wp-content\/uploads\/2026\/04\/kici-avellaneda.jpeg?resize=1400%2C800 4x"},"classes":[]}],"jetpack_sharing_enabled":true,"jetpack_likes_enabled":true,"jetpack_featured_media_url":"","_links":{"self":[{"href":"http:\/\/www.24baires.com\/index.php?rest_route=\/wp\/v2\/posts\/70864","targetHints":{"allow":["GET"]}}],"collection":[{"href":"http:\/\/www.24baires.com\/index.php?rest_route=\/wp\/v2\/posts"}],"about":[{"href":"http:\/\/www.24baires.com\/index.php?rest_route=\/wp\/v2\/types\/post"}],"author":[{"embeddable":true,"href":"http:\/\/www.24baires.com\/index.php?rest_route=\/wp\/v2\/users\/4"}],"replies":[{"embeddable":true,"href":"http:\/\/www.24baires.com\/index.php?rest_route=%2Fwp%2Fv2%2Fcomments&post=70864"}],"version-history":[{"count":3,"href":"http:\/\/www.24baires.com\/index.php?rest_route=\/wp\/v2\/posts\/70864\/revisions"}],"predecessor-version":[{"id":70905,"href":"http:\/\/www.24baires.com\/index.php?rest_route=\/wp\/v2\/posts\/70864\/revisions\/70905"}],"wp:attachment":[{"href":"http:\/\/www.24baires.com\/index.php?rest_route=%2Fwp%2Fv2%2Fmedia&parent=70864"}],"wp:term":[{"taxonomy":"category","embeddable":true,"href":"http:\/\/www.24baires.com\/index.php?rest_route=%2Fwp%2Fv2%2Fcategories&post=70864"},{"taxonomy":"post_tag","embeddable":true,"href":"http:\/\/www.24baires.com\/index.php?rest_route=%2Fwp%2Fv2%2Ftags&post=70864"}],"curies":[{"name":"wp","href":"https:\/\/api.w.org\/{rel}","templated":true}]}}