{"id":70836,"date":"2015-08-19T18:45:02","date_gmt":"2015-08-19T21:45:02","guid":{"rendered":"http:\/\/www.24baires.com\/?p=70836"},"modified":"2015-08-19T18:45:02","modified_gmt":"2015-08-19T21:45:02","slug":"se-postergo-el-paro-de-trenes-y-el-jueves-habra-el-servicio","status":"publish","type":"post","link":"http:\/\/www.24baires.com\/?p=70836","title":{"rendered":"Se posterg\u00f3 el paro de trenes y el jueves habr\u00e1 el servicio"},"content":{"rendered":"<p>El titular del Sindicato de Maquinistas de Trenes, Omar Maturano, anunci\u00f3 hoy \u00abla suspensi\u00f3n del paro nacional de ma\u00f1ana hasta el pr\u00f3ximo mi\u00e9rcoles\u00bb y garantiz\u00f3 \u00abla normal prestaci\u00f3n de los servicios en todo el pa\u00eds\u00bb.<!--more--><\/p>\n<p>El titular del Sindicato de Maquinistas de Trenes Omar Maturano, anunci\u00f3 hoy \u00abla suspensi\u00f3n del paro nacional de ma\u00f1ana hasta el pr\u00f3ximo mi\u00e9rcoles\u00bb y garantiz\u00f3 \u00abla normal prestaci\u00f3n de los servicios de carga y pasajeros para ma\u00f1ana en todo el pa\u00eds\u00bb.<\/p>\n<p>Luego de un encuentro en la sede de la cartera laboral con la viceministra Noem\u00ed Rial; el subdirector nacional de Relaciones Laborales, Adri\u00e1n Caneto, y funcionarios de la Secrertar\u00eda de Transporte, Maturano explic\u00f3 que la decisi\u00f3n de suspender el paro hasta la semana pr\u00f3xima obedeci\u00f3 \u00abal reinicio de las negociaciones y al compromiso asumido por Trabajo de elaborar una nueva propuesta salarial, que se discutir\u00e1 el lunes pr\u00f3ximo\u00bb, asever\u00f3.<\/p>\n<p>&nbsp;<\/p>\n<p>&nbsp;<\/p>\n<p>&nbsp;<\/p>\n<p>&nbsp;<\/p>\n<p>&nbsp;<\/p>\n<p>&nbsp;<\/p>\n<p>&nbsp;<\/p>\n<p>&nbsp;<\/p>\n<p>&nbsp;<\/p>\n<p>&nbsp;<\/p>\n<p>&nbsp;<\/p>\n","protected":false},"excerpt":{"rendered":"<p>El titular del Sindicato de Maquinistas de Trenes, Omar Maturano, anunci\u00f3 hoy \u00abla suspensi\u00f3n del paro nacional de ma\u00f1ana hasta el pr\u00f3ximo mi\u00e9rcoles\u00bb y garantiz\u00f3 \u00abla normal prestaci\u00f3n de los servicios en todo el pa\u00eds\u00bb.<\/p>\n","protected":false},"author":8,"featured_media":0,"comment_status":"open","ping_status":"open","sticky":false,"template":"","format":"standard","meta":{"_jetpack_newsletter_access":"","_jetpack_dont_email_post_to_subs":false,"_jetpack_newsletter_tier_id":0,"_jetpack_memberships_contains_paywalled_content":false,"_jetpack_memberships_contains_paid_content":false,"footnotes":""},"categories":[51],"tags":[],"class_list":["post-70836","post","type-post","status-publish","format-standard","hentry","category-politica"],"jetpack_shortlink":"https:\/\/wp.me\/p2JWE0-iqw","jetpack-related-posts":[{"id":71145,"url":"http:\/\/www.24baires.com\/?p=71145","url_meta":{"origin":70836,"position":0},"title":"Se levant\u00f3 el paro y este mi\u00e9rcoles los trenes circular\u00e1n con normalidad","author":"GB","date":"25\/08\/2015","format":false,"excerpt":"La conducci\u00f3n sindical convino \"el mismo aumento salarial\" que firmaron los otros tres gremios ferroviarios, pero introdujo \"una cl\u00e1usula de revisi\u00f3n de las paritarias en marzo pr\u00f3ximo y un porcentaje para el bono que perciben los maquinistas\", asegur\u00f3 el secretario general de la organizaci\u00f3n, Omar Maturano. El Sindicato de Maquinistas\u2026","rel":"","context":"En \u00abPol\u00edtica\u00bb","block_context":{"text":"Pol\u00edtica","link":"http:\/\/www.24baires.com\/?cat=51"},"img":{"alt_text":"trenes","src":"https:\/\/i0.wp.com\/www.24baires.com\/wp-content\/uploads\/2015\/04\/trenes.jpg?resize=350%2C200","width":350,"height":200,"srcset":"https:\/\/i0.wp.com\/www.24baires.com\/wp-content\/uploads\/2015\/04\/trenes.jpg?resize=350%2C200 1x, https:\/\/i0.wp.com\/www.24baires.com\/wp-content\/uploads\/2015\/04\/trenes.jpg?resize=525%2C300 1.5x"},"classes":[]},{"id":71093,"url":"http:\/\/www.24baires.com\/?p=71093","url_meta":{"origin":70836,"position":1},"title":"El pr\u00f3ximo mi\u00e9rcoles habr\u00e1 paro de trenes","author":"AF","date":"24\/08\/2015","format":false,"excerpt":"El sindicato de conductores de trenes La Fraternidad ratific\u00f3 a las 18.30 el paro nacional de actividades por 24 horas para este mi\u00e9rcoles agosto, tras fracasar las negociaciones paritarias con funcionarios del Ministerio de Trabajo y la Secretar\u00eda de Transporte. El titular del gremio, Omar Maturano, se\u00f1al\u00f3 a la agencia\u2026","rel":"","context":"En \u00abSociedad\u00bb","block_context":{"text":"Sociedad","link":"http:\/\/www.24baires.com\/?cat=1"},"img":{"alt_text":"Tren Roca Quilmes","src":"https:\/\/i0.wp.com\/www.24baires.com\/wp-content\/uploads\/2013\/02\/Tren-Roca-Quilmes-300x225.jpg?resize=350%2C200","width":350,"height":200},"classes":[]},{"id":102928,"url":"http:\/\/www.24baires.com\/?p=102928","url_meta":{"origin":70836,"position":2},"title":"A pesar de las presiones del Gobierno, UTA y ferroviarios confirmaron que no se bajan del paro","author":"GB","date":"22\/06\/2018","format":false,"excerpt":"Desde el oficialismo tentaron a uno de los sindicatos con la adjudicaci\u00f3n de un predio, sin embargo todos aseguraron que el lunes la adhesi\u00f3n del transporte ser\u00e1 total. Todos los detalles. El paro nacional convocado por la CGT para el pr\u00f3ximo lunes ser\u00e1 total. Tanto la UTA, el gremio que\u2026","rel":"","context":"En \u00abPol\u00edtica\u00bb","block_context":{"text":"Pol\u00edtica","link":"http:\/\/www.24baires.com\/?cat=51"},"img":{"alt_text":"","src":"https:\/\/i0.wp.com\/www.24baires.com\/wp-content\/uploads\/2017\/06\/ferovaires-tren.jpg?resize=350%2C200","width":350,"height":200,"srcset":"https:\/\/i0.wp.com\/www.24baires.com\/wp-content\/uploads\/2017\/06\/ferovaires-tren.jpg?resize=350%2C200 1x, https:\/\/i0.wp.com\/www.24baires.com\/wp-content\/uploads\/2017\/06\/ferovaires-tren.jpg?resize=525%2C300 1.5x"},"classes":[]},{"id":63742,"url":"http:\/\/www.24baires.com\/?p=63742","url_meta":{"origin":70836,"position":3},"title":"En medio del paro, gremios de transporte amenazan con otro huelga el 14 de abril","author":"GB","date":"31\/03\/2015","format":false,"excerpt":"El secretario general del gremio La Fraternidad, Omar Maturano, amenaz\u00f3 hoy con anunciar un nuevo plan de lucha de los gremios del transporte dentro de quince d\u00edas, \"si el Gobierno no cambia el impuesto a las Ganancias\". \"El 14 de abril vamos a dar a conocer un plan de lucha\u2026","rel":"","context":"En \u00abSociedad\u00bb","block_context":{"text":"Sociedad","link":"http:\/\/www.24baires.com\/?cat=1"},"img":{"alt_text":"trenes","src":"https:\/\/i0.wp.com\/www.24baires.com\/wp-content\/uploads\/2013\/09\/trenes.jpg?resize=350%2C200","width":350,"height":200,"srcset":"https:\/\/i0.wp.com\/www.24baires.com\/wp-content\/uploads\/2013\/09\/trenes.jpg?resize=350%2C200 1x, https:\/\/i0.wp.com\/www.24baires.com\/wp-content\/uploads\/2013\/09\/trenes.jpg?resize=525%2C300 1.5x"},"classes":[]},{"id":119521,"url":"http:\/\/www.24baires.com\/?p=119521","url_meta":{"origin":70836,"position":4},"title":"A pesar de la conciliaci\u00f3n obligatoria, hay paro de trenes","author":"GB","date":"08\/11\/2022","format":false,"excerpt":"Trenes Argentinos confirm\u00f3 que no hay servicio en toda el \u00c1rea Metropolitana de Buenos Aires porque la medida afecta al Tren Sarmiento. El Sindicato de Conductores de Trenes conocido como La Fraternidad anunci\u00f3 ayer un paro nacional \"por los jubilados y pensionados\". La medida de fuerza que afecta al servicio\u2026","rel":"","context":"En \u00abSociedad\u00bb","block_context":{"text":"Sociedad","link":"http:\/\/www.24baires.com\/?cat=1"},"img":{"alt_text":"","src":"https:\/\/i0.wp.com\/www.24baires.com\/wp-content\/uploads\/2015\/04\/trenes.jpg?resize=350%2C200","width":350,"height":200,"srcset":"https:\/\/i0.wp.com\/www.24baires.com\/wp-content\/uploads\/2015\/04\/trenes.jpg?resize=350%2C200 1x, https:\/\/i0.wp.com\/www.24baires.com\/wp-content\/uploads\/2015\/04\/trenes.jpg?resize=525%2C300 1.5x, https:\/\/i0.wp.com\/www.24baires.com\/wp-content\/uploads\/2015\/04\/trenes.jpg?resize=700%2C400 2x"},"classes":[]},{"id":52438,"url":"http:\/\/www.24baires.com\/?p=52438","url_meta":{"origin":70836,"position":5},"title":"El gremio de maquinistas reclam\u00f3: \u00abCon 20 mil pesos no se vive\u00bb","author":"Grupo Sierra","date":"25\/08\/2014","format":false,"excerpt":"El secretario general dijo que \"deber\u00edan ganar 30 mil por mes\". Adem\u00e1s, como Barrionuevo, insult\u00f3 a Capitanich. El Secretario General de La Fraternidad, Omar Maturano, confirm\u00f3 este lunes que los maquinistas se plegar\u00e1n la medida de fuerza anunciada por Hugo Moyano y Luis Barrionuevo para el jueves pr\u00f3ximo - que\u2026","rel":"","context":"En \u00abPol\u00edtica\u00bb","block_context":{"text":"Pol\u00edtica","link":"http:\/\/www.24baires.com\/?cat=51"},"img":{"alt_text":"tren","src":"https:\/\/i0.wp.com\/www.24baires.com\/wp-content\/uploads\/2014\/06\/tren.jpg?resize=350%2C200","width":350,"height":200,"srcset":"https:\/\/i0.wp.com\/www.24baires.com\/wp-content\/uploads\/2014\/06\/tren.jpg?resize=350%2C200 1x, https:\/\/i0.wp.com\/www.24baires.com\/wp-content\/uploads\/2014\/06\/tren.jpg?resize=525%2C300 1.5x"},"classes":[]}],"jetpack_sharing_enabled":true,"jetpack_likes_enabled":true,"jetpack_featured_media_url":"","_links":{"self":[{"href":"http:\/\/www.24baires.com\/index.php?rest_route=\/wp\/v2\/posts\/70836","targetHints":{"allow":["GET"]}}],"collection":[{"href":"http:\/\/www.24baires.com\/index.php?rest_route=\/wp\/v2\/posts"}],"about":[{"href":"http:\/\/www.24baires.com\/index.php?rest_route=\/wp\/v2\/types\/post"}],"author":[{"embeddable":true,"href":"http:\/\/www.24baires.com\/index.php?rest_route=\/wp\/v2\/users\/8"}],"replies":[{"embeddable":true,"href":"http:\/\/www.24baires.com\/index.php?rest_route=%2Fwp%2Fv2%2Fcomments&post=70836"}],"version-history":[{"count":1,"href":"http:\/\/www.24baires.com\/index.php?rest_route=\/wp\/v2\/posts\/70836\/revisions"}],"predecessor-version":[{"id":70837,"href":"http:\/\/www.24baires.com\/index.php?rest_route=\/wp\/v2\/posts\/70836\/revisions\/70837"}],"wp:attachment":[{"href":"http:\/\/www.24baires.com\/index.php?rest_route=%2Fwp%2Fv2%2Fmedia&parent=70836"}],"wp:term":[{"taxonomy":"category","embeddable":true,"href":"http:\/\/www.24baires.com\/index.php?rest_route=%2Fwp%2Fv2%2Fcategories&post=70836"},{"taxonomy":"post_tag","embeddable":true,"href":"http:\/\/www.24baires.com\/index.php?rest_route=%2Fwp%2Fv2%2Ftags&post=70836"}],"curies":[{"name":"wp","href":"https:\/\/api.w.org\/{rel}","templated":true}]}}