{"id":70821,"date":"2015-08-19T15:00:09","date_gmt":"2015-08-19T18:00:09","guid":{"rendered":"http:\/\/www.24baires.com\/?p=70821"},"modified":"2015-08-20T11:00:01","modified_gmt":"2015-08-20T14:00:01","slug":"aunque-algunos-quieran-cambiar-la-agenda-vamos-a-focalizar-en-lo-que-importa","status":"publish","type":"post","link":"http:\/\/www.24baires.com\/?p=70821","title":{"rendered":"\u201cAunque algunos quieran cambiar la agenda, vamos a focalizar en lo que importa\u201d"},"content":{"rendered":"<p><img data-recalc-dims=\"1\" loading=\"lazy\" decoding=\"async\" class=\"aligncenter  wp-image-68443\" src=\"https:\/\/i0.wp.com\/www.24baires.com\/wp-content\/uploads\/2015\/07\/scioli-zannini-e1437751154538.jpg?resize=560%2C394\" alt=\"scioli zannini\" width=\"560\" height=\"394\" \/>El candidato presidencial por el Frente para la Victoria y gobernador bonaerense, Daniel Scioli, asegur\u00f3 hoy que las UPA (Unidades de Pronta Atenci\u00f3n) van a llegar al \u00abinterior profundo\u00bb de la Argentina en el caso de que se consagre como presidente en octubre y dijo que lo mismo har\u00e1 con \u00abla polic\u00eda local, las reformas fiscales y administrativas\u00bb ya ejecutadas en la provincia.<!--more--><\/p>\n<p>Al hablar en la inauguraci\u00f3n de una UPA en Z\u00e1rate, Scioli se\u00f1al\u00f3 que lo que \u00e9l har\u00e1 \u00abes continuar proyectando la Argentina del desarrollo hacia el futuro\u00bb sobre la base de \u00ablos logros alcanzados por la Presidenta de la Naci\u00f3n\u00bb Cristina Fern\u00e1ndez de Kirchner.<\/p>\n<p>A su vez, el gobernador pidi\u00f3 que \u00abaunque algunos quieran cambiar la agenda\u00bb hay que \u00abfocalizar en las cosas que realmente importan al pa\u00eds\u00bb y asegur\u00f3 que va a poner \u00ablo mejor\u00bb de \u00e9l para \u00abganar el respaldo de la gente\u00bb.<\/p>\n<p>Scioli cont\u00f3, adem\u00e1s, que \u00abtodos en sus municipios quieren una UPA\u00bb, pero que deben entender que \u00abes necesario establecer prioridades\u00bb a la vez felicit\u00f3 a los trabajadores de estas unidades y dijo que \u00abson una referencia para que la experiencia sea exitosa\u00bb.<\/p>\n<p>Por \u00faltimo, Scioli le dijo al electorado que \u00abseguir avanzando es una responsabilidad de todos\u00bb y los invit\u00f3 a optar por \u00abla expresi\u00f3n democr\u00e1tica a favor de la industria nacional, del trabajo y de la ampliaci\u00f3n de derechos\u00bb.<\/p>\n<p>La nueva UPA, ubicada en la intersecci\u00f3n de la Avenida Ant\u00e1rtida Argentina y calle 44, tendr\u00e1 una zona de influencia de 115.000 personas, y ayudar\u00e1 a descomprimir el hospital provincial \u201cVirgen del Carmen\u201d, que ser\u00e1 su centro asistencial de cabecera y de referencia.<\/p>\n<p>Acompa\u00f1aron en el acto al gobernador bonaerense, su compa\u00f1ero de f\u00f3rmula y secretario de Legal y T\u00e9cnica de la Presidencia, Carlos Zannini; el intendente de Z\u00e1rate, Osvaldo C\u00e1ffaro; el ministro de Salud bonaerense, Alejandro Collia; el secretario de Seguridad de la Naci\u00f3n, Sergio Berni, y el embajador argentino en Chile, Gin\u00e9s Gonz\u00e1lez Garc\u00eda, entre otros.<\/p>\n","protected":false},"excerpt":{"rendered":"<p>El candidato presidencial por el Frente para la Victoria y gobernador bonaerense, Daniel Scioli, asegur\u00f3 hoy que las UPA (Unidades de Pronta Atenci\u00f3n) van a llegar al \u00abinterior profundo\u00bb de la Argentina en el caso de que se consagre como presidente en octubre y dijo que lo mismo har\u00e1 con \u00abla polic\u00eda local, las reformas fiscales y administrativas\u00bb ya ejecutadas [&#8230;]<\/p>\n","protected":false},"author":4,"featured_media":0,"comment_status":"open","ping_status":"open","sticky":false,"template":"","format":"standard","meta":{"_jetpack_newsletter_access":"","_jetpack_dont_email_post_to_subs":false,"_jetpack_newsletter_tier_id":0,"_jetpack_memberships_contains_paywalled_content":false,"_jetpack_memberships_contains_paid_content":false,"footnotes":""},"categories":[51],"tags":[],"class_list":["post-70821","post","type-post","status-publish","format-standard","hentry","category-politica"],"jetpack_shortlink":"https:\/\/wp.me\/p2JWE0-iqh","jetpack-related-posts":[{"id":101122,"url":"http:\/\/www.24baires.com\/?p=101122","url_meta":{"origin":70821,"position":0},"title":"Indagar\u00e1n a Scioli por irregularidades en la construcci\u00f3n de las UPA 24","author":"AF","date":"17\/03\/2018","format":false,"excerpt":"El ex gobernador Daniel Scioli y quien fuera su ministro de Salud, Alejandro Collia, fueron imputados y citados a prestar declaraci\u00f3n indagatoria en el marco de una causa que investiga presuntas irregularidades en la adjudicaci\u00f3n de ocho Unidades de Pronta Atenci\u00f3n (UPA 24) para las que se destinaron m\u00e1s de\u2026","rel":"","context":"En \u00abJUDICIALES\u00bb","block_context":{"text":"JUDICIALES","link":"http:\/\/www.24baires.com\/?cat=68"},"img":{"alt_text":"","src":"https:\/\/i0.wp.com\/www.24baires.com\/wp-content\/uploads\/2014\/05\/Daniel-Scioli.jpg?resize=350%2C200","width":350,"height":200,"srcset":"https:\/\/i0.wp.com\/www.24baires.com\/wp-content\/uploads\/2014\/05\/Daniel-Scioli.jpg?resize=350%2C200 1x, https:\/\/i0.wp.com\/www.24baires.com\/wp-content\/uploads\/2014\/05\/Daniel-Scioli.jpg?resize=525%2C300 1.5x"},"classes":[]},{"id":72675,"url":"http:\/\/www.24baires.com\/?p=72675","url_meta":{"origin":70821,"position":1},"title":"Insaurralde: \u00abMacri quiere gobernar s\u00f3lo para los ricos\u00bb","author":"AF","date":"25\/09\/2015","format":false,"excerpt":"El intendente de Lomas de Zamora, Mart\u00edn Insaurralde, asegur\u00f3 hoy que \u201cMacri quiere gobernar s\u00f3lo para los ricos, mientras que Scioli trabaja por una Argentina para todos\u201d. En declaraciones radiales, Insaurralde indic\u00f3 que \u201cDaniel se ha preparado toda su vida para ser Presidente. Viene pensando hace mucho la Argentina del\u2026","rel":"","context":"En \u00abElecciones 2015\u00bb","block_context":{"text":"Elecciones 2015","link":"http:\/\/www.24baires.com\/?cat=74"},"img":{"alt_text":"insaurralde","src":"https:\/\/i0.wp.com\/www.24baires.com\/wp-content\/uploads\/2013\/08\/insaurralde.jpg?resize=350%2C200","width":350,"height":200,"srcset":"https:\/\/i0.wp.com\/www.24baires.com\/wp-content\/uploads\/2013\/08\/insaurralde.jpg?resize=350%2C200 1x, https:\/\/i0.wp.com\/www.24baires.com\/wp-content\/uploads\/2013\/08\/insaurralde.jpg?resize=525%2C300 1.5x"},"classes":[]},{"id":68894,"url":"http:\/\/www.24baires.com\/?p=68894","url_meta":{"origin":70821,"position":2},"title":"\u00abHay que construir sobre los cimientos de este proyecto\u00bb, asegur\u00f3 Scioli","author":"GB","date":"10\/07\/2015","format":false,"excerpt":"El gobernador bonaerense y precandidato a presidente del Frente para la Victoria asegur\u00f3 que para su espacio pol\u00edtico \"la verdadera victoria es la ampliaci\u00f3n de derechos\" y asever\u00f3 que para el kirchnerismo \"la inclusi\u00f3n es un Estado en movimiento con rol activo\". Fue al inaugurar la UPA n\u00famero 12 en\u2026","rel":"","context":"En \u00abPol\u00edtica\u00bb","block_context":{"text":"Pol\u00edtica","link":"http:\/\/www.24baires.com\/?cat=51"},"img":{"alt_text":"","src":"https:\/\/i0.wp.com\/www.24baires.com\/wp-content\/uploads\/2015\/07\/scioli-moreno.jpg?resize=350%2C200","width":350,"height":200},"classes":[]},{"id":26791,"url":"http:\/\/www.24baires.com\/?p=26791","url_meta":{"origin":70821,"position":3},"title":"\u00abNo hay pol\u00edticas inclusivas, de seguridad, de justicia, si los bonaerenses no tenemos trabajo\u00bb","author":"Grupo Sierra","date":"24\/06\/2013","format":false,"excerpt":"El intendente de Lomas de Zamora y candidato a diputado del oficialismo,\u00a0Mart\u00edn Insaurralde, asever\u00f3 que va a plantear cu\u00e1les son las propuestas para el futuro y c\u00f3mo \"se superar\u00e1n las dificultades\" que existen en la Provincia. Acompa\u00f1ado por el gobernador Daniel Scioli, el jefe comunal expres\u00f3 estos conceptos al recorrer\u2026","rel":"","context":"En \u00abPol\u00edtica\u00bb","block_context":{"text":"Pol\u00edtica","link":"http:\/\/www.24baires.com\/?cat=51"},"img":{"alt_text":"","src":"","width":0,"height":0},"classes":[]},{"id":71874,"url":"http:\/\/www.24baires.com\/?p=71874","url_meta":{"origin":70821,"position":4},"title":"\u00abCristina terminar\u00e1 su mandato como una hero\u00edna\u00bb, consider\u00f3 Lula","author":"GB","date":"09\/09\/2015","format":false,"excerpt":"El ex presidente de Brasil, Inacio Lula Da Silva, dese\u00f3 que el proyecto que en el 2003 comenz\u00f3 N\u00e9stor Kirchner y que a partir de 2007 continu\u00f3 la presidenta Cristina Fern\u00e1ndez de Kirchner, \"pueda ser concluido eligiendo otra vez\" a un candidato del Frente para la Victoria. \"Espero, Cristina, que\u2026","rel":"","context":"En \u00abPol\u00edtica\u00bb","block_context":{"text":"Pol\u00edtica","link":"http:\/\/www.24baires.com\/?cat=51"},"img":{"alt_text":"cristina lula","src":"https:\/\/i0.wp.com\/www.24baires.com\/wp-content\/uploads\/2015\/06\/cristina-lula.jpg?resize=350%2C200","width":350,"height":200,"srcset":"https:\/\/i0.wp.com\/www.24baires.com\/wp-content\/uploads\/2015\/06\/cristina-lula.jpg?resize=350%2C200 1x, https:\/\/i0.wp.com\/www.24baires.com\/wp-content\/uploads\/2015\/06\/cristina-lula.jpg?resize=525%2C300 1.5x"},"classes":[]},{"id":119053,"url":"http:\/\/www.24baires.com\/?p=119053","url_meta":{"origin":70821,"position":5},"title":"Los tres ejes que se propone Batakis para su gesti\u00f3n","author":"AF","date":"04\/07\/2022","format":false,"excerpt":"A los pocos minutos de jurar en su cargo, Batakis dijo que \"vamos a seguir el programa econ\u00f3mico del Presidente\". Tambi\u00e9n se\u00f1al\u00f3 que \"queremos una mirada federal, que incluya a todos y todas los argentinos y argentinas\". Los tres puntos principales que estableci\u00f3 para su gesti\u00f3n al frente de Econom\u00eda.\u2026","rel":"","context":"En \u00abEconom\u00eda\u00bb","block_context":{"text":"Econom\u00eda","link":"http:\/\/www.24baires.com\/?cat=45"},"img":{"alt_text":"","src":"https:\/\/i0.wp.com\/www.24baires.com\/wp-content\/uploads\/2022\/07\/Batakis-1.jpg?resize=350%2C200","width":350,"height":200,"srcset":"https:\/\/i0.wp.com\/www.24baires.com\/wp-content\/uploads\/2022\/07\/Batakis-1.jpg?resize=350%2C200 1x, https:\/\/i0.wp.com\/www.24baires.com\/wp-content\/uploads\/2022\/07\/Batakis-1.jpg?resize=525%2C300 1.5x, https:\/\/i0.wp.com\/www.24baires.com\/wp-content\/uploads\/2022\/07\/Batakis-1.jpg?resize=700%2C400 2x"},"classes":[]}],"jetpack_sharing_enabled":true,"jetpack_likes_enabled":true,"jetpack_featured_media_url":"","_links":{"self":[{"href":"http:\/\/www.24baires.com\/index.php?rest_route=\/wp\/v2\/posts\/70821","targetHints":{"allow":["GET"]}}],"collection":[{"href":"http:\/\/www.24baires.com\/index.php?rest_route=\/wp\/v2\/posts"}],"about":[{"href":"http:\/\/www.24baires.com\/index.php?rest_route=\/wp\/v2\/types\/post"}],"author":[{"embeddable":true,"href":"http:\/\/www.24baires.com\/index.php?rest_route=\/wp\/v2\/users\/4"}],"replies":[{"embeddable":true,"href":"http:\/\/www.24baires.com\/index.php?rest_route=%2Fwp%2Fv2%2Fcomments&post=70821"}],"version-history":[{"count":1,"href":"http:\/\/www.24baires.com\/index.php?rest_route=\/wp\/v2\/posts\/70821\/revisions"}],"predecessor-version":[{"id":70823,"href":"http:\/\/www.24baires.com\/index.php?rest_route=\/wp\/v2\/posts\/70821\/revisions\/70823"}],"wp:attachment":[{"href":"http:\/\/www.24baires.com\/index.php?rest_route=%2Fwp%2Fv2%2Fmedia&parent=70821"}],"wp:term":[{"taxonomy":"category","embeddable":true,"href":"http:\/\/www.24baires.com\/index.php?rest_route=%2Fwp%2Fv2%2Fcategories&post=70821"},{"taxonomy":"post_tag","embeddable":true,"href":"http:\/\/www.24baires.com\/index.php?rest_route=%2Fwp%2Fv2%2Ftags&post=70821"}],"curies":[{"name":"wp","href":"https:\/\/api.w.org\/{rel}","templated":true}]}}