{"id":70790,"date":"2015-08-18T20:51:01","date_gmt":"2015-08-18T23:51:01","guid":{"rendered":"http:\/\/www.24baires.com\/?p=70790"},"modified":"2015-08-19T11:00:23","modified_gmt":"2015-08-19T14:00:23","slug":"el-acceso-a-la-vivienda-es-parte-de-la-gran-agenda-del-desarrollo-sentencio-scioli","status":"publish","type":"post","link":"http:\/\/www.24baires.com\/?p=70790","title":{"rendered":"\u00abEl acceso a la vivienda es parte de la gran agenda del desarrollo\u00bb, sentenci\u00f3 Scioli"},"content":{"rendered":"<p><img data-recalc-dims=\"1\" loading=\"lazy\" decoding=\"async\" class=\"aligncenter size-full wp-image-70791\" src=\"https:\/\/i0.wp.com\/www.24baires.com\/wp-content\/uploads\/2015\/08\/scioli-san-nicolas.jpg?resize=560%2C373\" alt=\"scioli san nicolas\" width=\"560\" height=\"373\" srcset=\"https:\/\/i0.wp.com\/www.24baires.com\/wp-content\/uploads\/2015\/08\/scioli-san-nicolas.jpg?w=560 560w, https:\/\/i0.wp.com\/www.24baires.com\/wp-content\/uploads\/2015\/08\/scioli-san-nicolas.jpg?resize=300%2C200 300w\" sizes=\"auto, (max-width: 560px) 100vw, 560px\" \/>Lo indic\u00f3 el gobernador bonaerense y candidato a presidente del FPV, al recorrer junto a su compa\u00f1ero de f\u00f3rmula, Carlos Zannini, el complejo urban\u00edstico del Procrear en San Nicol\u00e1s.<!--more--><\/p>\n<p>El gobernador bonaerense y candidato a presidente por el Frente para la Victoria (FpV), Daniel Scioli, afirm\u00f3 que \u00abel acceso a la vivienda es parte de la gran agenda del desarrollo\u00bb, al recorrer junto a su compa\u00f1ero de f\u00f3rmula y secretario de Legal y T\u00e9cnica de la Naci\u00f3n, Carlos Zannini, el complejo urban\u00edstico del Procrear en San Nicol\u00e1s, donde se comprometi\u00f3 a seguir \u00abpotenciando esta propuesta habitacional a lo largo y ancho de la provincia y de la Argentina\u00bb.<\/p>\n<p>\u00abEl acceso a la vivienda es parte de la gran agenda del desarrollo\u00bb, asegur\u00f3 Scioli y destac\u00f3 que \u00aba trav\u00e9s de este programa se cumplen 700 sue\u00f1os que se complementan con otras 300 viviendas, y con una proyecci\u00f3n de 400 m\u00e1s que forman parte de una segunda etapa\u00bb.<\/p>\n<p>El gobernador estuvo acompa\u00f1ado por el director ejecutivo de la Anses, Diego Bossio, el intendente local, Ismael Passaglia, el embajador argentino en Chile, Gin\u00e9s Gonz\u00e1lez Garc\u00eda, y el presidente de la C\u00e1mara de Diputados de la Naci\u00f3n, Juli\u00e1n Dom\u00ednguez.<\/p>\n<p>A su vez, el candidato a presidente por el FpV asegur\u00f3 que gracias al Procrear \u00abvolvi\u00f3 la cultura del cr\u00e9dito a partir de un pa\u00eds desendeudado, con cr\u00e9ditos a 20, 30 a\u00f1os con una tasa muy baja y que le da la posibilidad a una familia de pagar la cuota, afianzando este pilar b\u00e1sico de la sociedad\u00bb, en tanto remarc\u00f3 que tienen la iniciativa \u00abde integrar cada vez m\u00e1s la banca privada\u00bb.<\/p>\n<p>En este marco, se\u00f1al\u00f3 que hoy el \u00abdesarrollo es el impulso que estamos dando en San Nicol\u00e1s, que incluye agua potable, cloacas y saneamiento con las \u00faltimas tecnolog\u00edas\u00bb, al tiempo que reconoci\u00f3 el \u00abtrabajo de los 800 trabajadores de la construcci\u00f3n que llevan adelante este emprendimiento\u00bb.<\/p>\n<p>Por su parte, Passaglia explic\u00f3 que \u00abel Procrear significa para el distrito, 2.000 viviendas m\u00e1s, siendo el desarrollo urban\u00edstico m\u00e1s grande de la historia para la ciudad, y un claro ejemplo de que cuando Naci\u00f3n, Provincia y Municipio trabajan juntos se obtienen importantes resultados; esto no s\u00f3lo soluciona el d\u00e9ficit de viviendas sino que da empleo y mejora el circuito comercial\u00bb.<\/p>\n<p>Tambi\u00e9n participaron del recorrido por el complejo urban\u00edstico los intendentes Marcelo Skansi (Carmen de Areco), Oscar Brasca (Salto), Aldo Carossi (Baradero), Oscar Ostoich (Capit\u00e1n Sarmiento) y Fabio Giovanettoni (San Pedro).<\/p>\n","protected":false},"excerpt":{"rendered":"<p>Lo indic\u00f3 el gobernador bonaerense y candidato a presidente del FPV, al recorrer junto a su compa\u00f1ero de f\u00f3rmula, Carlos Zannini, el complejo urban\u00edstico del Procrear en San Nicol\u00e1s.<\/p>\n","protected":false},"author":8,"featured_media":0,"comment_status":"open","ping_status":"open","sticky":false,"template":"","format":"standard","meta":{"_jetpack_newsletter_access":"","_jetpack_dont_email_post_to_subs":false,"_jetpack_newsletter_tier_id":0,"_jetpack_memberships_contains_paywalled_content":false,"_jetpack_memberships_contains_paid_content":false,"footnotes":""},"categories":[51],"tags":[],"class_list":["post-70790","post","type-post","status-publish","format-standard","hentry","category-politica"],"jetpack_shortlink":"https:\/\/wp.me\/p2JWE0-ipM","jetpack-related-posts":[{"id":69839,"url":"http:\/\/www.24baires.com\/?p=69839","url_meta":{"origin":70790,"position":0},"title":"Scioli en Tandil: \u00abEste es el espacio pol\u00edtico de la industria nacional\u00bb","author":"AF","date":"31\/07\/2015","format":false,"excerpt":"El gobernador bonaerense y candidato presidencial del Frente para la Victoria, Daniel Scioli habl\u00f3 en un acto en la ciudad bonaerense de Tandil. \"Esta Argentina va a sembrar cada vez m\u00e1s oportunidades\", dijo. El gobernador bonaerense y candidato presidencial del Frente para la Victoria, Daniel Scioli, afirm\u00f3 hoy que \"las\u2026","rel":"","context":"En \u00abElecciones 2015\u00bb","block_context":{"text":"Elecciones 2015","link":"http:\/\/www.24baires.com\/?cat=74"},"img":{"alt_text":"","src":"https:\/\/i0.wp.com\/www.24baires.com\/wp-content\/uploads\/2015\/07\/zannini-scioli-bossio-an%C3%ADbal.jpg?resize=350%2C200","width":350,"height":200,"srcset":"https:\/\/i0.wp.com\/www.24baires.com\/wp-content\/uploads\/2015\/07\/zannini-scioli-bossio-an%C3%ADbal.jpg?resize=350%2C200 1x, https:\/\/i0.wp.com\/www.24baires.com\/wp-content\/uploads\/2015\/07\/zannini-scioli-bossio-an%C3%ADbal.jpg?resize=525%2C300 1.5x"},"classes":[]},{"id":69497,"url":"http:\/\/www.24baires.com\/?p=69497","url_meta":{"origin":70790,"position":1},"title":"Scioli y Zannini participan del encuentro del PJ en Parque Norte","author":"AF","date":"24\/07\/2015","format":false,"excerpt":"El gobernador bonaerense y candidato a presidente del FpV y su compa\u00f1ero de f\u00f3rmula dar\u00e1n el presente hoy en el cierre de una jornada organizada por Gestar, instituto impulsado por el ex presidente N\u00e9stor Kirchner. A poco m\u00e1s de dos semanas de las elecciones primarias (PASO) a nivel nacional, Gestar,\u2026","rel":"","context":"En \u00abPol\u00edtica\u00bb","block_context":{"text":"Pol\u00edtica","link":"http:\/\/www.24baires.com\/?cat=51"},"img":{"alt_text":"","src":"https:\/\/i0.wp.com\/www.24baires.com\/wp-content\/uploads\/2015\/07\/scioli-zannini1.jpg?resize=350%2C200","width":350,"height":200,"srcset":"https:\/\/i0.wp.com\/www.24baires.com\/wp-content\/uploads\/2015\/07\/scioli-zannini1.jpg?resize=350%2C200 1x, https:\/\/i0.wp.com\/www.24baires.com\/wp-content\/uploads\/2015\/07\/scioli-zannini1.jpg?resize=525%2C300 1.5x"},"classes":[]},{"id":71689,"url":"http:\/\/www.24baires.com\/?p=71689","url_meta":{"origin":70790,"position":2},"title":"\u00abMacri quiere gobernar para unos pocos\u00bb","author":"AF","date":"05\/09\/2015","format":false,"excerpt":"El gobernador bonaerense y candidato presidencial por el FpV habl\u00f3 al cerrar en Mar del Plata el encuentro provincial del PJ bonaerense. Advirti\u00f3 que Macri \"quiere tomar el camino de pol\u00edticas de falso atajo como la devaluaci\u00f3n para gobernar para pocos\". \"En un contexto de incertidumbre global hay que fortalecer\u2026","rel":"","context":"En \u00abPol\u00edtica\u00bb","block_context":{"text":"Pol\u00edtica","link":"http:\/\/www.24baires.com\/?cat=51"},"img":{"alt_text":"scioli cierre campa\u00f1a","src":"https:\/\/i0.wp.com\/www.24baires.com\/wp-content\/uploads\/2015\/08\/scioli-cierre-campa%C3%B1a.jpg?resize=350%2C200","width":350,"height":200,"srcset":"https:\/\/i0.wp.com\/www.24baires.com\/wp-content\/uploads\/2015\/08\/scioli-cierre-campa%C3%B1a.jpg?resize=350%2C200 1x, https:\/\/i0.wp.com\/www.24baires.com\/wp-content\/uploads\/2015\/08\/scioli-cierre-campa%C3%B1a.jpg?resize=525%2C300 1.5x"},"classes":[]},{"id":69662,"url":"http:\/\/www.24baires.com\/?p=69662","url_meta":{"origin":70790,"position":3},"title":"Scioli destac\u00f3 la \u00abagenda de integraci\u00f3n\u00bb del Frente para la Victoria","author":"AF","date":"28\/07\/2015","format":false,"excerpt":"El candidato a presidente por el Frente para la Victoria, Daniel Scioli, junto al candidato a vicepresidente, Carlos Zannini, encabez\u00f3 el acto de cierre del encuentro regional de candidatos al Parlasur. El candidato presidencial del Frente para la Victoria, Daniel Scioli, cerr\u00f3 en la capital provincial el encuentro de Parlamentarios\u2026","rel":"","context":"En \u00abPol\u00edtica\u00bb","block_context":{"text":"Pol\u00edtica","link":"http:\/\/www.24baires.com\/?cat=51"},"img":{"alt_text":"","src":"https:\/\/i0.wp.com\/www.24baires.com\/wp-content\/uploads\/2015\/07\/scioli-en-mendoza.jpg?resize=350%2C200","width":350,"height":200,"srcset":"https:\/\/i0.wp.com\/www.24baires.com\/wp-content\/uploads\/2015\/07\/scioli-en-mendoza.jpg?resize=350%2C200 1x, https:\/\/i0.wp.com\/www.24baires.com\/wp-content\/uploads\/2015\/07\/scioli-en-mendoza.jpg?resize=525%2C300 1.5x"},"classes":[]},{"id":69226,"url":"http:\/\/www.24baires.com\/?p=69226","url_meta":{"origin":70790,"position":4},"title":"Scioli consider\u00f3 en San Juan que la miner\u00eda generar\u00e1 millones de d\u00f3lares y trabajo","author":"Grupo Sierra","date":"17\/07\/2015","format":false,"excerpt":"El candidato a presidente por el FpV, Daniel Scioli, junto a su compa\u00f1ero de f\u00f3rmula Carlos Zannini, afirm\u00f3 que \"la actividad minera tiene la capacidad de generar 30 mil millones de d\u00f3lares en los pr\u00f3ximos cuatro a\u00f1os y cientos de puestos de trabajo\", al participar de un seminario en San\u2026","rel":"","context":"En \u00abElecciones 2015\u00bb","block_context":{"text":"Elecciones 2015","link":"http:\/\/www.24baires.com\/?cat=74"},"img":{"alt_text":"","src":"https:\/\/i0.wp.com\/www.24baires.com\/wp-content\/uploads\/2015\/07\/scioli-gioja.jpg?resize=350%2C200","width":350,"height":200,"srcset":"https:\/\/i0.wp.com\/www.24baires.com\/wp-content\/uploads\/2015\/07\/scioli-gioja.jpg?resize=350%2C200 1x, https:\/\/i0.wp.com\/www.24baires.com\/wp-content\/uploads\/2015\/07\/scioli-gioja.jpg?resize=525%2C300 1.5x"},"classes":[]},{"id":69150,"url":"http:\/\/www.24baires.com\/?p=69150","url_meta":{"origin":70790,"position":5},"title":"Scioli: \u00abNuestras prioridades contrastan con las de la alianza reciclada de Macri\u00bb","author":"AF","date":"16\/07\/2015","format":false,"excerpt":"El precandidato presidencial del Frente para la Victoria (FPV) y gobernador bonaerense afirm\u00f3, adem\u00e1s que junto a Carlos Zannini son la \"f\u00f3rmula m\u00e1s federal\" para las primarias del 9 de agosto. El precandidato presidencial del Frente para la Victoria (FPV) y gobernador bonaerense, Daniel Scioli, afirm\u00f3 hoy que -junto a\u2026","rel":"","context":"En \u00abElecciones 2015\u00bb","block_context":{"text":"Elecciones 2015","link":"http:\/\/www.24baires.com\/?cat=74"},"img":{"alt_text":"scioli 1","src":"https:\/\/i0.wp.com\/www.24baires.com\/wp-content\/uploads\/2015\/01\/scioli-1.jpg?resize=350%2C200","width":350,"height":200,"srcset":"https:\/\/i0.wp.com\/www.24baires.com\/wp-content\/uploads\/2015\/01\/scioli-1.jpg?resize=350%2C200 1x, https:\/\/i0.wp.com\/www.24baires.com\/wp-content\/uploads\/2015\/01\/scioli-1.jpg?resize=525%2C300 1.5x"},"classes":[]}],"jetpack_sharing_enabled":true,"jetpack_likes_enabled":true,"jetpack_featured_media_url":"","_links":{"self":[{"href":"http:\/\/www.24baires.com\/index.php?rest_route=\/wp\/v2\/posts\/70790","targetHints":{"allow":["GET"]}}],"collection":[{"href":"http:\/\/www.24baires.com\/index.php?rest_route=\/wp\/v2\/posts"}],"about":[{"href":"http:\/\/www.24baires.com\/index.php?rest_route=\/wp\/v2\/types\/post"}],"author":[{"embeddable":true,"href":"http:\/\/www.24baires.com\/index.php?rest_route=\/wp\/v2\/users\/8"}],"replies":[{"embeddable":true,"href":"http:\/\/www.24baires.com\/index.php?rest_route=%2Fwp%2Fv2%2Fcomments&post=70790"}],"version-history":[{"count":1,"href":"http:\/\/www.24baires.com\/index.php?rest_route=\/wp\/v2\/posts\/70790\/revisions"}],"predecessor-version":[{"id":70792,"href":"http:\/\/www.24baires.com\/index.php?rest_route=\/wp\/v2\/posts\/70790\/revisions\/70792"}],"wp:attachment":[{"href":"http:\/\/www.24baires.com\/index.php?rest_route=%2Fwp%2Fv2%2Fmedia&parent=70790"}],"wp:term":[{"taxonomy":"category","embeddable":true,"href":"http:\/\/www.24baires.com\/index.php?rest_route=%2Fwp%2Fv2%2Fcategories&post=70790"},{"taxonomy":"post_tag","embeddable":true,"href":"http:\/\/www.24baires.com\/index.php?rest_route=%2Fwp%2Fv2%2Ftags&post=70790"}],"curies":[{"name":"wp","href":"https:\/\/api.w.org\/{rel}","templated":true}]}}