{"id":70765,"date":"2015-08-18T16:07:22","date_gmt":"2015-08-18T19:07:22","guid":{"rendered":"http:\/\/www.24baires.com\/?p=70765"},"modified":"2015-08-18T16:07:22","modified_gmt":"2015-08-18T19:07:22","slug":"fiscalia-cito-a-felipe-sola-para-que-fundamente-sobre-el-robo-de-votos","status":"publish","type":"post","link":"http:\/\/www.24baires.com\/?p=70765","title":{"rendered":"Fiscal\u00eda cit\u00f3 a Felipe Sol\u00e1 para que fundamente sobre el \u00abrobo\u00bb de votos"},"content":{"rendered":"<p><img data-recalc-dims=\"1\" loading=\"lazy\" decoding=\"async\" class=\"aligncenter size-full wp-image-50552\" src=\"https:\/\/i0.wp.com\/www.24baires.com\/wp-content\/uploads\/2014\/07\/felipe-sol%C3%A1.jpg?resize=560%2C336\" alt=\"felipe sol\u00e1\" width=\"560\" height=\"336\" srcset=\"https:\/\/i0.wp.com\/www.24baires.com\/wp-content\/uploads\/2014\/07\/felipe-sol%C3%A1.jpg?w=560 560w, https:\/\/i0.wp.com\/www.24baires.com\/wp-content\/uploads\/2014\/07\/felipe-sol%C3%A1.jpg?resize=300%2C180 300w\" sizes=\"auto, (max-width: 560px) 100vw, 560px\" \/>El fiscal Jorge Di Lello cit\u00f3 al candidato de UNA a declarar ma\u00f1ana en los tribunales de Comodoro Py para que adem\u00e1s aporte pruebas sobre las supuestas irregularidades.<!--more--><\/p>\n<p>El fiscal federal con competencia electoral Jorge Di Lello orden\u00f3 diversas medidas al iniciar una \u00abinvestigaci\u00f3n preliminar\u00bb por el supuesto robo de 192.446 votos denunciado por el candidato a gobernador bonarense del frente Unidos por una Nueva Alternativa (UNA), Felipe Sol\u00e1.<\/p>\n<p>Fuentes judiciales confirmaron que el fiscal decidi\u00f3 citar a declarar ma\u00f1ana a las 11 horas a Sol\u00e1 en los tribunales de Comodoro Py para que ratifique su denuncia y aporte m\u00e1s detalles. La fiscal\u00eda reclam\u00f3 a UNA que aporte todas las pruebas sobre las supuestas irregularidades que denunci\u00f3 p\u00fablicamente.<\/p>\n<p>Sol\u00e1 denunci\u00f3 que le \u00abafanaron\u00bb el equivalente a 2,21% de los sufragios emitidos, y que de haberse contabilizado esos votos habr\u00eda quedado en segundo lugar detr\u00e1s de la candidata a gobernadora por el PRO para la provincia de Buenos Aires, Mar\u00eda Eugenia Vidal.<\/p>\n<p>En declaraciones period\u00edsticas, Sol\u00e1 dijo que en lugar del 1.503.783 votos que le asignaron oficialmente, deber\u00eda haber registrado 1.696.229, con lo que pudo haber desplazado a An\u00edbal Fern\u00e1ndez (FPV) como segundo candidato m\u00e1s elegido.<\/p>\n<p>El fiscal Di Lello pidi\u00f3 adem\u00e1s por oficio al juez federal con competencia electoral en la provincia de Buenos Aires, Laureano Duran, que informe si advirti\u00f3 alguna irregularidad.<\/p>\n<p>&nbsp;<\/p>\n<p>&nbsp;<\/p>\n<p>&nbsp;<\/p>\n<p>&nbsp;<\/p>\n<p>&nbsp;<\/p>\n<p>&nbsp;<\/p>\n<p>&nbsp;<\/p>\n<p>&nbsp;<\/p>\n<p>&nbsp;<\/p>\n<p>&nbsp;<\/p>\n<p>&nbsp;<\/p>\n<p>&nbsp;<\/p>\n<p>&nbsp;<\/p>\n<p>&nbsp;<\/p>\n<p>&nbsp;<\/p>\n<p>&nbsp;<\/p>\n","protected":false},"excerpt":{"rendered":"<p>El fiscal Jorge Di Lello cit\u00f3 al candidato de UNA a declarar ma\u00f1ana en los tribunales de Comodoro Py para que adem\u00e1s aporte pruebas sobre las supuestas irregularidades.<\/p>\n","protected":false},"author":8,"featured_media":0,"comment_status":"open","ping_status":"open","sticky":false,"template":"","format":"standard","meta":{"_jetpack_newsletter_access":"","_jetpack_dont_email_post_to_subs":false,"_jetpack_newsletter_tier_id":0,"_jetpack_memberships_contains_paywalled_content":false,"_jetpack_memberships_contains_paid_content":false,"footnotes":""},"categories":[51],"tags":[],"class_list":["post-70765","post","type-post","status-publish","format-standard","hentry","category-politica"],"jetpack_shortlink":"https:\/\/wp.me\/p2JWE0-ipn","jetpack-related-posts":[{"id":70803,"url":"http:\/\/www.24baires.com\/?p=70803","url_meta":{"origin":70765,"position":0},"title":"El fiscal de la causa dice que la denuncia de Sol\u00e1 sobre el robo de votos es \u201cciencia ficci\u00f3n\u201d","author":"AF","date":"19\/08\/2015","format":false,"excerpt":"Jorge Di Lello dijo que para ello deber\u00eda existir una \"hipnosis colectiva entre autoridades de mesa y fiscales de los partidos en varias mesas de la provincia de Buenos Aires, lo que le parece improbable\". El candidato del Frente Renovador denunci\u00f3 que le robaron 200.000 votos. El fiscal federal y\u2026","rel":"","context":"En \u00abElecciones 2015\u00bb","block_context":{"text":"Elecciones 2015","link":"http:\/\/www.24baires.com\/?cat=74"},"img":{"alt_text":"felipe sol\u00e1","src":"https:\/\/i0.wp.com\/www.24baires.com\/wp-content\/uploads\/2014\/07\/felipe-sol%C3%A1.jpg?resize=350%2C200","width":350,"height":200,"srcset":"https:\/\/i0.wp.com\/www.24baires.com\/wp-content\/uploads\/2014\/07\/felipe-sol%C3%A1.jpg?resize=350%2C200 1x, https:\/\/i0.wp.com\/www.24baires.com\/wp-content\/uploads\/2014\/07\/felipe-sol%C3%A1.jpg?resize=525%2C300 1.5x"},"classes":[]},{"id":107961,"url":"http:\/\/www.24baires.com\/?p=107961","url_meta":{"origin":70765,"position":1},"title":"Siguen queriendo entorpecer la causa que lleva adelante el juez Alejo Ramos Padilla","author":"AF","date":"03\/05\/2019","format":false,"excerpt":"El juez Alejo Ramos Padilla se neg\u00f3 a investigar un expediente que le mand\u00f3 el juez Luis Rodr\u00edguez . Es la causa que se inici\u00f3 por una denuncia del fiscal Stornelli, basada en \"un sobre an\u00f3nimo que le tiraron bajo la puerta\", donde adjudica a \"un complot K\" la investigaci\u00f3n\u2026","rel":"","context":"En \u00abJUDICIALES\u00bb","block_context":{"text":"JUDICIALES","link":"http:\/\/www.24baires.com\/?cat=68"},"img":{"alt_text":"","src":"https:\/\/i0.wp.com\/www.24baires.com\/wp-content\/uploads\/2019\/03\/ramos-padilla-1.jpg?resize=350%2C200","width":350,"height":200,"srcset":"https:\/\/i0.wp.com\/www.24baires.com\/wp-content\/uploads\/2019\/03\/ramos-padilla-1.jpg?resize=350%2C200 1x, https:\/\/i0.wp.com\/www.24baires.com\/wp-content\/uploads\/2019\/03\/ramos-padilla-1.jpg?resize=525%2C300 1.5x"},"classes":[]},{"id":115253,"url":"http:\/\/www.24baires.com\/?p=115253","url_meta":{"origin":70765,"position":2},"title":"Imputan a Pe\u00f1a, Michetti y Grecco por la pauta macrista","author":"AF","date":"05\/06\/2020","format":false,"excerpt":"El fiscal Jorge Di Lello imput\u00f3 a Marcos Pe\u00f1a, Gabriela Michetti y Jorge Grecco por irregularidades en la pauta oficial durante el gobierno de Mauricio Macri. Se trata de contrataciones irregulares por $300 millones de pesos a cuatro empresas, encargadas de realizar las campa\u00f1as publicitarias durante el macrismo. Michetti, Pe\u00f1a\u2026","rel":"","context":"En \u00abJUDICIALES\u00bb","block_context":{"text":"JUDICIALES","link":"http:\/\/www.24baires.com\/?cat=68"},"img":{"alt_text":"","src":"https:\/\/i0.wp.com\/www.24baires.com\/wp-content\/uploads\/2020\/06\/0000340785.jpg?resize=350%2C200","width":350,"height":200,"srcset":"https:\/\/i0.wp.com\/www.24baires.com\/wp-content\/uploads\/2020\/06\/0000340785.jpg?resize=350%2C200 1x, https:\/\/i0.wp.com\/www.24baires.com\/wp-content\/uploads\/2020\/06\/0000340785.jpg?resize=525%2C300 1.5x"},"classes":[]},{"id":103490,"url":"http:\/\/www.24baires.com\/?p=103490","url_meta":{"origin":70765,"position":3},"title":"Confirman que aportantes \u00abtruchos\u00bb de Cambiemos reciben planes sociales","author":"AF","date":"23\/07\/2018","format":false,"excerpt":"Desde el Ministerior de Desarrollo Social enviaron el listado al fiscal Di Lello. Esto se da en medio del esc\u00e1ndalos por los aportes truchos. El fiscal electoral Jorge Di Lello recibi\u00f3 un informe del Ministerio de Desarrollo Social con un listado que confirma que personas que aparecen como aportantes a\u2026","rel":"","context":"En \u00abPol\u00edtica\u00bb","block_context":{"text":"Pol\u00edtica","link":"http:\/\/www.24baires.com\/?cat=51"},"img":{"alt_text":"","src":"https:\/\/i0.wp.com\/www.24baires.com\/wp-content\/uploads\/2018\/07\/bullrich-vidal-oca%C3%B1a.jpg?resize=350%2C200","width":350,"height":200,"srcset":"https:\/\/i0.wp.com\/www.24baires.com\/wp-content\/uploads\/2018\/07\/bullrich-vidal-oca%C3%B1a.jpg?resize=350%2C200 1x, https:\/\/i0.wp.com\/www.24baires.com\/wp-content\/uploads\/2018\/07\/bullrich-vidal-oca%C3%B1a.jpg?resize=525%2C300 1.5x"},"classes":[]},{"id":70942,"url":"http:\/\/www.24baires.com\/?p=70942","url_meta":{"origin":70765,"position":4},"title":"Di Lello le pidi\u00f3 al juez electoral de La Plata que analice si deben abrirse las urnas","author":"AF","date":"21\/08\/2015","format":false,"excerpt":"El fiscal federal con competencia electoral hizo el pedido para \"disipar o aclarar\" las dudas planteadas respecto a las urnas cuestionadas por el candidato a gobernador bonaerense (UNA) Felipe Sol\u00e1. Lo hizo en un dictamen firmado hoy y que fue enviado al juez federal con competencia electoral platense Laureano Dur\u00e1n,\u2026","rel":"","context":"En \u00abElecciones 2015\u00bb","block_context":{"text":"Elecciones 2015","link":"http:\/\/www.24baires.com\/?cat=74"},"img":{"alt_text":"escrutinio","src":"https:\/\/i0.wp.com\/www.24baires.com\/wp-content\/uploads\/2013\/08\/escrutinio.jpg?resize=350%2C200","width":350,"height":200,"srcset":"https:\/\/i0.wp.com\/www.24baires.com\/wp-content\/uploads\/2013\/08\/escrutinio.jpg?resize=350%2C200 1x, https:\/\/i0.wp.com\/www.24baires.com\/wp-content\/uploads\/2013\/08\/escrutinio.jpg?resize=525%2C300 1.5x"},"classes":[]},{"id":106322,"url":"http:\/\/www.24baires.com\/?p=106322","url_meta":{"origin":70765,"position":5},"title":"Piden medidas de prueba por aportes a Macri en 2015","author":"AF","date":"11\/01\/2019","format":false,"excerpt":"Tras el esc\u00e1ndalo por los aportantes truchos a Cambiemos en la campa\u00f1a de 2017, el fiscal federal Ramiro Gonz\u00e1lez solicit\u00f3 el levantamiento del secreto fiscal sobre empresas sospechadas de haber aportado en 2015. Investigan presuntas irregularidades a partir de pagos en efectivo hechos entonces por el Ente de Turismo de\u2026","rel":"","context":"En \u00abJUDICIALES\u00bb","block_context":{"text":"JUDICIALES","link":"http:\/\/www.24baires.com\/?cat=68"},"img":{"alt_text":"","src":"https:\/\/i0.wp.com\/www.24baires.com\/wp-content\/uploads\/2018\/09\/macri.jpg?resize=350%2C200","width":350,"height":200,"srcset":"https:\/\/i0.wp.com\/www.24baires.com\/wp-content\/uploads\/2018\/09\/macri.jpg?resize=350%2C200 1x, https:\/\/i0.wp.com\/www.24baires.com\/wp-content\/uploads\/2018\/09\/macri.jpg?resize=525%2C300 1.5x"},"classes":[]}],"jetpack_sharing_enabled":true,"jetpack_likes_enabled":true,"jetpack_featured_media_url":"","_links":{"self":[{"href":"http:\/\/www.24baires.com\/index.php?rest_route=\/wp\/v2\/posts\/70765","targetHints":{"allow":["GET"]}}],"collection":[{"href":"http:\/\/www.24baires.com\/index.php?rest_route=\/wp\/v2\/posts"}],"about":[{"href":"http:\/\/www.24baires.com\/index.php?rest_route=\/wp\/v2\/types\/post"}],"author":[{"embeddable":true,"href":"http:\/\/www.24baires.com\/index.php?rest_route=\/wp\/v2\/users\/8"}],"replies":[{"embeddable":true,"href":"http:\/\/www.24baires.com\/index.php?rest_route=%2Fwp%2Fv2%2Fcomments&post=70765"}],"version-history":[{"count":1,"href":"http:\/\/www.24baires.com\/index.php?rest_route=\/wp\/v2\/posts\/70765\/revisions"}],"predecessor-version":[{"id":70766,"href":"http:\/\/www.24baires.com\/index.php?rest_route=\/wp\/v2\/posts\/70765\/revisions\/70766"}],"wp:attachment":[{"href":"http:\/\/www.24baires.com\/index.php?rest_route=%2Fwp%2Fv2%2Fmedia&parent=70765"}],"wp:term":[{"taxonomy":"category","embeddable":true,"href":"http:\/\/www.24baires.com\/index.php?rest_route=%2Fwp%2Fv2%2Fcategories&post=70765"},{"taxonomy":"post_tag","embeddable":true,"href":"http:\/\/www.24baires.com\/index.php?rest_route=%2Fwp%2Fv2%2Ftags&post=70765"}],"curies":[{"name":"wp","href":"https:\/\/api.w.org\/{rel}","templated":true}]}}