{"id":70751,"date":"2015-08-18T12:30:02","date_gmt":"2015-08-18T15:30:02","guid":{"rendered":"http:\/\/www.24baires.com\/?p=70751"},"modified":"2015-08-18T20:53:21","modified_gmt":"2015-08-18T23:53:21","slug":"scioli-insto-a-la-policia-a-hacer-lo-mejor-posible-su-trabajo","status":"publish","type":"post","link":"http:\/\/www.24baires.com\/?p=70751","title":{"rendered":"Scioli inst\u00f3 a la polic\u00eda a \u00abhacer lo mejor posible su trabajo\u00bb"},"content":{"rendered":"<p><img data-recalc-dims=\"1\" loading=\"lazy\" decoding=\"async\" class=\"aligncenter size-full wp-image-70134\" src=\"https:\/\/i0.wp.com\/www.24baires.com\/wp-content\/uploads\/2015\/08\/scioli-cierre-campa%C3%B1a.jpg?resize=560%2C307\" alt=\"scioli cierre campa\u00f1a\" width=\"560\" height=\"307\" srcset=\"https:\/\/i0.wp.com\/www.24baires.com\/wp-content\/uploads\/2015\/08\/scioli-cierre-campa%C3%B1a.jpg?w=560 560w, https:\/\/i0.wp.com\/www.24baires.com\/wp-content\/uploads\/2015\/08\/scioli-cierre-campa%C3%B1a.jpg?resize=300%2C164 300w\" sizes=\"auto, (max-width: 560px) 100vw, 560px\" \/>El candidato presidencial del Frente para la Victoria, Daniel Scioli, inst\u00f3 a una nueva camada de polic\u00edas egresados a \u00abhacer lo mejor posible su trabajo para cumplir con las expectativas de la sociedad\u00bb, al encabezar un acto en Malvinas Argentinas junto a su compa\u00f1ero de f\u00f3rmula, Carlos Zannini, y el secretario general de la Presidencia, Eduardo \u00abWado\u00bb de Pedro.<!--more--><\/p>\n<p>En el acto, Scioli valor\u00f3 a Zannini como \u00abun gran compa\u00f1ero\u00bb as\u00ed como a De Pedro, al candidato a gobernador por la provincia de Buenos Aires y jefe de ministros, An\u00edbal Fern\u00e1ndez, y al candidato a intendente por Malvinas Argentinas, Leonardo Nardini, quien result\u00f3 vencedor en las PASO del pasado 9 de agosto.<\/p>\n<p>Asimismo, resalt\u00f3 que en la fuerza se ha realizado \u00abla mayor inversi\u00f3n que tiene un gran impacto social y econ\u00f3mico que ha generado m\u00e1s de 30.000 puestos de trabajo en forma directa, y 50.000 en forma indirecta\u00bb.<\/p>\n<p>\u00abTodo esto lo tienen que ir tomando con responsabilidad para que la gente tenga la seguridad y la confianza de que estamos haciendo lo mejor, incorporando patrulleros, patrulleros rurales y con un servicio de justicia descentralizado acorde a las necesidades que vamos enfrentando como la fiscal\u00eda contra el narcotr\u00e1fico y las oficinas para luchar contra la violencia de g\u00e9nero\u00bb.<\/p>\n<p>En la misma l\u00ednea destac\u00f3 \u00abnuestras pol\u00edticas de inclusi\u00f3n\u00bb y consider\u00f3 como \u00abla mejor prevenci\u00f3n\u00bb del delito \u00abque el Estado llegue antes con educaci\u00f3n y cultura, o con acciones como el programa Progresar\u00bb.<\/p>\n","protected":false},"excerpt":{"rendered":"<p>El candidato presidencial del Frente para la Victoria, Daniel Scioli, inst\u00f3 a una nueva camada de polic\u00edas egresados a \u00abhacer lo mejor posible su trabajo para cumplir con las expectativas de la sociedad\u00bb, al encabezar un acto en Malvinas Argentinas junto a su compa\u00f1ero de f\u00f3rmula, Carlos Zannini, y el secretario general de la Presidencia, Eduardo \u00abWado\u00bb de Pedro.<\/p>\n","protected":false},"author":4,"featured_media":0,"comment_status":"open","ping_status":"open","sticky":false,"template":"","format":"standard","meta":{"_jetpack_newsletter_access":"","_jetpack_dont_email_post_to_subs":false,"_jetpack_newsletter_tier_id":0,"_jetpack_memberships_contains_paywalled_content":false,"_jetpack_memberships_contains_paid_content":false,"footnotes":""},"categories":[51],"tags":[],"class_list":["post-70751","post","type-post","status-publish","format-standard","hentry","category-politica"],"jetpack_shortlink":"https:\/\/wp.me\/p2JWE0-ip9","jetpack-related-posts":[{"id":70850,"url":"http:\/\/www.24baires.com\/?p=70850","url_meta":{"origin":70751,"position":0},"title":"En Tucum\u00e1n, Scioli apoy\u00f3 a Manzur y critic\u00f3 a la \u201calianza del ajuste\u201d","author":"GB","date":"19\/08\/2015","format":false,"excerpt":"El candidato a presidente por el FpV, junto a su compa\u00f1ero de f\u00f3rmula Carlos Zannini, apoy\u00f3 al candidato a gobernador de Tucum\u00e1n y apunt\u00f3 contra la oposici\u00f3n. El candidato a presidente por el Frente para la Victoria (FpV), Daniel Scioli, junto a su compa\u00f1ero de f\u00f3rmula Carlos Zannini, apoy\u00f3 al\u2026","rel":"","context":"En \u00abPoliciales\u00bb","block_context":{"text":"Policiales","link":"http:\/\/www.24baires.com\/?cat=49"},"img":{"alt_text":"","src":"https:\/\/i0.wp.com\/www.24baires.com\/wp-content\/uploads\/2015\/08\/scioli-tucuman.jpg?resize=350%2C200","width":350,"height":200,"srcset":"https:\/\/i0.wp.com\/www.24baires.com\/wp-content\/uploads\/2015\/08\/scioli-tucuman.jpg?resize=350%2C200 1x, https:\/\/i0.wp.com\/www.24baires.com\/wp-content\/uploads\/2015\/08\/scioli-tucuman.jpg?resize=525%2C300 1.5x"},"classes":[]},{"id":72446,"url":"http:\/\/www.24baires.com\/?p=72446","url_meta":{"origin":70751,"position":1},"title":"\u201cMacri quiere volver a implementar viejas recetas terror\u00edficas\u00bb","author":"GB","date":"21\/09\/2015","format":false,"excerpt":"Lo afirm\u00f3 el secretario Legal y T\u00e9cnico de la Presidencia y candidato a vicepresidente del FpV, Carlos Zannini. \"Una superdevaluaci\u00f3n ser\u00eda negativa, no s\u00f3lo para los que trabajan, sino tambi\u00e9n para los supuestos beneficiarios de la medida. No van a poder ganar mercado con eso\", dijo Zannini, quien volvi\u00f3 a\u2026","rel":"","context":"En \u00abPol\u00edtica\u00bb","block_context":{"text":"Pol\u00edtica","link":"http:\/\/www.24baires.com\/?cat=51"},"img":{"alt_text":"zanini2","src":"https:\/\/i0.wp.com\/www.24baires.com\/wp-content\/uploads\/2015\/08\/zanini2.jpg?resize=350%2C200","width":350,"height":200,"srcset":"https:\/\/i0.wp.com\/www.24baires.com\/wp-content\/uploads\/2015\/08\/zanini2.jpg?resize=350%2C200 1x, https:\/\/i0.wp.com\/www.24baires.com\/wp-content\/uploads\/2015\/08\/zanini2.jpg?resize=525%2C300 1.5x"},"classes":[]},{"id":69662,"url":"http:\/\/www.24baires.com\/?p=69662","url_meta":{"origin":70751,"position":2},"title":"Scioli destac\u00f3 la \u00abagenda de integraci\u00f3n\u00bb del Frente para la Victoria","author":"AF","date":"28\/07\/2015","format":false,"excerpt":"El candidato a presidente por el Frente para la Victoria, Daniel Scioli, junto al candidato a vicepresidente, Carlos Zannini, encabez\u00f3 el acto de cierre del encuentro regional de candidatos al Parlasur. El candidato presidencial del Frente para la Victoria, Daniel Scioli, cerr\u00f3 en la capital provincial el encuentro de Parlamentarios\u2026","rel":"","context":"En \u00abPol\u00edtica\u00bb","block_context":{"text":"Pol\u00edtica","link":"http:\/\/www.24baires.com\/?cat=51"},"img":{"alt_text":"","src":"https:\/\/i0.wp.com\/www.24baires.com\/wp-content\/uploads\/2015\/07\/scioli-en-mendoza.jpg?resize=350%2C200","width":350,"height":200,"srcset":"https:\/\/i0.wp.com\/www.24baires.com\/wp-content\/uploads\/2015\/07\/scioli-en-mendoza.jpg?resize=350%2C200 1x, https:\/\/i0.wp.com\/www.24baires.com\/wp-content\/uploads\/2015\/07\/scioli-en-mendoza.jpg?resize=525%2C300 1.5x"},"classes":[]},{"id":71685,"url":"http:\/\/www.24baires.com\/?p=71685","url_meta":{"origin":70751,"position":3},"title":"Zannini: con Scioli \u00absacamos ventaja porque somos una m\u00e1quina de buenas ideas\u00bb","author":"AF","date":"05\/09\/2015","format":false,"excerpt":"El compa\u00f1ero de f\u00f3rmula presidencial de Daniel Scioli (FpV), Carlos Zannini, dijo adem\u00e1s que la propuesta electoral se basa en \"interpretar a la sociedad y generar igualdad, con una Argentina industrializada y un mercado fuerte y mejor para todos\". En el di\u00e1logo que mantuvo con T\u00e9lam en el encuentro del\u2026","rel":"","context":"En \u00abPol\u00edtica\u00bb","block_context":{"text":"Pol\u00edtica","link":"http:\/\/www.24baires.com\/?cat=51"},"img":{"alt_text":"scioli zannini","src":"https:\/\/i0.wp.com\/www.24baires.com\/wp-content\/uploads\/2015\/07\/scioli-zannini1.jpg?resize=350%2C200","width":350,"height":200,"srcset":"https:\/\/i0.wp.com\/www.24baires.com\/wp-content\/uploads\/2015\/07\/scioli-zannini1.jpg?resize=350%2C200 1x, https:\/\/i0.wp.com\/www.24baires.com\/wp-content\/uploads\/2015\/07\/scioli-zannini1.jpg?resize=525%2C300 1.5x"},"classes":[]},{"id":69839,"url":"http:\/\/www.24baires.com\/?p=69839","url_meta":{"origin":70751,"position":4},"title":"Scioli en Tandil: \u00abEste es el espacio pol\u00edtico de la industria nacional\u00bb","author":"AF","date":"31\/07\/2015","format":false,"excerpt":"El gobernador bonaerense y candidato presidencial del Frente para la Victoria, Daniel Scioli habl\u00f3 en un acto en la ciudad bonaerense de Tandil. \"Esta Argentina va a sembrar cada vez m\u00e1s oportunidades\", dijo. El gobernador bonaerense y candidato presidencial del Frente para la Victoria, Daniel Scioli, afirm\u00f3 hoy que \"las\u2026","rel":"","context":"En \u00abElecciones 2015\u00bb","block_context":{"text":"Elecciones 2015","link":"http:\/\/www.24baires.com\/?cat=74"},"img":{"alt_text":"","src":"https:\/\/i0.wp.com\/www.24baires.com\/wp-content\/uploads\/2015\/07\/zannini-scioli-bossio-an%C3%ADbal.jpg?resize=350%2C200","width":350,"height":200,"srcset":"https:\/\/i0.wp.com\/www.24baires.com\/wp-content\/uploads\/2015\/07\/zannini-scioli-bossio-an%C3%ADbal.jpg?resize=350%2C200 1x, https:\/\/i0.wp.com\/www.24baires.com\/wp-content\/uploads\/2015\/07\/zannini-scioli-bossio-an%C3%ADbal.jpg?resize=525%2C300 1.5x"},"classes":[]},{"id":120226,"url":"http:\/\/www.24baires.com\/?p=120226","url_meta":{"origin":70751,"position":5},"title":"Cristina recibi\u00f3 a Scioli: \u201cA seguir trabajando, que es lo que hay que hacer\u201d","author":"AF","date":"28\/06\/2023","format":false,"excerpt":"\"Hablamos mucho, con sinceridad y con el respeto de siempre. Me transmiti\u00f3 que su vocaci\u00f3n es ayudar y colaborar como un compa\u00f1ero m\u00e1s\", asegur\u00f3 a trav\u00e9s de las redes sociales la Vicepresidenta sobre el encuentro. La Vicepresidenta Cristina Fern\u00e1ndez de Kirchner public\u00f3 en redes sociales una foto con el embajador\u2026","rel":"","context":"En \u00abPol\u00edtica\u00bb","block_context":{"text":"Pol\u00edtica","link":"http:\/\/www.24baires.com\/?cat=51"},"img":{"alt_text":"","src":"https:\/\/i0.wp.com\/www.24baires.com\/wp-content\/uploads\/2023\/06\/WhatsApp-Image-2023-06-28-at-23.30.42.jpeg?resize=350%2C200","width":350,"height":200,"srcset":"https:\/\/i0.wp.com\/www.24baires.com\/wp-content\/uploads\/2023\/06\/WhatsApp-Image-2023-06-28-at-23.30.42.jpeg?resize=350%2C200 1x, https:\/\/i0.wp.com\/www.24baires.com\/wp-content\/uploads\/2023\/06\/WhatsApp-Image-2023-06-28-at-23.30.42.jpeg?resize=525%2C300 1.5x, https:\/\/i0.wp.com\/www.24baires.com\/wp-content\/uploads\/2023\/06\/WhatsApp-Image-2023-06-28-at-23.30.42.jpeg?resize=700%2C400 2x"},"classes":[]}],"jetpack_sharing_enabled":true,"jetpack_likes_enabled":true,"jetpack_featured_media_url":"","_links":{"self":[{"href":"http:\/\/www.24baires.com\/index.php?rest_route=\/wp\/v2\/posts\/70751","targetHints":{"allow":["GET"]}}],"collection":[{"href":"http:\/\/www.24baires.com\/index.php?rest_route=\/wp\/v2\/posts"}],"about":[{"href":"http:\/\/www.24baires.com\/index.php?rest_route=\/wp\/v2\/types\/post"}],"author":[{"embeddable":true,"href":"http:\/\/www.24baires.com\/index.php?rest_route=\/wp\/v2\/users\/4"}],"replies":[{"embeddable":true,"href":"http:\/\/www.24baires.com\/index.php?rest_route=%2Fwp%2Fv2%2Fcomments&post=70751"}],"version-history":[{"count":1,"href":"http:\/\/www.24baires.com\/index.php?rest_route=\/wp\/v2\/posts\/70751\/revisions"}],"predecessor-version":[{"id":70752,"href":"http:\/\/www.24baires.com\/index.php?rest_route=\/wp\/v2\/posts\/70751\/revisions\/70752"}],"wp:attachment":[{"href":"http:\/\/www.24baires.com\/index.php?rest_route=%2Fwp%2Fv2%2Fmedia&parent=70751"}],"wp:term":[{"taxonomy":"category","embeddable":true,"href":"http:\/\/www.24baires.com\/index.php?rest_route=%2Fwp%2Fv2%2Fcategories&post=70751"},{"taxonomy":"post_tag","embeddable":true,"href":"http:\/\/www.24baires.com\/index.php?rest_route=%2Fwp%2Fv2%2Ftags&post=70751"}],"curies":[{"name":"wp","href":"https:\/\/api.w.org\/{rel}","templated":true}]}}