{"id":70740,"date":"2015-08-18T11:00:31","date_gmt":"2015-08-18T14:00:31","guid":{"rendered":"http:\/\/www.24baires.com\/?p=70740"},"modified":"2015-08-18T11:02:08","modified_gmt":"2015-08-18T14:02:08","slug":"anibal-ya-vimos-con-filmus-una-campana-sucia-del-pro","status":"publish","type":"post","link":"http:\/\/www.24baires.com\/?p=70740","title":{"rendered":"An\u00edbal: \u00abYa vimos con Filmus una campa\u00f1a sucia del PRO\u00bb"},"content":{"rendered":"<p><img data-recalc-dims=\"1\" loading=\"lazy\" decoding=\"async\" class=\"aligncenter size-full wp-image-70083\" src=\"https:\/\/i0.wp.com\/www.24baires.com\/wp-content\/uploads\/2015\/08\/an%C3%ADbal-cierre.jpg?resize=560%2C370\" alt=\"an\u00edbal cierre\" width=\"560\" height=\"370\" srcset=\"https:\/\/i0.wp.com\/www.24baires.com\/wp-content\/uploads\/2015\/08\/an%C3%ADbal-cierre.jpg?w=560 560w, https:\/\/i0.wp.com\/www.24baires.com\/wp-content\/uploads\/2015\/08\/an%C3%ADbal-cierre.jpg?resize=300%2C198 300w\" sizes=\"auto, (max-width: 560px) 100vw, 560px\" \/>El jefe de Gabinete respald\u00f3 este martes la denuncia por campa\u00f1a sucia contra el macrismo que formular\u00e1 ante la justicia electoral el candidato a presidente por el Frente para la Victoria (FpV), Daniel Scioli.<!--more--><\/p>\n<p>\u00abYa lo vimos con Filmus, se lo denunci\u00f3, se lo comprob\u00f3 y no pas\u00f3 nada. Buscan im\u00e1genes viejas con mala fe y ponen luego a su ej\u00e9rcito de hacer da\u00f1o, de mala fe, una porquer\u00eda. Se lo denunci\u00f3 en el 2013, se investig\u00f3, se demostr\u00f3 todo esto y no hubo conclusiones, nadie lo sanciona y vuelve a pasar\u00bb, lament\u00f3 el postulante a la Gobernaci\u00f3n bonaerense por el oficialismo.<\/p>\n<p>En tanto, al ser consultado sobre las declaraciones de Mirtha Legrand en las que compar\u00f3 al kirchnerismo con el nazismo, Fern\u00e1ndez opin\u00f3 que \u00abes tan burda la comparaci\u00f3n y la vocaci\u00f3n de provocar alguna reacci\u00f3n, tan berreta, de baja estofa que no resiste ning\u00fan an\u00e1lisis\u00bb.<\/p>\n","protected":false},"excerpt":{"rendered":"<p>El jefe de Gabinete respald\u00f3 este martes la denuncia por campa\u00f1a sucia contra el macrismo que formular\u00e1 ante la justicia electoral el candidato a presidente por el Frente para la Victoria (FpV), Daniel Scioli.<\/p>\n","protected":false},"author":4,"featured_media":0,"comment_status":"open","ping_status":"open","sticky":false,"template":"","format":"standard","meta":{"_jetpack_newsletter_access":"","_jetpack_dont_email_post_to_subs":false,"_jetpack_newsletter_tier_id":0,"_jetpack_memberships_contains_paywalled_content":false,"_jetpack_memberships_contains_paid_content":false,"footnotes":""},"categories":[51],"tags":[],"class_list":["post-70740","post","type-post","status-publish","format-standard","hentry","category-politica"],"jetpack_shortlink":"https:\/\/wp.me\/p2JWE0-ioY","jetpack-related-posts":[{"id":112493,"url":"http:\/\/www.24baires.com\/?p=112493","url_meta":{"origin":70740,"position":0},"title":"Kicillof cruz\u00f3 a Macri y denunci\u00f3 \u00abuna campa\u00f1a sucia\u00bb del Presidente","author":"AF","date":"14\/10\/2019","format":false,"excerpt":"El candidato a gobernador de Buenos Aires por el Frente de Todos asegur\u00f3 que no le contestar\u00e1 al jefe de Estado, quien lo acus\u00f3 de abogar por una \"narcocapacitaci\u00f3n\" en las escuelas. Axel Kicillof se hizo eco de las palabras del presidente Mauricio Macri, quien lo acus\u00f3 de planear \"poner\u2026","rel":"","context":"En \u00abPol\u00edtica\u00bb","block_context":{"text":"Pol\u00edtica","link":"http:\/\/www.24baires.com\/?cat=51"},"img":{"alt_text":"","src":"https:\/\/i0.wp.com\/www.24baires.com\/wp-content\/uploads\/2019\/10\/kicillof-capa%C3%B1a.jpg?resize=350%2C200","width":350,"height":200,"srcset":"https:\/\/i0.wp.com\/www.24baires.com\/wp-content\/uploads\/2019\/10\/kicillof-capa%C3%B1a.jpg?resize=350%2C200 1x, https:\/\/i0.wp.com\/www.24baires.com\/wp-content\/uploads\/2019\/10\/kicillof-capa%C3%B1a.jpg?resize=525%2C300 1.5x"},"classes":[]},{"id":71381,"url":"http:\/\/www.24baires.com\/?p=71381","url_meta":{"origin":70740,"position":1},"title":"\u00abMacri est\u00e1 tratando de deslegitimizar la elecci\u00f3n porque no tiene otra forma de ganarla\u201d","author":"GB","date":"31\/08\/2015","format":false,"excerpt":"El jefe de Gabinete se refiri\u00f3 a las denuncias de la oposici\u00f3n sobre los comicios en Tucum\u00e1n y asegur\u00f3 que \u201cMacri es el campe\u00f3n mundial de las campa\u00f1as sucias\u201d. En ese sentido, Fern\u00e1ndez record\u00f3 que \u201chasta en Salta critic\u00f3 la elecci\u00f3n y denunci\u00f3 fraude cuando se hizo con boleta eletro\u00f3nica\u201d.\u2026","rel":"","context":"En \u00abPol\u00edtica\u00bb","block_context":{"text":"Pol\u00edtica","link":"http:\/\/www.24baires.com\/?cat=51"},"img":{"alt_text":"anibal conferencia","src":"https:\/\/i0.wp.com\/www.24baires.com\/wp-content\/uploads\/2015\/04\/anibal-conferencia.jpg?resize=350%2C200","width":350,"height":200,"srcset":"https:\/\/i0.wp.com\/www.24baires.com\/wp-content\/uploads\/2015\/04\/anibal-conferencia.jpg?resize=350%2C200 1x, https:\/\/i0.wp.com\/www.24baires.com\/wp-content\/uploads\/2015\/04\/anibal-conferencia.jpg?resize=525%2C300 1.5x"},"classes":[]},{"id":37237,"url":"http:\/\/www.24baires.com\/?p=37237","url_meta":{"origin":70740,"position":2},"title":"Filmus le respondi\u00f3 a Cameron: \u00abHay que discutir por la soberan\u00eda\u00bb","author":"Grupo Sierra","date":"21\/12\/2013","format":false,"excerpt":"El mismo d\u00eda en el que fue designado al frente de la flamante secretar\u00eda abocada a cuestiones relativas a las Islas Malvinas, el ex senador Daniel Filmus lament\u00f3 las \u201cdeclaraciones agresivas\u201d del primer ministro brit\u00e1nico. Tras ser designado al frente de la nueva secretar\u00eda creada en el \u00e1mbito de la\u2026","rel":"","context":"En \u00abSociedad\u00bb","block_context":{"text":"Sociedad","link":"http:\/\/www.24baires.com\/?cat=1"},"img":{"alt_text":"daniel-filmus","src":"https:\/\/i0.wp.com\/www.24baires.com\/wp-content\/uploads\/2013\/12\/daniel-filmus.jpg?resize=350%2C200","width":350,"height":200,"srcset":"https:\/\/i0.wp.com\/www.24baires.com\/wp-content\/uploads\/2013\/12\/daniel-filmus.jpg?resize=350%2C200 1x, https:\/\/i0.wp.com\/www.24baires.com\/wp-content\/uploads\/2013\/12\/daniel-filmus.jpg?resize=525%2C300 1.5x"},"classes":[]},{"id":119863,"url":"http:\/\/www.24baires.com\/?p=119863","url_meta":{"origin":70740,"position":3},"title":"Fern\u00e1ndez inaugura un nuevo edificio de ciencia y tecnolog\u00eda en Mar del Plata","author":"AF","date":"06\/03\/2023","format":false,"excerpt":"La actividad se realizar\u00e1 este martes a las 12 y el mandatario estar\u00e1 acompa\u00f1ado por el ministro de Ciencia, Tecnolog\u00eda e Innovaci\u00f3n Productiva, Daniel Filmus; y la titular del Consejo Nacional de Investigaciones Cient\u00edficas y T\u00e9cnicas (Conicet), Ana Franchi. El presidente Alberto Fern\u00e1ndez inaugurar\u00e1 este martes el nuevo edificio del\u2026","rel":"","context":"En \u00abSociedad\u00bb","block_context":{"text":"Sociedad","link":"http:\/\/www.24baires.com\/?cat=1"},"img":{"alt_text":"","src":"https:\/\/i0.wp.com\/www.24baires.com\/wp-content\/uploads\/2021\/03\/fern%C3%A1ndez.jpg?resize=350%2C200","width":350,"height":200,"srcset":"https:\/\/i0.wp.com\/www.24baires.com\/wp-content\/uploads\/2021\/03\/fern%C3%A1ndez.jpg?resize=350%2C200 1x, https:\/\/i0.wp.com\/www.24baires.com\/wp-content\/uploads\/2021\/03\/fern%C3%A1ndez.jpg?resize=525%2C300 1.5x, https:\/\/i0.wp.com\/www.24baires.com\/wp-content\/uploads\/2021\/03\/fern%C3%A1ndez.jpg?resize=700%2C400 2x"},"classes":[]},{"id":102322,"url":"http:\/\/www.24baires.com\/?p=102322","url_meta":{"origin":70740,"position":4},"title":"La asociaci\u00f3n Abuelas de Plaza de Mayo fue nominada al Premio Nobel de la Paz 2018","author":"AF","date":"23\/05\/2018","format":false,"excerpt":"Ya son varias las ocasiones en que la asociaci\u00f3n que preside Estela de Carlotto recibe la nominaci\u00f3n. El Comit\u00e9 Noruego acept\u00f3 a la asociaci\u00f3n Abuelas de Plaza de Mayo entre los nominados al Premio Nobel de la Paz edici\u00f3n 2018. La presidenta de Abuelas, Estela de Carlotto, har\u00e1 el anuncio\u2026","rel":"","context":"En \u00abSociedad\u00bb","block_context":{"text":"Sociedad","link":"http:\/\/www.24baires.com\/?cat=1"},"img":{"alt_text":"","src":"https:\/\/i0.wp.com\/www.24baires.com\/wp-content\/uploads\/2012\/11\/madres-abuelas-circuito-camps.jpg?resize=350%2C200","width":350,"height":200,"srcset":"https:\/\/i0.wp.com\/www.24baires.com\/wp-content\/uploads\/2012\/11\/madres-abuelas-circuito-camps.jpg?resize=350%2C200 1x, https:\/\/i0.wp.com\/www.24baires.com\/wp-content\/uploads\/2012\/11\/madres-abuelas-circuito-camps.jpg?resize=525%2C300 1.5x"},"classes":[]},{"id":90505,"url":"http:\/\/www.24baires.com\/?p=90505","url_meta":{"origin":70740,"position":5},"title":"Agust\u00edn Rossi anunci\u00f3 que ser\u00e1 candidato en las elecciones de 2017","author":"GB","date":"04\/12\/2016","format":false,"excerpt":"Un importante dirigente del kirchnerismo anunci\u00f3 que participar\u00e1 de los comicios el pr\u00f3ximo a\u00f1o. El jefe del bloque del Frente Para la Victoria en el Parlasur, Agust\u00edn Rossi anunci\u00f3 que tom\u00f3 la decisi\u00f3n de \"participar en las primarias que organice el Partido Justicialista\" para volver a representar a la provincia\u2026","rel":"","context":"En \u00abPol\u00edtica\u00bb","block_context":{"text":"Pol\u00edtica","link":"http:\/\/www.24baires.com\/?cat=51"},"img":{"alt_text":"rossi","src":"https:\/\/i0.wp.com\/www.24baires.com\/wp-content\/uploads\/2015\/02\/rossi1.jpg?resize=350%2C200","width":350,"height":200,"srcset":"https:\/\/i0.wp.com\/www.24baires.com\/wp-content\/uploads\/2015\/02\/rossi1.jpg?resize=350%2C200 1x, https:\/\/i0.wp.com\/www.24baires.com\/wp-content\/uploads\/2015\/02\/rossi1.jpg?resize=525%2C300 1.5x"},"classes":[]}],"jetpack_sharing_enabled":true,"jetpack_likes_enabled":true,"jetpack_featured_media_url":"","_links":{"self":[{"href":"http:\/\/www.24baires.com\/index.php?rest_route=\/wp\/v2\/posts\/70740","targetHints":{"allow":["GET"]}}],"collection":[{"href":"http:\/\/www.24baires.com\/index.php?rest_route=\/wp\/v2\/posts"}],"about":[{"href":"http:\/\/www.24baires.com\/index.php?rest_route=\/wp\/v2\/types\/post"}],"author":[{"embeddable":true,"href":"http:\/\/www.24baires.com\/index.php?rest_route=\/wp\/v2\/users\/4"}],"replies":[{"embeddable":true,"href":"http:\/\/www.24baires.com\/index.php?rest_route=%2Fwp%2Fv2%2Fcomments&post=70740"}],"version-history":[{"count":1,"href":"http:\/\/www.24baires.com\/index.php?rest_route=\/wp\/v2\/posts\/70740\/revisions"}],"predecessor-version":[{"id":70741,"href":"http:\/\/www.24baires.com\/index.php?rest_route=\/wp\/v2\/posts\/70740\/revisions\/70741"}],"wp:attachment":[{"href":"http:\/\/www.24baires.com\/index.php?rest_route=%2Fwp%2Fv2%2Fmedia&parent=70740"}],"wp:term":[{"taxonomy":"category","embeddable":true,"href":"http:\/\/www.24baires.com\/index.php?rest_route=%2Fwp%2Fv2%2Fcategories&post=70740"},{"taxonomy":"post_tag","embeddable":true,"href":"http:\/\/www.24baires.com\/index.php?rest_route=%2Fwp%2Fv2%2Ftags&post=70740"}],"curies":[{"name":"wp","href":"https:\/\/api.w.org\/{rel}","templated":true}]}}