{"id":70617,"date":"2015-08-14T19:00:11","date_gmt":"2015-08-14T22:00:11","guid":{"rendered":"http:\/\/www.24baires.com\/?p=70617"},"modified":"2015-08-14T19:03:11","modified_gmt":"2015-08-14T22:03:11","slug":"pino-senalo-a-sanz-y-dijo-que-el-futuro-de-la-ucr-esta-aniquilado","status":"publish","type":"post","link":"http:\/\/www.24baires.com\/?p=70617","title":{"rendered":"&#8216;Pino&#8217; se\u00f1al\u00f3 a Sanz y dijo que el \u00abfuturo de la UCR est\u00e1 aniquilado\u00bb"},"content":{"rendered":"<p><img data-recalc-dims=\"1\" loading=\"lazy\" decoding=\"async\" class=\"aligncenter size-full wp-image-46621\" src=\"https:\/\/i0.wp.com\/www.24baires.com\/wp-content\/uploads\/2014\/05\/pino-solanas.jpg?resize=560%2C310\" alt=\"pino solanas\" width=\"560\" height=\"310\" srcset=\"https:\/\/i0.wp.com\/www.24baires.com\/wp-content\/uploads\/2014\/05\/pino-solanas.jpg?w=560 560w, https:\/\/i0.wp.com\/www.24baires.com\/wp-content\/uploads\/2014\/05\/pino-solanas.jpg?resize=300%2C166 300w\" sizes=\"auto, (max-width: 560px) 100vw, 560px\" \/>El senador nacional y referente de Proyecto Sur, Fernando Pino Solanas apunt\u00f3 contra el titular del radicalismo, Ernesto Sanz, y juzg\u00f3 que, tras el acuerdo con PRO y el 3,4 por ciento que obtuvo el ex precandidato presidencial en las PASO, el \u00abfuturo de la UCR est\u00e1 aniquilado\u00bb.<!--more--><\/p>\n<p>En dialogo con T\u00e9lam, Solanas analiz\u00f3 los resultados de los comicios del pasado domingo y asegur\u00f3 que sus ex socios en el extinto Frente Amplio Unen (FAU), Sanz, Elisa Carri\u00f3 (Coalici\u00f3n C\u00edvica-ARI) y Margarita Stolbizer (Progresistas) \u00abpagaron\u00bb en las urnas el \u00abcosto pol\u00edtico\u00bb por la \u00abdestrucci\u00f3n\u00bb del fallido espacio opositor.<\/p>\n<p>El senador nacional endilg\u00f3 a Sanz haber \u00abinmolado\u00bb a su partido, al \u00abarrastrarlo\u00bb a una alianza con el PRO, calific\u00f3 de \u00absectaria\u00bb a Stolbizer y se\u00f1al\u00f3 a Carri\u00f3 como la \u201cdinamitera\u201d de espacios en construcci\u00f3n.<\/p>\n<p>\u00abEl futuro del radicalismo est\u00e1 aniquilado; no s\u00e9 c\u00f3mo se va a recuperar despu\u00e9s de esto\u00bb, dijo Solanas, en relaci\u00f3n a la baja performance de Sanz, que dej\u00f3 al centenario partido sin un radical en una f\u00f3rmula presidencial, por primera vez desde la restituci\u00f3n democr\u00e1tica.<\/p>\n<p>El cineasta afirm\u00f3 adem\u00e1s que en octubre la UCR \u00abpodr\u00e1 conseguir diputados, pero su credibilidad est\u00e1 liquidada\u00bb y consider\u00f3 que las PASO demostraron que la \u00abcentro izquierda qued\u00f3 una vez m\u00e1s destruida en la fallida tentativa de Unen\u00bb.<\/p>\n<p>En ese marco, endilg\u00f3 a Stolbizer, postulante presidencial de Progresistas, de haber tenido un actitud \u00absectaria\u00bb que \u00abimposibilit\u00f3\u00bb de cara a octubre, la constituci\u00f3n un \u00abgran frente nacional\u00bb que incluya a sectores del peronismo, en referencia al Frente Renovador, de Sergio Massa.<\/p>\n<p>\u00abNo quisieron confluir en una espacio amplio y generoso y decidieron mirar para otro lado; el resultado fue el lamentable 3,5 por ciento de votos que sac\u00f3 Progresistas\u00bb, dijo Solanas, quien calific\u00f3 al socialista Hermes Binner como \u00abel jefe de un espacio medio muerto\u00bb.<\/p>\n<p>En ese marco, se ufan\u00f3 de la decisi\u00f3n de Proyecto Sur de no participar de las primarias ante un escenario electoral que \u00abse vislumbraba como una picadero de carne\u00bb.<\/p>\n<p>\u00abNosotros no fuimos derrotados, simplemente tomamos la decisi\u00f3n de no participar, pero yo sigo siendo una referencia en Capital Federal\u00bb, complet\u00f3.<\/p>\n<p>Para Solanas, el margo resultado conseguido por Stolbizer se debi\u00f3 al rol \u00abdenuncista\u00bb que, a su criterio, asumi\u00f3 la l\u00edder del GEN durante el primer tramo de la campa\u00f1a.<\/p>\n<p>\u00abStolbizer tom\u00f3 el camino de emular a Carri\u00f3 y ser un nueva denuncista y eso no alcanza\u00bb, porque \u00abla centro izquierda no puede diferenciarse s\u00f3lo por temas institucionales y aquellos vinculados a la corrupci\u00f3n\u00bb, sentenci\u00f3 y agreg\u00f3:\u00bbO te ubic\u00e1s bien en el progresismo y tom\u00e1s los temas fuertes o te qued\u00e1s en el nicho de lo que te toleran decir los grupos medi\u00e1ticos\u00bb.<\/p>\n<p>Por otra parte, Solanas pronostic\u00f3 que la elecci\u00f3n de octubre estar\u00e1 \u00abpolarizada entre el kirchnerismo y el macrismo\u00bb y lament\u00f3 que tras las PASO \u00abs\u00f3lo hayan quedado en el ring dos hijos de empresarios que se enriquecieron durante el menemato\u00bb, en alusi\u00f3n a los precandidatos presidenciales, Daniel Scioli (Frente para la Victoria) y Mauricio Macri (PRO).<\/p>\n<p>\u00abEl camino real de la Argentina para superar sus problemas es buscar una nueva unidad nacional alrededor de un proyecto\u00bb, remarc\u00f3 Solanas y asegur\u00f3 que su partido se prepara para dar \u201cbatalla\u201d en las legislativas de 2017, con la conformaci\u00f3n de un \u00abgran frente\u00bb que incluya a organizaciones pol\u00ed\u00adticas y sociales\u00bb.<\/p>\n","protected":false},"excerpt":{"rendered":"<p>El senador nacional y referente de Proyecto Sur, Fernando Pino Solanas apunt\u00f3 contra el titular del radicalismo, Ernesto Sanz, y juzg\u00f3 que, tras el acuerdo con PRO y el 3,4 por ciento que obtuvo el ex precandidato presidencial en las PASO, el \u00abfuturo de la UCR est\u00e1 aniquilado\u00bb.<\/p>\n","protected":false},"author":8,"featured_media":0,"comment_status":"open","ping_status":"open","sticky":false,"template":"","format":"standard","meta":{"_jetpack_newsletter_access":"","_jetpack_dont_email_post_to_subs":false,"_jetpack_newsletter_tier_id":0,"_jetpack_memberships_contains_paywalled_content":false,"_jetpack_memberships_contains_paid_content":false,"footnotes":""},"categories":[51],"tags":[],"class_list":["post-70617","post","type-post","status-publish","format-standard","hentry","category-politica"],"jetpack_shortlink":"https:\/\/wp.me\/p2JWE0-imZ","jetpack-related-posts":[{"id":44504,"url":"http:\/\/www.24baires.com\/?p=44504","url_meta":{"origin":70617,"position":0},"title":"La nueva Alianza ya es realidad: presentaron el Frente Amplio Unen","author":"Grupo Sierra","date":"22\/04\/2014","format":false,"excerpt":"El FAP y UNEN realizaron la presentaci\u00f3n formal del nuevo espacio conformado por referentes de ambos frentes, en un acto que reuni\u00f3 en un mismo escenario a los cinco presidenciables del espacio. Con esta alianza, buscar\u00e1n constituirse como una alternativa de poder en el 2015. La foto de Hermes Binner\u2026","rel":"","context":"En \u00abPol\u00edtica\u00bb","block_context":{"text":"Pol\u00edtica","link":"http:\/\/www.24baires.com\/?cat=51"},"img":{"alt_text":"","src":"https:\/\/i0.wp.com\/www.24baires.com\/wp-content\/uploads\/2014\/04\/UNEN-2.jpg?resize=350%2C200","width":350,"height":200,"srcset":"https:\/\/i0.wp.com\/www.24baires.com\/wp-content\/uploads\/2014\/04\/UNEN-2.jpg?resize=350%2C200 1x, https:\/\/i0.wp.com\/www.24baires.com\/wp-content\/uploads\/2014\/04\/UNEN-2.jpg?resize=525%2C300 1.5x"},"classes":[]},{"id":43016,"url":"http:\/\/www.24baires.com\/?p=43016","url_meta":{"origin":70617,"position":1},"title":"El 22 de abril se lanza el &#8216;Frente Amplio UNEN&#8217; para el 2015","author":"Grupo Sierra","date":"29\/03\/2014","format":false,"excerpt":"CABA- As\u00ed lo indic\u00f3 el presidente del radicalismo, Ernesto Sanz, al tiempo que asegur\u00f3 que el pr\u00f3ximo 22 de abril, en el Teatro Broadway, se oficializar\u00e1 la coalici\u00f3n pol\u00edtico-partidaria que buscar\u00e1 la Presidencia para el 2015, frente a las distintas agrupaciones peronistas. \"Es un espacio con muy buenos protagonistas\", recalc\u00f3.\u2026","rel":"","context":"En \u00abPol\u00edtica\u00bb","block_context":{"text":"Pol\u00edtica","link":"http:\/\/www.24baires.com\/?cat=51"},"img":{"alt_text":"sanz ernesto","src":"https:\/\/i0.wp.com\/www.24baires.com\/wp-content\/uploads\/2013\/04\/sanz-ernesto-300x225.jpg?resize=350%2C200","width":350,"height":200},"classes":[]},{"id":45936,"url":"http:\/\/www.24baires.com\/?p=45936","url_meta":{"origin":70617,"position":2},"title":"Carri\u00f3 disip\u00f3 dudas: \u00abNo voy por la gobernaci\u00f3n\u00bb","author":"Grupo Sierra","date":"13\/05\/2014","format":false,"excerpt":"La diputada nacional de la Coalici\u00f3n C\u00edvica-ARI (CC-ARI) desestim\u00f3 esta opci\u00f3n, por no reunir los requisitos legales para serlo, aunque insisti\u00f3 que mantiene el \"sue\u00f1o\" de gobernar la provincia en el futuro. De esta manera, Carri\u00f3 puso punto final a las especulaciones que ella misma aliment\u00f3 en torno a su\u2026","rel":"","context":"En \u00abElecciones 2015\u00bb","block_context":{"text":"Elecciones 2015","link":"http:\/\/www.24baires.com\/?cat=74"},"img":{"alt_text":"carri\u00f3","src":"https:\/\/i0.wp.com\/www.24baires.com\/wp-content\/uploads\/2014\/04\/carri%C3%B3.jpg?resize=350%2C200","width":350,"height":200,"srcset":"https:\/\/i0.wp.com\/www.24baires.com\/wp-content\/uploads\/2014\/04\/carri%C3%B3.jpg?resize=350%2C200 1x, https:\/\/i0.wp.com\/www.24baires.com\/wp-content\/uploads\/2014\/04\/carri%C3%B3.jpg?resize=525%2C300 1.5x"},"classes":[]},{"id":75385,"url":"http:\/\/www.24baires.com\/?p=75385","url_meta":{"origin":70617,"position":3},"title":"Si gana, Macri nombrar\u00e1 a Prat-Gay en Econom\u00eda y a Frigerio en Interior","author":"AF","date":"21\/11\/2015","format":false,"excerpt":"El candidato a presidente de Cambiemos, Mauricio Macri, defini\u00f3 designar en caso de resultar electo, al ex diputado Alfonso Prat-Gay como Ministro de Econom\u00eda; a Rogelio Frigerio en la cartera de Interior y a Carolina Stanley al frente de Desarrollo Social, en tanto el Presidente de la UCR, Ernesto Sanz,\u2026","rel":"","context":"En \u00abElecciones 2015\u00bb","block_context":{"text":"Elecciones 2015","link":"http:\/\/www.24baires.com\/?cat=74"},"img":{"alt_text":"","src":"https:\/\/i0.wp.com\/www.24baires.com\/wp-content\/uploads\/2015\/11\/macri-prat-gay.jpg?resize=350%2C200","width":350,"height":200,"srcset":"https:\/\/i0.wp.com\/www.24baires.com\/wp-content\/uploads\/2015\/11\/macri-prat-gay.jpg?resize=350%2C200 1x, https:\/\/i0.wp.com\/www.24baires.com\/wp-content\/uploads\/2015\/11\/macri-prat-gay.jpg?resize=525%2C300 1.5x"},"classes":[]},{"id":44259,"url":"http:\/\/www.24baires.com\/?p=44259","url_meta":{"origin":70617,"position":4},"title":"Acuerdos y desacuerdos: el radicalismo \u00abse acercar\u00eda\u00bb a Macri en el 2015","author":"Grupo Sierra","date":"19\/04\/2014","format":false,"excerpt":"Desde el bloque contin\u00faa el romance con el PRO. Ernesto Sanz dijo que \"obviamente\" para ganar una segunda vuelta \"hay que hacer acuerdos\", mientras que Jos\u00e9 Cano habl\u00f3 de \"abrir el espacio UNEN a otras fuerzas pol\u00edticas\". Pero desde el macrismo explicaron que ese acuerdo \"depende de quienes lo impugnan\".\u2026","rel":"","context":"En \u00abPol\u00edtica\u00bb","block_context":{"text":"Pol\u00edtica","link":"http:\/\/www.24baires.com\/?cat=51"},"img":{"alt_text":"ucr","src":"https:\/\/i0.wp.com\/www.24baires.com\/wp-content\/uploads\/2013\/03\/ucr-300x190.jpg?resize=350%2C200","width":350,"height":200},"classes":[]},{"id":59513,"url":"http:\/\/www.24baires.com\/?p=59513","url_meta":{"origin":70617,"position":5},"title":"Binner lanza su campa\u00f1a presidencial este lunes en Mar del Plata","author":"Grupo Sierra","date":"03\/01\/2015","format":false,"excerpt":"Hermes Binner, diputado nacional, ex gobernador de la Provincia de Santa F\u00e9 y uno de los principales referentes del Partido Socialista y del Frente Amplio UNEN lanzar\u00e1 el lunes 5 de enero su carrera presidencial en Mar del Plata acompa\u00f1ado por sus principales aliados en el FAP UNEN: Margarita Stolbizer\u2026","rel":"","context":"En \u00abElecciones 2015\u00bb","block_context":{"text":"Elecciones 2015","link":"http:\/\/www.24baires.com\/?cat=74"},"img":{"alt_text":"binner","src":"https:\/\/i0.wp.com\/www.24baires.com\/wp-content\/uploads\/2014\/06\/binner.jpg?resize=350%2C200","width":350,"height":200,"srcset":"https:\/\/i0.wp.com\/www.24baires.com\/wp-content\/uploads\/2014\/06\/binner.jpg?resize=350%2C200 1x, https:\/\/i0.wp.com\/www.24baires.com\/wp-content\/uploads\/2014\/06\/binner.jpg?resize=525%2C300 1.5x"},"classes":[]}],"jetpack_sharing_enabled":true,"jetpack_likes_enabled":true,"jetpack_featured_media_url":"","_links":{"self":[{"href":"http:\/\/www.24baires.com\/index.php?rest_route=\/wp\/v2\/posts\/70617","targetHints":{"allow":["GET"]}}],"collection":[{"href":"http:\/\/www.24baires.com\/index.php?rest_route=\/wp\/v2\/posts"}],"about":[{"href":"http:\/\/www.24baires.com\/index.php?rest_route=\/wp\/v2\/types\/post"}],"author":[{"embeddable":true,"href":"http:\/\/www.24baires.com\/index.php?rest_route=\/wp\/v2\/users\/8"}],"replies":[{"embeddable":true,"href":"http:\/\/www.24baires.com\/index.php?rest_route=%2Fwp%2Fv2%2Fcomments&post=70617"}],"version-history":[{"count":1,"href":"http:\/\/www.24baires.com\/index.php?rest_route=\/wp\/v2\/posts\/70617\/revisions"}],"predecessor-version":[{"id":70618,"href":"http:\/\/www.24baires.com\/index.php?rest_route=\/wp\/v2\/posts\/70617\/revisions\/70618"}],"wp:attachment":[{"href":"http:\/\/www.24baires.com\/index.php?rest_route=%2Fwp%2Fv2%2Fmedia&parent=70617"}],"wp:term":[{"taxonomy":"category","embeddable":true,"href":"http:\/\/www.24baires.com\/index.php?rest_route=%2Fwp%2Fv2%2Fcategories&post=70617"},{"taxonomy":"post_tag","embeddable":true,"href":"http:\/\/www.24baires.com\/index.php?rest_route=%2Fwp%2Fv2%2Ftags&post=70617"}],"curies":[{"name":"wp","href":"https:\/\/api.w.org\/{rel}","templated":true}]}}