{"id":70606,"date":"2015-08-14T17:17:40","date_gmt":"2015-08-14T20:17:40","guid":{"rendered":"http:\/\/www.24baires.com\/?p=70606"},"modified":"2015-08-14T17:17:40","modified_gmt":"2015-08-14T20:17:40","slug":"hotesur-rafecas-ordeno-la-nulidad-de-las-pericias-contables-ordenadas-por-bonadio","status":"publish","type":"post","link":"http:\/\/www.24baires.com\/?p=70606","title":{"rendered":"Hotesur: Rafecas orden\u00f3 la nulidad de las pericias contables ordenadas por Bonadio"},"content":{"rendered":"<p><img data-recalc-dims=\"1\" loading=\"lazy\" decoding=\"async\" class=\"aligncenter size-full wp-image-62321\" src=\"https:\/\/i0.wp.com\/www.24baires.com\/wp-content\/uploads\/2015\/02\/rafecas.jpg?resize=560%2C373\" alt=\"rafecas\" width=\"560\" height=\"373\" srcset=\"https:\/\/i0.wp.com\/www.24baires.com\/wp-content\/uploads\/2015\/02\/rafecas.jpg?w=560 560w, https:\/\/i0.wp.com\/www.24baires.com\/wp-content\/uploads\/2015\/02\/rafecas.jpg?resize=300%2C200 300w\" sizes=\"auto, (max-width: 560px) 100vw, 560px\" \/>El juez federal Daniel Rafecas declar\u00f3 la nulidad de las pericias contables ordenadas por su par Claudio Bonadio antes de ser removido como instructor de ese sumario penal, a la vez que dict\u00f3 la validez de los allanamientos realizados en la causa Hotesur.<!--more--><\/p>\n<p>Rafecas tomo la decisi\u00f3n luego de que la Sala I de la C\u00e1mara Federal dispusiera que fuera el juez de primera instancia quien se expidiera en primer t\u00e9rmino sobre las nulidades planteadas.<\/p>\n<p>En otra resoluci\u00f3n, Rafecas rechaz\u00f3 que la diputada nacional y candidata a presidente de la naci\u00f3n Margarita Stolbizer, act\u00fae como querellante.<\/p>\n<p>Rafecas dispuso la nulidad de la designaci\u00f3n de tres integrantes del cuerpo de Peritos Contadores Oficiales de la Corte Suprema y la aceptaci\u00f3n del cargo por parte de estos para realizar la pericia contable ordenada por Bonadio.<\/p>\n<p>Tambi\u00e9n declar\u00f3 la nulidad del pedido presentado por los peritos contadores oficiales en el que requieren informaci\u00f3n para llevar a cabo el estudio ordenado y anulado.<\/p>\n<p>\u201cEllo as\u00ed -justific\u00f3 Rafecas- toda vez que los actos procesales precedentemente enumerados resultan ser consecuencia directa, exclusiva e ineludible de lo dispuesto por el doctor Bonadio\u201d en la resoluci\u00f3n luego declarada nula por la Sala I de la C\u00e1mara.<\/p>\n<p>\u201cSin la existencia previa de este auto, los actos aqu\u00ed declarados nulos, no tendr\u00edan existencia por ninguna otra v\u00eda\u201d, se\u00f1al\u00f3 Rafecas.<\/p>\n<p>Agreg\u00f3 que \u201cal decidir el Superior (la C\u00e1mara) que la solicitud de designar a un equipo de colaboradores contables es nula, todo aquello que se relacione directa y exclusivamente con ello, as\u00ed como el accionar de quienes en consecuencia de dicha petici\u00f3n se hayan designado, deviene necesaria e ineludiblemente nulo\u201d.<\/p>\n<p>Rafecas justific\u00f3, en cambio, las \u201c\u00f3rdenes de presentaci\u00f3n\u201d que dispusieron la obtenci\u00f3n de documentaci\u00f3n y libros contables en domicilios de diversas personas f\u00edsicas y jur\u00eddicas relacionadas con el objeto de la causa, \u201chabida cuenta que su motivaci\u00f3n y fundamentaci\u00f3n est\u00e1 sustentada en un cauce principal independiente\u201d.<\/p>\n<p>Rafecas record\u00f3 que Bonadio, \u201cdesde las primeras actuaciones en esta causa, apel\u00f3 al recurso de disponer \u00f3rdenes de presentaci\u00f3n, siempre con el auxilio de la Polic\u00eda Metropolitana\u201d y a oficios y requerimientos a entidades p\u00fablicas y privadas en forma permanente, \u00absiempre en pos de hacerse de documentaci\u00f3n que, seg\u00fan su criterio, resultaba de relevancia para la investigaci\u00f3n\u201d.<\/p>\n<p>Para Rafecas, \u201cla incorporaci\u00f3n al proceso de documentaci\u00f3n, registros y libros contables\u201d apunta al esclarecimiento de la verdad, y no fue cuestionada por la fiscal\u00eda ni las defensas de los imputados.<\/p>\n","protected":false},"excerpt":{"rendered":"<p>El juez federal Daniel Rafecas declar\u00f3 la nulidad de las pericias contables ordenadas por su par Claudio Bonadio antes de ser removido como instructor de ese sumario penal, a la vez que dict\u00f3 la validez de los allanamientos realizados en la causa Hotesur.<\/p>\n","protected":false},"author":8,"featured_media":0,"comment_status":"open","ping_status":"open","sticky":false,"template":"","format":"standard","meta":{"_jetpack_newsletter_access":"","_jetpack_dont_email_post_to_subs":false,"_jetpack_newsletter_tier_id":0,"_jetpack_memberships_contains_paywalled_content":false,"_jetpack_memberships_contains_paid_content":false,"footnotes":""},"categories":[51],"tags":[],"class_list":["post-70606","post","type-post","status-publish","format-standard","hentry","category-politica"],"jetpack_shortlink":"https:\/\/wp.me\/p2JWE0-imO","jetpack-related-posts":[{"id":86780,"url":"http:\/\/www.24baires.com\/?p=86780","url_meta":{"origin":70606,"position":0},"title":"Rafecas asegura que \u00abfaltan pruebas\u00bb para reabrir la causa de Nisman contra CFK","author":"AF","date":"26\/08\/2016","format":false,"excerpt":"El juez federal Rafecas sostuvo que su par Bonadio puede reabrir s\u00f3lo \"a partir de nuevas pruebas\" la causa por la denuncia que el fallecido fiscal impuls\u00f3 contra la ex presidenta por supuesto encubrimiento de los iran\u00edes acusados por el atentado a la AMIA. \"Lo que no podr\u00eda hacer otro\u2026","rel":"","context":"En \u00abJUDICIALES\u00bb","block_context":{"text":"JUDICIALES","link":"http:\/\/www.24baires.com\/?cat=68"},"img":{"alt_text":"nisman","src":"https:\/\/i0.wp.com\/www.24baires.com\/wp-content\/uploads\/2015\/07\/nisman.jpg?resize=350%2C200","width":350,"height":200,"srcset":"https:\/\/i0.wp.com\/www.24baires.com\/wp-content\/uploads\/2015\/07\/nisman.jpg?resize=350%2C200 1x, https:\/\/i0.wp.com\/www.24baires.com\/wp-content\/uploads\/2015\/07\/nisman.jpg?resize=525%2C300 1.5x"},"classes":[]},{"id":69163,"url":"http:\/\/www.24baires.com\/?p=69163","url_meta":{"origin":70606,"position":1},"title":"Hotesur: La C\u00e1mara Federal porte\u00f1a apart\u00f3 por mal desempe\u00f1o al juez Bonadio","author":"Grupo Sierra","date":"16\/07\/2015","format":false,"excerpt":"La sala I de la C\u00e1mara Federal porte\u00f1a apart\u00f3 esta tarde al juez federal Claudio Bonadio de la causa Hotesur, al resolver un planteo de nulidad hecho por la defensa de una de las imputadas, Romina Mercado. La sala I de la C\u00e1mara Federal porte\u00f1a apart\u00f3 esta tarde al juez\u2026","rel":"","context":"En \u00abJUDICIALES\u00bb","block_context":{"text":"JUDICIALES","link":"http:\/\/www.24baires.com\/?cat=68"},"img":{"alt_text":"","src":"","width":0,"height":0},"classes":[]},{"id":76937,"url":"http:\/\/www.24baires.com\/?p=76937","url_meta":{"origin":70606,"position":2},"title":"Rafecas qued\u00f3 a cargo de la causa contra Sabbatella por \u00ababuso de poder\u00bb","author":"GB","date":"28\/12\/2015","format":false,"excerpt":"La causa fue enviada a sorteo este mediod\u00eda por el magistrado que intervino la semana pasada y que orden\u00f3 las primeras medidas, entre ellas el desalojo del edificio del organismo. Rafecas qued\u00f3 a cargo de la causa penal abierta al ex titular de la Autoridad Federal de Servicios de Comunicaci\u00f3n\u2026","rel":"","context":"En \u00abPol\u00edtica\u00bb","block_context":{"text":"Pol\u00edtica","link":"http:\/\/www.24baires.com\/?cat=51"},"img":{"alt_text":"rafecas","src":"https:\/\/i0.wp.com\/www.24baires.com\/wp-content\/uploads\/2015\/02\/rafecas.jpg?resize=350%2C200","width":350,"height":200,"srcset":"https:\/\/i0.wp.com\/www.24baires.com\/wp-content\/uploads\/2015\/02\/rafecas.jpg?resize=350%2C200 1x, https:\/\/i0.wp.com\/www.24baires.com\/wp-content\/uploads\/2015\/02\/rafecas.jpg?resize=525%2C300 1.5x"},"classes":[]},{"id":111995,"url":"http:\/\/www.24baires.com\/?p=111995","url_meta":{"origin":70606,"position":3},"title":"Buscan establecer si la quita de deuda al Correo de Macri fue abusiva","author":"AF","date":"09\/09\/2019","format":false,"excerpt":"La fiscal Boqu\u00edn denunci\u00f3 que el gobierno de Macri intent\u00f3 condonar una deuda que la familia presidencial mantiene desde 2001 con el Estado argentino y que al d\u00eda de hoy supera los 70 mil millones de pesos. El juez federal Ariel Lijo orden\u00f3 este lunes la realizaci\u00f3n de un peritaje\u2026","rel":"","context":"En \u00abJUDICIALES\u00bb","block_context":{"text":"JUDICIALES","link":"http:\/\/www.24baires.com\/?cat=68"},"img":{"alt_text":"","src":"https:\/\/i0.wp.com\/www.24baires.com\/wp-content\/uploads\/2019\/08\/macri.png?resize=350%2C200","width":350,"height":200,"srcset":"https:\/\/i0.wp.com\/www.24baires.com\/wp-content\/uploads\/2019\/08\/macri.png?resize=350%2C200 1x, https:\/\/i0.wp.com\/www.24baires.com\/wp-content\/uploads\/2019\/08\/macri.png?resize=525%2C300 1.5x"},"classes":[]},{"id":111120,"url":"http:\/\/www.24baires.com\/?p=111120","url_meta":{"origin":70606,"position":4},"title":"Alberto Fern\u00e1ndez declar\u00f3 en la causa por el memor\u00e1ndum con Ir\u00e1n","author":"GB","date":"10\/07\/2019","format":false,"excerpt":"El precandidato a presidente por el Frente de Todos cuestion\u00f3 su citaci\u00f3n y recomend\u00f3 a la querella repasar el Derecho Procesal. \"Alguien que opina no es un testigo\", se\u00f1al\u00f3. El precandidato a presidente por el Frente de Todos, Alberto Fern\u00e1ndez, declar\u00f3 este mi\u00e9rcoles en los tribunales de Comodoro Py en\u2026","rel":"","context":"En \u00abPol\u00edtica\u00bb","block_context":{"text":"Pol\u00edtica","link":"http:\/\/www.24baires.com\/?cat=51"},"img":{"alt_text":"","src":"https:\/\/i0.wp.com\/www.24baires.com\/wp-content\/uploads\/2019\/05\/alberto-fernandez.jpg?resize=350%2C200","width":350,"height":200,"srcset":"https:\/\/i0.wp.com\/www.24baires.com\/wp-content\/uploads\/2019\/05\/alberto-fernandez.jpg?resize=350%2C200 1x, https:\/\/i0.wp.com\/www.24baires.com\/wp-content\/uploads\/2019\/05\/alberto-fernandez.jpg?resize=525%2C300 1.5x"},"classes":[]},{"id":56612,"url":"http:\/\/www.24baires.com\/?p=56612","url_meta":{"origin":70606,"position":5},"title":"La Justicia imput\u00f3 a los directivos de la imprenta Donnelley","author":"GB","date":"05\/11\/2014","format":false,"excerpt":"A partir de la denuncia, el fiscal Patricio Evers se present\u00f3 ante el juez Rafecas impulsando la acci\u00f3n penal. Adem\u00e1s, orden\u00f3 al Banco Central que informe el estado de las cuentas bancarias de la empresa. Seg\u00fan un fallo al que tuvo acceso T\u00e9lam, a partir de la denuncia penal de\u2026","rel":"","context":"En \u00abJUDICIALES\u00bb","block_context":{"text":"JUDICIALES","link":"http:\/\/www.24baires.com\/?cat=68"},"img":{"alt_text":"donnelly","src":"https:\/\/i0.wp.com\/www.24baires.com\/wp-content\/uploads\/2014\/08\/donnelly.jpg?resize=350%2C200","width":350,"height":200,"srcset":"https:\/\/i0.wp.com\/www.24baires.com\/wp-content\/uploads\/2014\/08\/donnelly.jpg?resize=350%2C200 1x, https:\/\/i0.wp.com\/www.24baires.com\/wp-content\/uploads\/2014\/08\/donnelly.jpg?resize=525%2C300 1.5x"},"classes":[]}],"jetpack_sharing_enabled":true,"jetpack_likes_enabled":true,"jetpack_featured_media_url":"","_links":{"self":[{"href":"http:\/\/www.24baires.com\/index.php?rest_route=\/wp\/v2\/posts\/70606","targetHints":{"allow":["GET"]}}],"collection":[{"href":"http:\/\/www.24baires.com\/index.php?rest_route=\/wp\/v2\/posts"}],"about":[{"href":"http:\/\/www.24baires.com\/index.php?rest_route=\/wp\/v2\/types\/post"}],"author":[{"embeddable":true,"href":"http:\/\/www.24baires.com\/index.php?rest_route=\/wp\/v2\/users\/8"}],"replies":[{"embeddable":true,"href":"http:\/\/www.24baires.com\/index.php?rest_route=%2Fwp%2Fv2%2Fcomments&post=70606"}],"version-history":[{"count":1,"href":"http:\/\/www.24baires.com\/index.php?rest_route=\/wp\/v2\/posts\/70606\/revisions"}],"predecessor-version":[{"id":70607,"href":"http:\/\/www.24baires.com\/index.php?rest_route=\/wp\/v2\/posts\/70606\/revisions\/70607"}],"wp:attachment":[{"href":"http:\/\/www.24baires.com\/index.php?rest_route=%2Fwp%2Fv2%2Fmedia&parent=70606"}],"wp:term":[{"taxonomy":"category","embeddable":true,"href":"http:\/\/www.24baires.com\/index.php?rest_route=%2Fwp%2Fv2%2Fcategories&post=70606"},{"taxonomy":"post_tag","embeddable":true,"href":"http:\/\/www.24baires.com\/index.php?rest_route=%2Fwp%2Fv2%2Ftags&post=70606"}],"curies":[{"name":"wp","href":"https:\/\/api.w.org\/{rel}","templated":true}]}}