{"id":70600,"date":"2015-08-14T16:24:34","date_gmt":"2015-08-14T19:24:34","guid":{"rendered":"http:\/\/www.24baires.com\/?p=70600"},"modified":"2015-08-15T11:01:26","modified_gmt":"2015-08-15T14:01:26","slug":"mientras-haya-un-evacuado-vamos-a-seguir-trabajando-arduamente","status":"publish","type":"post","link":"http:\/\/www.24baires.com\/?p=70600","title":{"rendered":"\u201cMientras haya un evacuado vamos a seguir trabajando arduamente\u201d"},"content":{"rendered":"<p><img data-recalc-dims=\"1\" loading=\"lazy\" decoding=\"async\" class=\"aligncenter size-full wp-image-70603\" src=\"https:\/\/i0.wp.com\/www.24baires.com\/wp-content\/uploads\/2015\/08\/Scioli-inundaciones.jpg?resize=560%2C373\" alt=\"Scioli inundaciones\" width=\"560\" height=\"373\" srcset=\"https:\/\/i0.wp.com\/www.24baires.com\/wp-content\/uploads\/2015\/08\/Scioli-inundaciones.jpg?w=560 560w, https:\/\/i0.wp.com\/www.24baires.com\/wp-content\/uploads\/2015\/08\/Scioli-inundaciones.jpg?resize=300%2C200 300w\" sizes=\"auto, (max-width: 560px) 100vw, 560px\" \/>Lo afirm\u00f3 el gobernador bonaerense y candidato presidencial al supervisar el operativo de asistencia a los afectados por el temporal en Salto. \u201cQuiero transmitir tranquilidad a los vecinos porque tenemos actuando a todo el Comit\u00e9 de Emergencia provincial y nacional\u00bb, dijo.<!--more--><\/p>\n<p>El gobernador de Buenos Aires, Daniel Scioli, supervis\u00f3 en Salto el operativo de asistencia a los damnificados por el temporal y asegur\u00f3 que quiere \u201ctransmitir tranquilidad a los vecinos, porque tenemos actuando a todo el Comit\u00e9 de Emergencia provincial y nacional, y ahora la prioridad es la vuelta a casa y que la gente recupere lo que ha perdido\u201d.<\/p>\n<p>\u201cEstamos abocados a la organizaci\u00f3n de la vuelta a casa de las familias y a la cuesti\u00f3n sanitaria\u201d, insisti\u00f3 el Gobernador, tras remarcar que \u201csi no se hubiesen realizado obras, estar\u00edamos hablando de una situaci\u00f3n mucho m\u00e1s dram\u00e1tica y distinta; ahora esto no conforma y mientras haya un evacuado vamos a seguir trabajando arduamente\u201d.<\/p>\n<p>Acompa\u00f1ado por el ministro de Desarrollo Social, Eduardo Aparicio, Scioli afirm\u00f3: \u201cVamos a estar con cada vecino, cada familia, escuchando su situaci\u00f3n particular y dando una respuesta integral\u00bb, al recorrer los centros de evacuados del municipio de Salto.<\/p>\n<p>\u201cTengan la tranquilidad de que le vamos a reponer lo perdido\u201d, sostuvo al conversar con familiares damnificados, y precis\u00f3 que el gobierno est\u00e1 \u201chaciendo un relevamiento de toda la cuenca del Luj\u00e1n, Areco, Salto y en primer lugar, de acuerdo a lo previsto, el agua est\u00e1 descendiendo\u201d.<\/p>\n<p>\u201cTenemos una amplia diversidad de recursos y de asistencias de todo tipo, que vamos a ir dando\u201d a los afectados, agreg\u00f3 acompa\u00f1ado por el secretario de Seguridad de la Naci\u00f3n, Sergio Berni y el intendente Oscar Brasca.<\/p>\n<p>Asimismo, record\u00f3 que \u201clas medidas anunciadas a nivel nacional, como el aumento en pensiones, jubilaciones, en la Asignaci\u00f3n Universal por Hijo, a los j\u00f3venes a trav\u00e9s del Programa Progresar, y en la Provincia con subsidios directos y la exenci\u00f3n de impuestos\u201d.<\/p>\n<p>En este marco, el mandatario provincial agradeci\u00f3 \u201cmuy especialmente a los bomberos la tarea que han llevado adelante con esa solidaridad que los caracteriza, conjuntamente con la ciudadan\u00eda a trav\u00e9s de distintas organizaciones que han contribuido en esta primer etapa a paliar las consecuencias de este temporal\u201d.<\/p>\n","protected":false},"excerpt":{"rendered":"<p>Lo afirm\u00f3 el gobernador bonaerense y candidato presidencial al supervisar el operativo de asistencia a los afectados por el temporal en Salto. \u201cQuiero transmitir tranquilidad a los vecinos porque tenemos actuando a todo el Comit\u00e9 de Emergencia provincial y nacional\u00bb, dijo.<\/p>\n","protected":false},"author":8,"featured_media":0,"comment_status":"open","ping_status":"open","sticky":false,"template":"","format":"standard","meta":{"_jetpack_newsletter_access":"","_jetpack_dont_email_post_to_subs":false,"_jetpack_newsletter_tier_id":0,"_jetpack_memberships_contains_paywalled_content":false,"_jetpack_memberships_contains_paid_content":false,"footnotes":""},"categories":[51],"tags":[],"class_list":["post-70600","post","type-post","status-publish","format-standard","hentry","category-politica"],"jetpack_shortlink":"https:\/\/wp.me\/p2JWE0-imI","jetpack-related-posts":[{"id":91141,"url":"http:\/\/www.24baires.com\/?p=91141","url_meta":{"origin":70600,"position":0},"title":"Contin\u00faa la asistencia a v\u00edctimas de inundaciones","author":"AF","date":"28\/12\/2016","format":false,"excerpt":"El Gobierno de la Provincia de Buenos Aires, a trav\u00e9s de los ministerios de Desarrollo Social, Infraestructura y Salud, contin\u00faa con el amplio operativo de asistencia en los municipios que fueron afectados por las inundaciones. El \u00e1rea de Emergencias del Ministerio de Desarrollo Social entregar\u00e1 hoy 750 colchones, almohadas, frazadas,\u2026","rel":"","context":"En \u00abSociedad\u00bb","block_context":{"text":"Sociedad","link":"http:\/\/www.24baires.com\/?cat=1"},"img":{"alt_text":"","src":"https:\/\/i0.wp.com\/www.24baires.com\/wp-content\/uploads\/2016\/04\/inundaciones-entre-rios.jpg?resize=350%2C200","width":350,"height":200,"srcset":"https:\/\/i0.wp.com\/www.24baires.com\/wp-content\/uploads\/2016\/04\/inundaciones-entre-rios.jpg?resize=350%2C200 1x, https:\/\/i0.wp.com\/www.24baires.com\/wp-content\/uploads\/2016\/04\/inundaciones-entre-rios.jpg?resize=525%2C300 1.5x"},"classes":[]},{"id":114604,"url":"http:\/\/www.24baires.com\/?p=114604","url_meta":{"origin":70600,"position":1},"title":"Kicillof pidi\u00f3 \u00abseguir trabajando en forma coordinada con Naci\u00f3n y los municipios\u00bb","author":"AF","date":"03\/04\/2020","format":false,"excerpt":"El mandatario bonaerense visit\u00f3 los Comit\u00e9s Operativos de Emergencia (COE) de Mor\u00f3n, Ituzaing\u00f3, San Miguel y Hurlingham. Este viernes, Axel Kicillof desembarc\u00f3 una vez m\u00e1s en el Conurbano bonaerense para seguir recorriendo los Comit\u00e9s Operativos de Emergencia (COE) en el marco de las medidas de coordinaci\u00f3n que viene realizando la\u2026","rel":"","context":"En \u00abProvincia\u00bb","block_context":{"text":"Provincia","link":"http:\/\/www.24baires.com\/?cat=40"},"img":{"alt_text":"","src":"https:\/\/i0.wp.com\/www.24baires.com\/wp-content\/uploads\/2020\/04\/kiciloff.jpg?resize=350%2C200","width":350,"height":200,"srcset":"https:\/\/i0.wp.com\/www.24baires.com\/wp-content\/uploads\/2020\/04\/kiciloff.jpg?resize=350%2C200 1x, https:\/\/i0.wp.com\/www.24baires.com\/wp-content\/uploads\/2020\/04\/kiciloff.jpg?resize=525%2C300 1.5x"},"classes":[]},{"id":122284,"url":"http:\/\/www.24baires.com\/?p=122284","url_meta":{"origin":70600,"position":2},"title":"Kicillof encabeza la coordinaci\u00f3n de emergencia por el temporal en Buenos Aires","author":"GB","date":"19\/05\/2025","format":false,"excerpt":"El mandatario recorri\u00f3 las zonas afectadas luego de encabezar la reuni\u00f3n de emergencia. El gobernador Axel Kicillof recorri\u00f3 las zonas m\u00e1s afectadas por el temporal que azot\u00f3 a la provincia en las \u00faltimas jornadas. En ese marco, el mandatario se traslad\u00f3 hacia los municipios de San Antonio de Areco y\u2026","rel":"","context":"En \u00abProvincia\u00bb","block_context":{"text":"Provincia","link":"http:\/\/www.24baires.com\/?cat=40"},"img":{"alt_text":"","src":"https:\/\/i0.wp.com\/www.24baires.com\/wp-content\/uploads\/2025\/05\/kici-penal.webp?resize=350%2C200","width":350,"height":200,"srcset":"https:\/\/i0.wp.com\/www.24baires.com\/wp-content\/uploads\/2025\/05\/kici-penal.webp?resize=350%2C200 1x, https:\/\/i0.wp.com\/www.24baires.com\/wp-content\/uploads\/2025\/05\/kici-penal.webp?resize=525%2C300 1.5x, https:\/\/i0.wp.com\/www.24baires.com\/wp-content\/uploads\/2025\/05\/kici-penal.webp?resize=700%2C400 2x"},"classes":[]},{"id":122686,"url":"http:\/\/www.24baires.com\/?p=122686","url_meta":{"origin":70600,"position":3},"title":"Provincia y el municipio de Bol\u00edvar desplegaron un operativo de emergencia tras el fuerte temporal","author":"GB","date":"05\/11\/2025","format":false,"excerpt":"La tormenta golpe\u00f3 con dureza y dej\u00f3 la ciudad en condiciones cr\u00edticas. Desde temprano, el gobierno bonaerense y el municipio articulan la asistencia para atender los da\u00f1os y acompa\u00f1ar a las familias. La localidad de Bol\u00edvar se vi\u00f3 afectada por un temporal que dej\u00f3 a la ciudad en graves condiciones.\u2026","rel":"","context":"En \u00abProvincia\u00bb","block_context":{"text":"Provincia","link":"http:\/\/www.24baires.com\/?cat=40"},"img":{"alt_text":"","src":"https:\/\/i0.wp.com\/www.24baires.com\/wp-content\/uploads\/2025\/11\/bolivar-ayuda.webp?resize=350%2C200","width":350,"height":200,"srcset":"https:\/\/i0.wp.com\/www.24baires.com\/wp-content\/uploads\/2025\/11\/bolivar-ayuda.webp?resize=350%2C200 1x, https:\/\/i0.wp.com\/www.24baires.com\/wp-content\/uploads\/2025\/11\/bolivar-ayuda.webp?resize=525%2C300 1.5x, https:\/\/i0.wp.com\/www.24baires.com\/wp-content\/uploads\/2025\/11\/bolivar-ayuda.webp?resize=700%2C400 2x"},"classes":[]},{"id":91104,"url":"http:\/\/www.24baires.com\/?p=91104","url_meta":{"origin":70600,"position":4},"title":"Provincia reparte colchones y alimentos a los municipios que est\u00e1n bajo el agua","author":"GB","date":"27\/12\/2016","format":false,"excerpt":"Tras la visita de la Gobernadora a la zona afectada, se orden\u00f3 el env\u00edo de provisiones a las localidades m\u00e1s afectadas. Arrecifes, Ramallo, San Nic\u00f3las, San Pedro y Col\u00f3n forman parte de la lista. El gobierno bonaerense despleg\u00f3 un amplio operativo para asistir a los municipios afectados por las inundaciones\u2026","rel":"","context":"En \u00abProvincia\u00bb","block_context":{"text":"Provincia","link":"http:\/\/www.24baires.com\/?cat=40"},"img":{"alt_text":"","src":"https:\/\/i0.wp.com\/www.24baires.com\/wp-content\/uploads\/2016\/12\/vidall.jpg?resize=350%2C200","width":350,"height":200,"srcset":"https:\/\/i0.wp.com\/www.24baires.com\/wp-content\/uploads\/2016\/12\/vidall.jpg?resize=350%2C200 1x, https:\/\/i0.wp.com\/www.24baires.com\/wp-content\/uploads\/2016\/12\/vidall.jpg?resize=525%2C300 1.5x"},"classes":[]},{"id":101887,"url":"http:\/\/www.24baires.com\/?p=101887","url_meta":{"origin":70600,"position":5},"title":"Vidal supervis\u00f3 los operativos en las zonas m\u00e1s castigadas del Conurbano por el temporal","author":"GB","date":"30\/04\/2018","format":false,"excerpt":"La Gobernadora visit\u00f3 un centro de evacuados en PIlar y m\u00e1s tarde estuvo en el Centro de Monitoreo de Tres de Febrero. Son dos de los municipios que m\u00e1s padecieron las consecuencias de las tormentas del fin de semana. La gobernadora Mar\u00eda Eugenia Vidal, visit\u00f3 durante la tarde de ayer\u2026","rel":"","context":"En \u00abProvincia\u00bb","block_context":{"text":"Provincia","link":"http:\/\/www.24baires.com\/?cat=40"},"img":{"alt_text":"","src":"https:\/\/i0.wp.com\/www.24baires.com\/wp-content\/uploads\/2018\/04\/e.jpeg?resize=350%2C200","width":350,"height":200,"srcset":"https:\/\/i0.wp.com\/www.24baires.com\/wp-content\/uploads\/2018\/04\/e.jpeg?resize=350%2C200 1x, https:\/\/i0.wp.com\/www.24baires.com\/wp-content\/uploads\/2018\/04\/e.jpeg?resize=525%2C300 1.5x"},"classes":[]}],"jetpack_sharing_enabled":true,"jetpack_likes_enabled":true,"jetpack_featured_media_url":"","_links":{"self":[{"href":"http:\/\/www.24baires.com\/index.php?rest_route=\/wp\/v2\/posts\/70600","targetHints":{"allow":["GET"]}}],"collection":[{"href":"http:\/\/www.24baires.com\/index.php?rest_route=\/wp\/v2\/posts"}],"about":[{"href":"http:\/\/www.24baires.com\/index.php?rest_route=\/wp\/v2\/types\/post"}],"author":[{"embeddable":true,"href":"http:\/\/www.24baires.com\/index.php?rest_route=\/wp\/v2\/users\/8"}],"replies":[{"embeddable":true,"href":"http:\/\/www.24baires.com\/index.php?rest_route=%2Fwp%2Fv2%2Fcomments&post=70600"}],"version-history":[{"count":2,"href":"http:\/\/www.24baires.com\/index.php?rest_route=\/wp\/v2\/posts\/70600\/revisions"}],"predecessor-version":[{"id":70604,"href":"http:\/\/www.24baires.com\/index.php?rest_route=\/wp\/v2\/posts\/70600\/revisions\/70604"}],"wp:attachment":[{"href":"http:\/\/www.24baires.com\/index.php?rest_route=%2Fwp%2Fv2%2Fmedia&parent=70600"}],"wp:term":[{"taxonomy":"category","embeddable":true,"href":"http:\/\/www.24baires.com\/index.php?rest_route=%2Fwp%2Fv2%2Fcategories&post=70600"},{"taxonomy":"post_tag","embeddable":true,"href":"http:\/\/www.24baires.com\/index.php?rest_route=%2Fwp%2Fv2%2Ftags&post=70600"}],"curies":[{"name":"wp","href":"https:\/\/api.w.org\/{rel}","templated":true}]}}