{"id":70590,"date":"2015-08-14T13:14:43","date_gmt":"2015-08-14T16:14:43","guid":{"rendered":"http:\/\/www.24baires.com\/?p=70590"},"modified":"2015-08-14T13:14:43","modified_gmt":"2015-08-14T16:14:43","slug":"macri-necesita-que-el-central-acompane-al-sector-economico-concentrado-en-sus-negocios","status":"publish","type":"post","link":"http:\/\/www.24baires.com\/?p=70590","title":{"rendered":"\u00abMacri necesita que el Central acompa\u00f1e al sector econ\u00f3mico concentrado en sus negocios\u00bb"},"content":{"rendered":"<p><img data-recalc-dims=\"1\" loading=\"lazy\" decoding=\"async\" class=\"aligncenter size-full wp-image-45275\" src=\"https:\/\/i0.wp.com\/www.24baires.com\/wp-content\/uploads\/2014\/05\/macri-nazi.jpg?resize=560%2C420\" alt=\"macri nazi\" width=\"560\" height=\"420\" srcset=\"https:\/\/i0.wp.com\/www.24baires.com\/wp-content\/uploads\/2014\/05\/macri-nazi.jpg?w=560 560w, https:\/\/i0.wp.com\/www.24baires.com\/wp-content\/uploads\/2014\/05\/macri-nazi.jpg?resize=300%2C225 300w\" sizes=\"auto, (max-width: 560px) 100vw, 560px\" \/>Lo manifest\u00f3 el economista de La Gran Makro Agust\u00edn D&#8217;Attellis, en declaraciones radiales, quien tambi\u00e9n expres\u00f3 que \u00ablas declaraciones de Macri\u00bb no lo sorprenden porque \u00abest\u00e1 convencido del funcionamiento del libre mercado\u00bb.<!--more--><\/p>\n<p>El economista de La Gran Makro Agust\u00edn D&#8217;Attellis sostuvo que el jefe de Gobierno porte\u00f1o y candidato a presidente por Cambiemos, Mauricio Macri, \u00abnecesita que el Banco Central acompa\u00f1e al sector econ\u00f3mico concentrado, para llevar adelante sus negocios\u00bb, y consider\u00f3 que por eso pidi\u00f3 la renuncia del titular del Banco Central, Alejandro Vanoli, en caso de ganar las elecciones.<\/p>\n<p>\u00abLas declaraciones de Macri no sorprenden porque est\u00e1 convencido del funcionamiento del libre mercado. Con estas declaraciones en reuniones evidencia lo que \u00e9l realmente cree\u00bb, indic\u00f3 D&#8217;Attellis a radio Nacional Rock, sobre la participaci\u00f3n del jefe de Gobierno porte\u00f1o en el almuerzo del Consejo Interamericano de Comercio y Producci\u00f3n, donde advirti\u00f3 que en caso de ser electo presidente<\/p>\n<p>\u00abVanoli deber\u00e1 presentar la renuncia, es claramente un militante\u00bb.<\/p>\n<p>Al respecto, el economista subray\u00f3 que \u00abMacri desconoce el funcionamiento de la Econom\u00eda y el Banco Central\u00bb, y evalu\u00f3 que \u00abes un hecho grave en s\u00ed mismo que salga a pedir la renuncia del presidente del Banco Central\u00bb.<\/p>\n<p>Afirm\u00f3 que \u00abla intervenci\u00f3n del Bcra es fundamental en el mercado cambiario\u00bb, por lo cual consider\u00f3 que \u00abplantear que est\u00e1 mal es una locura y preocupa\u00bb.<\/p>\n<p>\u00abMacri pretende la presencia de un tecn\u00f3crata al frente del Bcra. Macri quiere alguien que represente al sector econ\u00f3mico financiero concentrado, que necesita que el Bcra lo acompa\u00f1e para llevar adelante sus negocios\u00bb, puntualiz\u00f3 D&#8217;Attellis.<\/p>\n","protected":false},"excerpt":{"rendered":"<p>Lo manifest\u00f3 el economista de La Gran Makro Agust\u00edn D&#8217;Attellis, en declaraciones radiales, quien tambi\u00e9n expres\u00f3 que \u00ablas declaraciones de Macri\u00bb no lo sorprenden porque \u00abest\u00e1 convencido del funcionamiento del libre mercado\u00bb.<\/p>\n","protected":false},"author":4,"featured_media":0,"comment_status":"open","ping_status":"open","sticky":false,"template":"","format":"standard","meta":{"_jetpack_newsletter_access":"","_jetpack_dont_email_post_to_subs":false,"_jetpack_newsletter_tier_id":0,"_jetpack_memberships_contains_paywalled_content":false,"_jetpack_memberships_contains_paid_content":false,"footnotes":""},"categories":[51],"tags":[],"class_list":["post-70590","post","type-post","status-publish","format-standard","hentry","category-politica"],"jetpack_shortlink":"https:\/\/wp.me\/p2JWE0-imy","jetpack-related-posts":[{"id":111666,"url":"http:\/\/www.24baires.com\/?p=111666","url_meta":{"origin":70590,"position":0},"title":"Redrado acus\u00f3 a Macri por no frenar la suba del d\u00f3lar","author":"GB","date":"16\/08\/2019","format":false,"excerpt":"El economista y ex titular del Banco Central responsabiliz\u00f3 a Macri y Guido Sandleris por la devaluaci\u00f3n. El economista Mart\u00edn Redrado critic\u00f3 al gobierno por la serie de medidas econ\u00f3micas anunciadas esta semana con el objetivo de \u201caliviar\u201d el impacto de la crisis que provocar\u00e1 la devaluaci\u00f3n cercana al 30\u2026","rel":"","context":"En \u00abPol\u00edtica\u00bb","block_context":{"text":"Pol\u00edtica","link":"http:\/\/www.24baires.com\/?cat=51"},"img":{"alt_text":"","src":"https:\/\/i0.wp.com\/www.24baires.com\/wp-content\/uploads\/2015\/10\/redrado.jpg?resize=350%2C200","width":350,"height":200,"srcset":"https:\/\/i0.wp.com\/www.24baires.com\/wp-content\/uploads\/2015\/10\/redrado.jpg?resize=350%2C200 1x, https:\/\/i0.wp.com\/www.24baires.com\/wp-content\/uploads\/2015\/10\/redrado.jpg?resize=525%2C300 1.5x"},"classes":[]},{"id":106877,"url":"http:\/\/www.24baires.com\/?p=106877","url_meta":{"origin":70590,"position":1},"title":"\u00abEl d\u00f3lar va a estar a 50 pesos, el factor desestabilizador se llama Mauricio Macri\u00bb","author":"AF","date":"17\/02\/2019","format":false,"excerpt":"Aldo Pignanellli anticipa una \"crisis profunda\". Responsabiliza al Presidente por el fracaso del plan econ\u00f3mico. El ex director del Banco Central Aldo Pignanelli anticip\u00f3 que el d\u00f3lar \u201cno va a bajar de $50\u201d a fin de a\u00f1o y apunt\u00f3 contra el presidente Mauricio Macri como responsable del fracaso del modelo\u2026","rel":"","context":"En \u00abEconom\u00eda\u00bb","block_context":{"text":"Econom\u00eda","link":"http:\/\/www.24baires.com\/?cat=45"},"img":{"alt_text":"","src":"https:\/\/i0.wp.com\/www.24baires.com\/wp-content\/uploads\/2018\/04\/d%C3%B3lar.jpg?resize=350%2C200","width":350,"height":200,"srcset":"https:\/\/i0.wp.com\/www.24baires.com\/wp-content\/uploads\/2018\/04\/d%C3%B3lar.jpg?resize=350%2C200 1x, https:\/\/i0.wp.com\/www.24baires.com\/wp-content\/uploads\/2018\/04\/d%C3%B3lar.jpg?resize=525%2C300 1.5x"},"classes":[]},{"id":100151,"url":"http:\/\/www.24baires.com\/?p=100151","url_meta":{"origin":70590,"position":2},"title":"Macri asegur\u00f3 en Davos que Argentina dej\u00f3 atr\u00e1s un \u00abexperimento populista\u00bb","author":"AF","date":"25\/01\/2018","format":false,"excerpt":"As\u00ed lo asegur\u00f3 durante su ponencia en Davos, habl\u00f3 de corrupci\u00f3n en medio del esc\u00e1ndalo de Triaca por la empleada en negro y que la suba de precios haya duplicado lo estipulado por el Banco Central para 2017. El presidente Mauricio Macri declar\u00f3 durante su exposici\u00f3n en el Foro Econ\u00f3mico\u2026","rel":"","context":"En \u00abPol\u00edtica\u00bb","block_context":{"text":"Pol\u00edtica","link":"http:\/\/www.24baires.com\/?cat=51"},"img":{"alt_text":"","src":"https:\/\/i0.wp.com\/www.24baires.com\/wp-content\/uploads\/2018\/01\/macri.jpg?resize=350%2C200","width":350,"height":200,"srcset":"https:\/\/i0.wp.com\/www.24baires.com\/wp-content\/uploads\/2018\/01\/macri.jpg?resize=350%2C200 1x, https:\/\/i0.wp.com\/www.24baires.com\/wp-content\/uploads\/2018\/01\/macri.jpg?resize=525%2C300 1.5x"},"classes":[]},{"id":104513,"url":"http:\/\/www.24baires.com\/?p=104513","url_meta":{"origin":70590,"position":3},"title":"Caputo fue denunciado por administraci\u00f3n fraudulenta","author":"GB","date":"17\/09\/2018","format":false,"excerpt":"La diputada del Frente para la Victoria, Fernanda Vallejos, present\u00f3 la demanda penal al vicepresidente del ente, Gustavo Ca\u00f1onero. Adem\u00e1s, solicit\u00f3 tambi\u00e9n el llamado a indagatoria para que citen a declarar a los dos funcionarios que est\u00e1n a cargo de la autoridad monetaria. La diputada nacional y economista Fernanda Vallejos\u2026","rel":"","context":"En \u00abPol\u00edtica\u00bb","block_context":{"text":"Pol\u00edtica","link":"http:\/\/www.24baires.com\/?cat=51"},"img":{"alt_text":"","src":"https:\/\/i0.wp.com\/www.24baires.com\/wp-content\/uploads\/2017\/01\/caputo-300x200.jpg?resize=350%2C200","width":350,"height":200},"classes":[]},{"id":108637,"url":"http:\/\/www.24baires.com\/?p=108637","url_meta":{"origin":70590,"position":4},"title":"El anuncio de la moneda com\u00fan para Brasil y Argentina fue inmediatamente desmentido","author":"AF","date":"07\/06\/2019","format":false,"excerpt":"El Banco Central brasile\u00f1o sali\u00f3 al cruce acerca de que exista el proyecto de la moneda \"peso real\". Mientras el Mercosur se debilita, varios dirigentes de la oposici\u00f3n subrayaron la \"irresponsabilidad\" de la propuesta en econom\u00edas tan asim\u00e9tricas como las de la Argentina y Brasil, y recordaron las distorsiones que\u2026","rel":"","context":"En \u00abPol\u00edtica\u00bb","block_context":{"text":"Pol\u00edtica","link":"http:\/\/www.24baires.com\/?cat=51"},"img":{"alt_text":"","src":"https:\/\/i0.wp.com\/www.24baires.com\/wp-content\/uploads\/2019\/06\/bolsonaro-macri-1.jpg?resize=350%2C200","width":350,"height":200,"srcset":"https:\/\/i0.wp.com\/www.24baires.com\/wp-content\/uploads\/2019\/06\/bolsonaro-macri-1.jpg?resize=350%2C200 1x, https:\/\/i0.wp.com\/www.24baires.com\/wp-content\/uploads\/2019\/06\/bolsonaro-macri-1.jpg?resize=525%2C300 1.5x"},"classes":[]},{"id":75531,"url":"http:\/\/www.24baires.com\/?p=75531","url_meta":{"origin":70590,"position":5},"title":"Macri busca \u00abuna transici\u00f3n cordial y coordinada\u00bb con Cristina","author":"AF","date":"24\/11\/2015","format":false,"excerpt":"El presidente electo expres\u00f3 ese deseo de cara al pr\u00f3ximo 10 de diciembre y asegur\u00f3 que en ese marco se concretar\u00e1 esta tarde la reuni\u00f3n con la presidenta Cristina Fern\u00e1ndez de Kirchner. \"En la reuni\u00f3n estaremos la Presidenta y yo, a solas, y ser\u00e1 en funci\u00f3n de que tengamos una\u2026","rel":"","context":"En \u00abPol\u00edtica\u00bb","block_context":{"text":"Pol\u00edtica","link":"http:\/\/www.24baires.com\/?cat=51"},"img":{"alt_text":"Cristina.Macri","src":"https:\/\/i0.wp.com\/www.24baires.com\/wp-content\/uploads\/2013\/09\/Cristina.Macri_.jpg?resize=350%2C200","width":350,"height":200,"srcset":"https:\/\/i0.wp.com\/www.24baires.com\/wp-content\/uploads\/2013\/09\/Cristina.Macri_.jpg?resize=350%2C200 1x, https:\/\/i0.wp.com\/www.24baires.com\/wp-content\/uploads\/2013\/09\/Cristina.Macri_.jpg?resize=525%2C300 1.5x"},"classes":[]}],"jetpack_sharing_enabled":true,"jetpack_likes_enabled":true,"jetpack_featured_media_url":"","_links":{"self":[{"href":"http:\/\/www.24baires.com\/index.php?rest_route=\/wp\/v2\/posts\/70590","targetHints":{"allow":["GET"]}}],"collection":[{"href":"http:\/\/www.24baires.com\/index.php?rest_route=\/wp\/v2\/posts"}],"about":[{"href":"http:\/\/www.24baires.com\/index.php?rest_route=\/wp\/v2\/types\/post"}],"author":[{"embeddable":true,"href":"http:\/\/www.24baires.com\/index.php?rest_route=\/wp\/v2\/users\/4"}],"replies":[{"embeddable":true,"href":"http:\/\/www.24baires.com\/index.php?rest_route=%2Fwp%2Fv2%2Fcomments&post=70590"}],"version-history":[{"count":1,"href":"http:\/\/www.24baires.com\/index.php?rest_route=\/wp\/v2\/posts\/70590\/revisions"}],"predecessor-version":[{"id":70591,"href":"http:\/\/www.24baires.com\/index.php?rest_route=\/wp\/v2\/posts\/70590\/revisions\/70591"}],"wp:attachment":[{"href":"http:\/\/www.24baires.com\/index.php?rest_route=%2Fwp%2Fv2%2Fmedia&parent=70590"}],"wp:term":[{"taxonomy":"category","embeddable":true,"href":"http:\/\/www.24baires.com\/index.php?rest_route=%2Fwp%2Fv2%2Fcategories&post=70590"},{"taxonomy":"post_tag","embeddable":true,"href":"http:\/\/www.24baires.com\/index.php?rest_route=%2Fwp%2Fv2%2Ftags&post=70590"}],"curies":[{"name":"wp","href":"https:\/\/api.w.org\/{rel}","templated":true}]}}