{"id":70573,"date":"2015-08-14T10:48:08","date_gmt":"2015-08-14T13:48:08","guid":{"rendered":"http:\/\/www.24baires.com\/?p=70573"},"modified":"2015-08-15T11:01:32","modified_gmt":"2015-08-15T14:01:32","slug":"anibal-el-gobierno-invirtio-60-000-millones-de-pesos-en-obras-hidricas","status":"publish","type":"post","link":"http:\/\/www.24baires.com\/?p=70573","title":{"rendered":"An\u00edbal: \u00abEl Gobierno invirti\u00f3 60.000 millones de pesos en obras h\u00eddricas\u00bb"},"content":{"rendered":"<p><img data-recalc-dims=\"1\" loading=\"lazy\" decoding=\"async\" class=\"aligncenter size-full wp-image-60580\" src=\"https:\/\/i0.wp.com\/www.24baires.com\/wp-content\/uploads\/2015\/01\/anibal.jpg?resize=560%2C373\" alt=\"anibal\" width=\"560\" height=\"373\" srcset=\"https:\/\/i0.wp.com\/www.24baires.com\/wp-content\/uploads\/2015\/01\/anibal.jpg?w=560 560w, https:\/\/i0.wp.com\/www.24baires.com\/wp-content\/uploads\/2015\/01\/anibal.jpg?resize=300%2C200 300w\" sizes=\"auto, (max-width: 560px) 100vw, 560px\" \/>El jefe de Gabinete se\u00f1al\u00f3 que esa cifra se destin\u00f3 a 138 obras emblem\u00e1ticas y determinantes, y se resolvieron las inundaciones en el conurbano aunque recalc\u00f3 que \u201cante inclemencias clim\u00e1ticas de estas caracter\u00edsticas, no se puede garantizar que no se inunde\u201d.<!--more--><\/p>\n<p>\u201cCon el tema de las aguas se han hablado muchas estupideces. El Gobierno nacional lleva invertido 60.000 millones de pesos\u201d, record\u00f3 el funcionario en su habitual conferencia de prensa en casa de Gobierno.<\/p>\n<p>A su vez, inform\u00f3 que ahora est\u00e1n evaluando el proceso de regreso a casa de los afectados.<\/p>\n<p>\u00abEstamos viendo c\u00f3mo ser\u00e1 el segundo proceso que es la vuelta al hogar\u00bb de los afectados por las inundaciones, y se est\u00e1 trabajando sobre eso\u00bb, inform\u00f3.<\/p>\n","protected":false},"excerpt":{"rendered":"<p>El jefe de Gabinete se\u00f1al\u00f3 que esa cifra se destin\u00f3 a 138 obras emblem\u00e1ticas y determinantes, y se resolvieron las inundaciones en el conurbano aunque recalc\u00f3 que \u201cante inclemencias clim\u00e1ticas de estas caracter\u00edsticas, no se puede garantizar que no se inunde\u201d.<\/p>\n","protected":false},"author":4,"featured_media":0,"comment_status":"open","ping_status":"open","sticky":false,"template":"","format":"standard","meta":{"_jetpack_newsletter_access":"","_jetpack_dont_email_post_to_subs":false,"_jetpack_newsletter_tier_id":0,"_jetpack_memberships_contains_paywalled_content":false,"_jetpack_memberships_contains_paid_content":false,"footnotes":""},"categories":[51],"tags":[],"class_list":["post-70573","post","type-post","status-publish","format-standard","hentry","category-politica"],"jetpack_shortlink":"https:\/\/wp.me\/p2JWE0-imh","jetpack-related-posts":[{"id":93800,"url":"http:\/\/www.24baires.com\/?p=93800","url_meta":{"origin":70573,"position":0},"title":"El Gobierno reunir\u00e1 a un comit\u00e9 de emergencia h\u00eddrica y promete invertir mil millones de pesos","author":"GB","date":"12\/04\/2017","format":false,"excerpt":"El Gobierno nacional convoc\u00f3 para el lunes al Comit\u00e9 Interjurisdiccional de la Regi\u00f3n H\u00eddrica del Noroeste de la Llanura Pampeana para definir prioridades en la construcci\u00f3n de obras en la zona por m\u00e1s de mil millones de pesos, en prevenci\u00f3n de inundaciones. El Gobierno nacional que dirige Mauricio Macri convoc\u00f3\u2026","rel":"","context":"En \u00abSociedad\u00bb","block_context":{"text":"Sociedad","link":"http:\/\/www.24baires.com\/?cat=1"},"img":{"alt_text":"","src":"https:\/\/i0.wp.com\/www.24baires.com\/wp-content\/uploads\/2017\/04\/inundacion.jpg?resize=350%2C200","width":350,"height":200,"srcset":"https:\/\/i0.wp.com\/www.24baires.com\/wp-content\/uploads\/2017\/04\/inundacion.jpg?resize=350%2C200 1x, https:\/\/i0.wp.com\/www.24baires.com\/wp-content\/uploads\/2017\/04\/inundacion.jpg?resize=525%2C300 1.5x"},"classes":[]},{"id":94878,"url":"http:\/\/www.24baires.com\/?p=94878","url_meta":{"origin":70573,"position":1},"title":"Realizar\u00e1n obras por $1000 millones en la Cuenca del Salado por las inundaciones","author":"AF","date":"31\/05\/2017","format":false,"excerpt":"El Gobierno nacional avanzar\u00e1 en obras por $1000 millones para mitigar las inundaciones que causa el desborde de la cuenca del r\u00edo Salado en la provincia de Buenos Aires, los que ser\u00e1n financiados a trav\u00e9s del Fondo de Recursos H\u00eddricos. La ejecuci\u00f3n de las obras para evitar las inundaciones en\u2026","rel":"","context":"En \u00abLocales\u00bb","block_context":{"text":"Locales","link":"http:\/\/www.24baires.com\/?cat=38"},"img":{"alt_text":"","src":"https:\/\/i0.wp.com\/www.24baires.com\/wp-content\/uploads\/2017\/01\/inundaciones.jpg?resize=350%2C200","width":350,"height":200,"srcset":"https:\/\/i0.wp.com\/www.24baires.com\/wp-content\/uploads\/2017\/01\/inundaciones.jpg?resize=350%2C200 1x, https:\/\/i0.wp.com\/www.24baires.com\/wp-content\/uploads\/2017\/01\/inundaciones.jpg?resize=525%2C300 1.5x"},"classes":[]},{"id":81984,"url":"http:\/\/www.24baires.com\/?p=81984","url_meta":{"origin":70573,"position":2},"title":"Vidal anunci\u00f3 un plan de obras h\u00eddricas para evitar inundaciones","author":"GB","date":"27\/04\/2016","format":false,"excerpt":"La gobernadora destac\u00f3 que se licitar\u00e1n obras \"por m\u00e1s de 15.000 millones de pesos para evitar que se inunden los bonaerenses\". Seg\u00fan los anuncios se beneficiar\u00edan m\u00e1s de 8 millones de personas y tendr\u00e1 un plazo de cuatro a\u00f1os. Mar\u00eda Eugenia Vidal anunci\u00f3 un ambicioso plan h\u00eddrico para la provincia\u2026","rel":"","context":"En \u00abProvincia\u00bb","block_context":{"text":"Provincia","link":"http:\/\/www.24baires.com\/?cat=40"},"img":{"alt_text":"","src":"https:\/\/i0.wp.com\/www.24baires.com\/wp-content\/uploads\/2016\/04\/vidal-obras.jpg?resize=350%2C200","width":350,"height":200,"srcset":"https:\/\/i0.wp.com\/www.24baires.com\/wp-content\/uploads\/2016\/04\/vidal-obras.jpg?resize=350%2C200 1x, https:\/\/i0.wp.com\/www.24baires.com\/wp-content\/uploads\/2016\/04\/vidal-obras.jpg?resize=525%2C300 1.5x"},"classes":[]},{"id":70907,"url":"http:\/\/www.24baires.com\/?p=70907","url_meta":{"origin":70573,"position":3},"title":"\u00abDisfrazarse de d\u00eda de lluvia e ir a juntarse con los pobres, no\u00bb","author":"GB","date":"20\/08\/2015","format":false,"excerpt":"La presidenta Cristina Fern\u00e1ndez de Kirchner se refiri\u00f3 a las obras h\u00eddricas realizadas desde 2003 en la provincia de Buenos Aires y cuestion\u00f3 a la oposici\u00f3n. \"Jam\u00e1s se me ocurri\u00f3 montarme en la tragedia de la gente e ir a buscar un r\u00e9dito electoral\", dijo. La presidenta Cristina Fern\u00e1ndez de\u2026","rel":"","context":"En \u00abPol\u00edtica\u00bb","block_context":{"text":"Pol\u00edtica","link":"http:\/\/www.24baires.com\/?cat=51"},"img":{"alt_text":"","src":"https:\/\/i0.wp.com\/www.24baires.com\/wp-content\/uploads\/2015\/08\/cris-anibal-axel.jpg?resize=350%2C200","width":350,"height":200,"srcset":"https:\/\/i0.wp.com\/www.24baires.com\/wp-content\/uploads\/2015\/08\/cris-anibal-axel.jpg?resize=350%2C200 1x, https:\/\/i0.wp.com\/www.24baires.com\/wp-content\/uploads\/2015\/08\/cris-anibal-axel.jpg?resize=525%2C300 1.5x"},"classes":[]},{"id":70462,"url":"http:\/\/www.24baires.com\/?p=70462","url_meta":{"origin":70573,"position":4},"title":"Ya son 5000 los afectados por la inundaci\u00f3n en Salto y casi 700 los evacuados","author":"AF","date":"12\/08\/2015","format":false,"excerpt":"El intendente, Oscar Brasca, afirm\u00f3 que el total de damnificados en el distrito alcanza a 5.000 personas y precis\u00f3 que en las \u00faltimas horas llegaron el secretario de Seguridad, Sergio Berni, y unos 110 gendarmes para custodiar las casas de las personas evacuadas. Unas 680 personas permanec\u00edan evacuadas hoy en\u2026","rel":"","context":"En \u00abLocales\u00bb","block_context":{"text":"Locales","link":"http:\/\/www.24baires.com\/?cat=38"},"img":{"alt_text":"inundados","src":"https:\/\/i0.wp.com\/www.24baires.com\/wp-content\/uploads\/2014\/11\/inundados.jpg?resize=350%2C200","width":350,"height":200,"srcset":"https:\/\/i0.wp.com\/www.24baires.com\/wp-content\/uploads\/2014\/11\/inundados.jpg?resize=350%2C200 1x, https:\/\/i0.wp.com\/www.24baires.com\/wp-content\/uploads\/2014\/11\/inundados.jpg?resize=525%2C300 1.5x"},"classes":[]},{"id":112512,"url":"http:\/\/www.24baires.com\/?p=112512","url_meta":{"origin":70573,"position":5},"title":"M\u00e1s de 5 mil personas siguen evacuadas en el Conurbano","author":"GB","date":"16\/10\/2019","format":false,"excerpt":"M\u00e1s de cinco mil personas continuaban evacuadas hoy en varios distritos del Conurbano bonaerense a ra\u00edz de las inundaciones provocadas a partir del temporal del s\u00e1bado pasado, que impact\u00f3 principalmente en La Matanza, Esteban Echeverr\u00eda, Quilmes, Ezeiza y Lomas de Zamora. La crecida del R\u00edo de la Plata, cuyas aguas\u2026","rel":"","context":"En \u00abProvincia\u00bb","block_context":{"text":"Provincia","link":"http:\/\/www.24baires.com\/?cat=40"},"img":{"alt_text":"","src":"https:\/\/i0.wp.com\/www.24baires.com\/wp-content\/uploads\/2019\/10\/inundacion-1-300x200.jpg?resize=350%2C200","width":350,"height":200},"classes":[]}],"jetpack_sharing_enabled":true,"jetpack_likes_enabled":true,"jetpack_featured_media_url":"","_links":{"self":[{"href":"http:\/\/www.24baires.com\/index.php?rest_route=\/wp\/v2\/posts\/70573","targetHints":{"allow":["GET"]}}],"collection":[{"href":"http:\/\/www.24baires.com\/index.php?rest_route=\/wp\/v2\/posts"}],"about":[{"href":"http:\/\/www.24baires.com\/index.php?rest_route=\/wp\/v2\/types\/post"}],"author":[{"embeddable":true,"href":"http:\/\/www.24baires.com\/index.php?rest_route=\/wp\/v2\/users\/4"}],"replies":[{"embeddable":true,"href":"http:\/\/www.24baires.com\/index.php?rest_route=%2Fwp%2Fv2%2Fcomments&post=70573"}],"version-history":[{"count":1,"href":"http:\/\/www.24baires.com\/index.php?rest_route=\/wp\/v2\/posts\/70573\/revisions"}],"predecessor-version":[{"id":70574,"href":"http:\/\/www.24baires.com\/index.php?rest_route=\/wp\/v2\/posts\/70573\/revisions\/70574"}],"wp:attachment":[{"href":"http:\/\/www.24baires.com\/index.php?rest_route=%2Fwp%2Fv2%2Fmedia&parent=70573"}],"wp:term":[{"taxonomy":"category","embeddable":true,"href":"http:\/\/www.24baires.com\/index.php?rest_route=%2Fwp%2Fv2%2Fcategories&post=70573"},{"taxonomy":"post_tag","embeddable":true,"href":"http:\/\/www.24baires.com\/index.php?rest_route=%2Fwp%2Fv2%2Ftags&post=70573"}],"curies":[{"name":"wp","href":"https:\/\/api.w.org\/{rel}","templated":true}]}}