{"id":70543,"date":"2015-08-13T16:00:08","date_gmt":"2015-08-13T19:00:08","guid":{"rendered":"http:\/\/www.24baires.com\/?p=70543"},"modified":"2015-08-13T15:43:09","modified_gmt":"2015-08-13T18:43:09","slug":"radicales-reprochan-a-sanz-por-su-alianza-con-macri","status":"publish","type":"post","link":"http:\/\/www.24baires.com\/?p=70543","title":{"rendered":"Radicales reprochan a Sanz por su alianza con Macri"},"content":{"rendered":"<p><img data-recalc-dims=\"1\" loading=\"lazy\" decoding=\"async\" class=\"aligncenter size-full wp-image-62720\" src=\"https:\/\/i0.wp.com\/www.24baires.com\/wp-content\/uploads\/2015\/03\/macri-sanz.jpg?resize=520%2C245\" alt=\"macri sanz\" width=\"520\" height=\"245\" srcset=\"https:\/\/i0.wp.com\/www.24baires.com\/wp-content\/uploads\/2015\/03\/macri-sanz.jpg?w=520 520w, https:\/\/i0.wp.com\/www.24baires.com\/wp-content\/uploads\/2015\/03\/macri-sanz.jpg?resize=300%2C141 300w\" sizes=\"auto, (max-width: 520px) 100vw, 520px\" \/>Desde C\u00f3rdoba y Santa Fe se cuestion\u00f3 la estrategia que adopt\u00f3 el titular del centenario partido, que por primera vez desde el regreso de la democracia no tiene candidato a presidente en una elecci\u00f3n.<!--more--><\/p>\n<p>La alianza entre Ernesto Sanz y Mauricio Macri para competir en las PASO, que dej\u00f3 por primera vez -desde el regreso de la democracia- al radicalismo sin candidato presidencial para las elecciones generales, sigue cosechando cr\u00edticas desde distintos sectores del hist\u00f3rico partido.<\/p>\n<p>El vicegobernador de Santa Fe, Jorge Henn, consider\u00f3 que la alianza con el PRO es \u00abla peor decisi\u00f3n de la historia del radicalismo\u00bb y que \u00abda ganas de llorar\u00bb. \u00abSiempre dijimos que el acuerdo de Gualeguaych\u00fa \u2013donde se decidi\u00f3 el pacto con el PRO y la Coalici\u00f3n C\u00edvica\u2013 constitu\u00eda una alianza de centroderecha que chocaba con la visi\u00f3n progresista en la provincia. Dijimos que votar a Sanz era votar a Macri, y lo seguimos sosteniendo\u00bb, asegur\u00f3 Henn.<br \/>\nPor su parte, el candidato a senador Julio Cobos, ganador en las PASO mendocinas, reiter\u00f3 sus cuestionamientos a la conducci\u00f3n del partido y ya anticip\u00f3 un pedido de \u00abrenovaci\u00f3n\u00bb para diciembre, cuando Sanz termina sus dos a\u00f1os de mandato al frente del Comit\u00e9 Nacional.<\/p>\n<p>Adem\u00e1s, dirigentes como el juje\u00f1o Gerardo Morales comprobaron en sus distritos que integrar, adem\u00e1s del PRO, el Frente Renovador que lidera Sergio Massa, los dejaba en mejores condiciones de enfrentar al Frente para la Victoria.<\/p>\n<p>En Entre R\u00edos, por ejemplo, el radical Atilio Benedetti tuvo que renunciar a su candidatura a gobernador porque el macrismo no le quer\u00eda habilitar la boleta de presidente si inclu\u00edan en el frente al peronismo anti-k, se\u00f1ala el diario P\u00e1gina 12.<\/p>\n<p>Finalmente el candidato de Cambiemos fue el ruralista macrista Alfredo De Angeli, que sac\u00f3 36 puntos, y el peronismo disidente, encabezado por Adri\u00e1n Fuertes, sac\u00f3 el 16 por ciento. Entre ambos hubieran superado por 8 puntos al Frente para la Victoria, que llevaba de candidato a Gustavo Bordet y acumul\u00f3 44 por ciento.<\/p>\n<p>El titular de la UCR bonaerense, Ricardo Alfons\u00edn, quien supo representar el ala m\u00e1s progresista del partido, se llam\u00f3 a silencio con la excusa de acatar la decisi\u00f3n org\u00e1nica.<\/p>\n<p>En cambio, y sin decirlo con nombres propios, Cobos fue muy claro al respecto: \u00abQued\u00f3 demostrado que hubiera sido conveniente un pacto m\u00e1s amplio\u00bb, asegur\u00f3 el ex vicepresidente en una entrevista del diario La Naci\u00f3n.<\/p>\n<p>En este sentido, estim\u00f3 que a la UCR le habr\u00eda servido m\u00e1s que Sanz acompa\u00f1ara a Mauricio Macri en la boleta. \u00abA lo mejor hubiera sido m\u00e1s conveniente\u00bb, insisti\u00f3.<\/p>\n<p>Ante estos cuestionamientos, desde el entorno de Sanz salieron a defenderlo. \u00abAc\u00e1 hubo una estrategia, no para salvarlo a Ernesto Sanz, sino para fortalecer al radicalismo en t\u00e9rminos de gobierno y territorialidad\u00bb, afirm\u00f3 Walter Ceballos, uno de los hombres de mayor confianza del presidente del partido.<\/p>\n<p>&nbsp;<\/p>\n<p>&nbsp;<\/p>\n<p>&nbsp;<\/p>\n<p>&nbsp;<\/p>\n<p>&nbsp;<\/p>\n<p>&nbsp;<\/p>\n<p>&nbsp;<\/p>\n<p>&nbsp;<\/p>\n<p>&nbsp;<\/p>\n<p>&nbsp;<\/p>\n","protected":false},"excerpt":{"rendered":"<p>Desde C\u00f3rdoba y Santa Fe se cuestion\u00f3 la estrategia que adopt\u00f3 el titular del centenario partido, que por primera vez desde el regreso de la democracia no tiene candidato a presidente en una elecci\u00f3n.<\/p>\n","protected":false},"author":8,"featured_media":0,"comment_status":"open","ping_status":"open","sticky":false,"template":"","format":"standard","meta":{"_jetpack_newsletter_access":"","_jetpack_dont_email_post_to_subs":false,"_jetpack_newsletter_tier_id":0,"_jetpack_memberships_contains_paywalled_content":false,"_jetpack_memberships_contains_paid_content":false,"footnotes":""},"categories":[51],"tags":[],"class_list":["post-70543","post","type-post","status-publish","format-standard","hentry","category-politica"],"jetpack_shortlink":"https:\/\/wp.me\/p2JWE0-ilN","jetpack-related-posts":[{"id":68147,"url":"http:\/\/www.24baires.com\/?p=68147","url_meta":{"origin":70543,"position":0},"title":"Sanz puso en duda la continuidad de su alianza con Macri despu\u00e9s del 11 de diciembre","author":"GB","date":"25\/06\/2015","format":false,"excerpt":"El precandidato presidencial del radicalismo, Ernesto Sanz, por Cambiemos sorprendi\u00f3 al afirmar que no puede asegurar que el acuerdo contin\u00fae despu\u00e9s de las elecciones, si es que no resultan ganadores. El presidente de la Uni\u00f3n C\u00edvica Radical y precandidato presidencial, Ernesto Sanz, dijo, en declaraciones a radio del Plata que\u2026","rel":"","context":"En \u00abElecciones 2015\u00bb","block_context":{"text":"Elecciones 2015","link":"http:\/\/www.24baires.com\/?cat=74"},"img":{"alt_text":"macri sanz","src":"https:\/\/i0.wp.com\/www.24baires.com\/wp-content\/uploads\/2015\/03\/macri-sanz.jpg?resize=350%2C200","width":350,"height":200,"srcset":"https:\/\/i0.wp.com\/www.24baires.com\/wp-content\/uploads\/2015\/03\/macri-sanz.jpg?resize=350%2C200 1x, https:\/\/i0.wp.com\/www.24baires.com\/wp-content\/uploads\/2015\/03\/macri-sanz.jpg?resize=525%2C300 1.5x"},"classes":[]},{"id":70452,"url":"http:\/\/www.24baires.com\/?p=70452","url_meta":{"origin":70543,"position":1},"title":"Tras la \u00abhumillante derrota\u00bb con el PRO piden a Sanz que renuncie al Comit\u00e9 Nacional","author":"GB","date":"11\/08\/2015","format":false,"excerpt":"La contundente victoria del l\u00edder del PRO, Mauricio Macri, en la interna de Cambiemos, sobre Sanz y Elisa Carri\u00f3 (Coalici\u00f3n C\u00edvica-ARI) y el magro resultado obtenido por el senador mendocino, agitaron las aguas en el radicalismo. Un sector del radicalismo cordob\u00e9s reclam\u00f3 hoy la renuncia de Ernesto Sanz al frente\u2026","rel":"","context":"En \u00abPol\u00edtica\u00bb","block_context":{"text":"Pol\u00edtica","link":"http:\/\/www.24baires.com\/?cat=51"},"img":{"alt_text":"sanz ernesto","src":"https:\/\/i0.wp.com\/www.24baires.com\/wp-content\/uploads\/2013\/04\/sanz-ernesto.jpg?resize=350%2C200","width":350,"height":200,"srcset":"https:\/\/i0.wp.com\/www.24baires.com\/wp-content\/uploads\/2013\/04\/sanz-ernesto.jpg?resize=350%2C200 1x, https:\/\/i0.wp.com\/www.24baires.com\/wp-content\/uploads\/2013\/04\/sanz-ernesto.jpg?resize=525%2C300 1.5x"},"classes":[]},{"id":63997,"url":"http:\/\/www.24baires.com\/?p=63997","url_meta":{"origin":70543,"position":2},"title":"Y, si no me tienen fe\u2026","author":"GB","date":"08\/04\/2015","format":false,"excerpt":"Si bien, como ya sabemos, la Convenci\u00f3n Nacional de la UCR decidi\u00f3 cerrar acuerdos electorales con el PRO de Mauiricio Macri, parece que el descontento de algunos sectores del centenario partido han hecho que Ernesto Sanz habra el juego en las provincias para que cada uno realice las alianzas que\u2026","rel":"","context":"En \u00abOpini\u00f3n\u00bb","block_context":{"text":"Opini\u00f3n","link":"http:\/\/www.24baires.com\/?cat=64"},"img":{"alt_text":"cobos sanz ucr","src":"https:\/\/i0.wp.com\/www.24baires.com\/wp-content\/uploads\/2014\/05\/cobos-sanz-ucr.jpg?resize=350%2C200","width":350,"height":200,"srcset":"https:\/\/i0.wp.com\/www.24baires.com\/wp-content\/uploads\/2014\/05\/cobos-sanz-ucr.jpg?resize=350%2C200 1x, https:\/\/i0.wp.com\/www.24baires.com\/wp-content\/uploads\/2014\/05\/cobos-sanz-ucr.jpg?resize=525%2C300 1.5x"},"classes":[]},{"id":63151,"url":"http:\/\/www.24baires.com\/?p=63151","url_meta":{"origin":70543,"position":3},"title":"Sanz impuso su postura y la UCR sell\u00f3 una alianza con el Pro","author":"GB","date":"15\/03\/2015","format":false,"excerpt":"Tras una larga jornada en Convenci\u00f3n partidaria desarrollada en Gualeguaych\u00fa, el marco de alianzas impulsado por el titular del radicalismo obtuvo el respaldo de 186 delegados, sobre un total de 330 de todo el pa\u00eds. El radicalismo finalmente decidi\u00f3 esta madrugada sellar un pacto con la Coalici\u00f3n C\u00edvica-ARI y el\u2026","rel":"","context":"En \u00abPol\u00edtica\u00bb","block_context":{"text":"Pol\u00edtica","link":"http:\/\/www.24baires.com\/?cat=51"},"img":{"alt_text":"","src":"https:\/\/i0.wp.com\/www.24baires.com\/wp-content\/uploads\/2015\/03\/sansz.jpg?resize=350%2C200","width":350,"height":200},"classes":[]},{"id":57723,"url":"http:\/\/www.24baires.com\/?p=57723","url_meta":{"origin":70543,"position":4},"title":"Macri descart\u00f3 una alianza con Massa","author":"GB","date":"26\/11\/2014","format":false,"excerpt":"El jefe de gobierno porte\u00f1o y l\u00edder del PRO, Mauricio Macri, descart\u00f3 la posibilidad de una alianza con Sergio Massa por considerarlo como \"continuidad\" de la actual gesti\u00f3n kirchnerista y fogone\u00f3 una interna con Ernesto Sanz y Elisa Carri\u00f3. \"Para m\u00ed (Massa) es el candidato del Partido Justicialista, de la\u2026","rel":"","context":"En \u00abElecciones 2015\u00bb","block_context":{"text":"Elecciones 2015","link":"http:\/\/www.24baires.com\/?cat=74"},"img":{"alt_text":"macri","src":"https:\/\/i0.wp.com\/www.24baires.com\/wp-content\/uploads\/2013\/10\/macri.jpg?resize=350%2C200","width":350,"height":200,"srcset":"https:\/\/i0.wp.com\/www.24baires.com\/wp-content\/uploads\/2013\/10\/macri.jpg?resize=350%2C200 1x, https:\/\/i0.wp.com\/www.24baires.com\/wp-content\/uploads\/2013\/10\/macri.jpg?resize=525%2C300 1.5x"},"classes":[]},{"id":108412,"url":"http:\/\/www.24baires.com\/?p=108412","url_meta":{"origin":70543,"position":5},"title":"La convenci\u00f3n de la UCR y el futuro de la alianza Cambiemos","author":"AF","date":"27\/05\/2019","format":false,"excerpt":"En Casa Rosada aguardan la decisi\u00f3n del radicalismo para definir la estrategia electoral, mientras crecen los reclamos internos por cambiar al candidato y ampliar la alianza oficialista. Mauricio Macri esperar\u00e1 al resultado de la Convenci\u00f3n de la UCR para definir sus pr\u00f3ximos pasos. Si, como espera, los radicales ratifican su\u2026","rel":"","context":"En \u00abPol\u00edtica\u00bb","block_context":{"text":"Pol\u00edtica","link":"http:\/\/www.24baires.com\/?cat=51"},"img":{"alt_text":"","src":"https:\/\/i0.wp.com\/www.24baires.com\/wp-content\/uploads\/2013\/03\/ucr.jpg?resize=350%2C200","width":350,"height":200,"srcset":"https:\/\/i0.wp.com\/www.24baires.com\/wp-content\/uploads\/2013\/03\/ucr.jpg?resize=350%2C200 1x, https:\/\/i0.wp.com\/www.24baires.com\/wp-content\/uploads\/2013\/03\/ucr.jpg?resize=525%2C300 1.5x"},"classes":[]}],"jetpack_sharing_enabled":true,"jetpack_likes_enabled":true,"jetpack_featured_media_url":"","_links":{"self":[{"href":"http:\/\/www.24baires.com\/index.php?rest_route=\/wp\/v2\/posts\/70543","targetHints":{"allow":["GET"]}}],"collection":[{"href":"http:\/\/www.24baires.com\/index.php?rest_route=\/wp\/v2\/posts"}],"about":[{"href":"http:\/\/www.24baires.com\/index.php?rest_route=\/wp\/v2\/types\/post"}],"author":[{"embeddable":true,"href":"http:\/\/www.24baires.com\/index.php?rest_route=\/wp\/v2\/users\/8"}],"replies":[{"embeddable":true,"href":"http:\/\/www.24baires.com\/index.php?rest_route=%2Fwp%2Fv2%2Fcomments&post=70543"}],"version-history":[{"count":1,"href":"http:\/\/www.24baires.com\/index.php?rest_route=\/wp\/v2\/posts\/70543\/revisions"}],"predecessor-version":[{"id":70544,"href":"http:\/\/www.24baires.com\/index.php?rest_route=\/wp\/v2\/posts\/70543\/revisions\/70544"}],"wp:attachment":[{"href":"http:\/\/www.24baires.com\/index.php?rest_route=%2Fwp%2Fv2%2Fmedia&parent=70543"}],"wp:term":[{"taxonomy":"category","embeddable":true,"href":"http:\/\/www.24baires.com\/index.php?rest_route=%2Fwp%2Fv2%2Fcategories&post=70543"},{"taxonomy":"post_tag","embeddable":true,"href":"http:\/\/www.24baires.com\/index.php?rest_route=%2Fwp%2Fv2%2Ftags&post=70543"}],"curies":[{"name":"wp","href":"https:\/\/api.w.org\/{rel}","templated":true}]}}