{"id":70502,"date":"2015-08-12T20:22:04","date_gmt":"2015-08-12T23:22:04","guid":{"rendered":"http:\/\/www.24baires.com\/?p=70502"},"modified":"2015-08-13T10:54:07","modified_gmt":"2015-08-13T13:54:07","slug":"los-39-distritos-afectados-reciben-de-este-gobierno-todas-las-acciones-necesarias","status":"publish","type":"post","link":"http:\/\/www.24baires.com\/?p=70502","title":{"rendered":"\u00abLos 39 distritos afectados reciben de este Gobierno todas las acciones necesarias\u00bb"},"content":{"rendered":"<p><img data-recalc-dims=\"1\" loading=\"lazy\" decoding=\"async\" class=\"aligncenter size-full wp-image-70503\" src=\"https:\/\/i0.wp.com\/www.24baires.com\/wp-content\/uploads\/2015\/08\/anibal-inundacion.jpg?resize=560%2C302\" alt=\"anibal inundacion\" width=\"560\" height=\"302\" srcset=\"https:\/\/i0.wp.com\/www.24baires.com\/wp-content\/uploads\/2015\/08\/anibal-inundacion.jpg?w=560 560w, https:\/\/i0.wp.com\/www.24baires.com\/wp-content\/uploads\/2015\/08\/anibal-inundacion.jpg?resize=300%2C162 300w\" sizes=\"auto, (max-width: 560px) 100vw, 560px\" \/>El jefe de Gabinete, An\u00edbal Fern\u00e1ndez, asegur\u00f3 que los 39 distritos bonaerenses afectados por las inundaciones \u00abreciben del gobierno todas las acciones necesarias\u00bb para enmendar la situaci\u00f3n, al detallar junto al secretario General de la Presidencia, Eduardo de Pedro, la ayuda que est\u00e1 llegando a los damnificados.<!--more--><\/p>\n<p>A su turno, de Pedro, rescat\u00f3 \u00abel esp\u00edritu solidario de los vecinos\u00bb y reafirm\u00f3 que tanto los damnificados como el gobierno est\u00e1n \u00abponiendo el cuerpo\u00bb.<\/p>\n<p>Por eso, anunci\u00f3, se llevar\u00e1 a cabo una jornada solidaria \u00abuna vez que el agua baje y la televisi\u00f3n se vaya\u00bb, que incluir\u00e1 tareas como \u00abzanjeos, limpieza de casas afectadas y entrega de ayuda\u00bb.<\/p>\n<p>Con ese fin, y a efectos de coordinar la ayuda, estar\u00e1 a disposici\u00f3n de la gente la p\u00e1gina www. juventud.gov.ar, cont\u00f3 de Pedro.<\/p>\n","protected":false},"excerpt":{"rendered":"<p>El jefe de Gabinete, An\u00edbal Fern\u00e1ndez, asegur\u00f3 que los 39 distritos bonaerenses afectados por las inundaciones \u00abreciben del gobierno todas las acciones necesarias\u00bb para enmendar la situaci\u00f3n, al detallar junto al secretario General de la Presidencia, Eduardo de Pedro, la ayuda que est\u00e1 llegando a los damnificados.<\/p>\n","protected":false},"author":8,"featured_media":0,"comment_status":"open","ping_status":"open","sticky":false,"template":"","format":"standard","meta":{"_jetpack_newsletter_access":"","_jetpack_dont_email_post_to_subs":false,"_jetpack_newsletter_tier_id":0,"_jetpack_memberships_contains_paywalled_content":false,"_jetpack_memberships_contains_paid_content":false,"footnotes":""},"categories":[51],"tags":[],"class_list":["post-70502","post","type-post","status-publish","format-standard","hentry","category-politica"],"jetpack_shortlink":"https:\/\/wp.me\/p2JWE0-il8","jetpack-related-posts":[{"id":70506,"url":"http:\/\/www.24baires.com\/?p=70506","url_meta":{"origin":70502,"position":0},"title":"Convocan a jornadas solidarias \u00abLa Patria es el Otro\u00bb para ayudar a los damnificados","author":"GB","date":"12\/08\/2015","format":false,"excerpt":"INUNDACIONES-El secretario General de la Presidencia inform\u00f3 que a partir de ma\u00f1ana habr\u00e1 jornadas solidarias para colaborar con los damnificados. La Subsecretar\u00eda de Juventud organizar\u00e1 la ayuda. El secretario general de la Presidencia, Eduardo de Pedro, destac\u00f3 la asistencia que los 39 distritos afectados por las inundaciones reciben del Ejecutivo\u2026","rel":"","context":"En \u00abSociedad\u00bb","block_context":{"text":"Sociedad","link":"http:\/\/www.24baires.com\/?cat=1"},"img":{"alt_text":"","src":"https:\/\/i0.wp.com\/www.24baires.com\/wp-content\/uploads\/2015\/08\/la-patria-es-el-otro.jpg?resize=350%2C200","width":350,"height":200},"classes":[]},{"id":101887,"url":"http:\/\/www.24baires.com\/?p=101887","url_meta":{"origin":70502,"position":1},"title":"Vidal supervis\u00f3 los operativos en las zonas m\u00e1s castigadas del Conurbano por el temporal","author":"GB","date":"30\/04\/2018","format":false,"excerpt":"La Gobernadora visit\u00f3 un centro de evacuados en PIlar y m\u00e1s tarde estuvo en el Centro de Monitoreo de Tres de Febrero. Son dos de los municipios que m\u00e1s padecieron las consecuencias de las tormentas del fin de semana. La gobernadora Mar\u00eda Eugenia Vidal, visit\u00f3 durante la tarde de ayer\u2026","rel":"","context":"En \u00abProvincia\u00bb","block_context":{"text":"Provincia","link":"http:\/\/www.24baires.com\/?cat=40"},"img":{"alt_text":"","src":"https:\/\/i0.wp.com\/www.24baires.com\/wp-content\/uploads\/2018\/04\/e.jpeg?resize=350%2C200","width":350,"height":200,"srcset":"https:\/\/i0.wp.com\/www.24baires.com\/wp-content\/uploads\/2018\/04\/e.jpeg?resize=350%2C200 1x, https:\/\/i0.wp.com\/www.24baires.com\/wp-content\/uploads\/2018\/04\/e.jpeg?resize=525%2C300 1.5x"},"classes":[]},{"id":43504,"url":"http:\/\/www.24baires.com\/?p=43504","url_meta":{"origin":70502,"position":2},"title":"La Provincia ayuda a los afectados por el temporal","author":"Grupo Sierra","date":"08\/04\/2014","format":false,"excerpt":"Diversos organismos del gobierno de la provincia de Buenos Aires, en coordinaci\u00f3n con organismos nacionales, asisten a los distritos que se vieron afectados por el temporal que tuvo lugar anoche, se inform\u00f3 oficialmente. \"Desde el comienzo de los alertas emitidos por el Servicio Meteorol\u00f3gico Nacional se efectu\u00f3 un monitoreo de\u2026","rel":"","context":"En \u00abProvincia\u00bb","block_context":{"text":"Provincia","link":"http:\/\/www.24baires.com\/?cat=40"},"img":{"alt_text":"temporal mayo","src":"https:\/\/i0.wp.com\/www.24baires.com\/wp-content\/uploads\/2013\/05\/temporal-mayo.jpg?resize=350%2C200","width":350,"height":200,"srcset":"https:\/\/i0.wp.com\/www.24baires.com\/wp-content\/uploads\/2013\/05\/temporal-mayo.jpg?resize=350%2C200 1x, https:\/\/i0.wp.com\/www.24baires.com\/wp-content\/uploads\/2013\/05\/temporal-mayo.jpg?resize=525%2C300 1.5x"},"classes":[]},{"id":39745,"url":"http:\/\/www.24baires.com\/?p=39745","url_meta":{"origin":70502,"position":3},"title":"Desde la Provincia enviaron ayuda a los afectados por el temporal","author":"Grupo Sierra","date":"03\/02\/2014","format":false,"excerpt":"El ministerio de Desarrollo Social y la Secretar\u00eda de Espacio P\u00fablico enviaron asistencia t\u00e9cnica y material a San Pedro, San Nicol\u00e1s, Ramallo, Arrecifes y Pergamino, da\u00f1ados por la tormenta ocurrida en las \u00faltimas horas, a la vez que se contin\u00faa monitoreando la evoluci\u00f3n de la situaci\u00f3n en cada uno de\u2026","rel":"","context":"En \u00abProvincia\u00bb","block_context":{"text":"Provincia","link":"http:\/\/www.24baires.com\/?cat=40"},"img":{"alt_text":"san pedro","src":"https:\/\/i0.wp.com\/www.24baires.com\/wp-content\/uploads\/2014\/02\/san-pedro1-300x225.jpg?resize=350%2C200","width":350,"height":200},"classes":[]},{"id":20400,"url":"http:\/\/www.24baires.com\/?p=20400","url_meta":{"origin":70502,"position":4},"title":"Cristina estuvo en varios centros de voluntarios donde se organiza la ayuda a los inundados","author":"Grupo Sierra","date":"07\/04\/2013","format":false,"excerpt":"LA PLATA.- La Presidenta Cristina Fern\u00e1ndez de Kirchner se hizo presente en la Facultad de Periodismo de la UNLP donde Unidos y Organizados coordina las tareas de distribuci\u00f3n solidaria. La Jefa de Estado se encontraba acompa\u00f1ada por el Secretario General de la Presidencia Oscar Parrilli y el Diputado Nacional Andr\u00e9s\u2026","rel":"","context":"En \u00abSociedad\u00bb","block_context":{"text":"Sociedad","link":"http:\/\/www.24baires.com\/?cat=1"},"img":{"alt_text":"","src":"https:\/\/i0.wp.com\/www.24baires.com\/wp-content\/uploads\/2013\/04\/cristina-con-voluntarios.jpg?resize=350%2C200","width":350,"height":200,"srcset":"https:\/\/i0.wp.com\/www.24baires.com\/wp-content\/uploads\/2013\/04\/cristina-con-voluntarios.jpg?resize=350%2C200 1x, https:\/\/i0.wp.com\/www.24baires.com\/wp-content\/uploads\/2013\/04\/cristina-con-voluntarios.jpg?resize=525%2C300 1.5x"},"classes":[]},{"id":20215,"url":"http:\/\/www.24baires.com\/?p=20215","url_meta":{"origin":70502,"position":5},"title":"La Legislatura trabajar\u00e1 en leyes en beneficio de los damnificados","author":"AF","date":"04\/04\/2013","format":false,"excerpt":"Los presidentes de bloque, por iniciativa del FpV, acordaron trabajar para avanzar en la sanci\u00f3n de leyes que contemplen un subsidio directo a damnificados por las inundaciones y exenci\u00f3n de ABL y patentes. Los jefes de bloque llegaron al entendimiento en el marco de una reuni\u00f3n que mantuvieron en la\u2026","rel":"","context":"En \u00abSociedad\u00bb","block_context":{"text":"Sociedad","link":"http:\/\/www.24baires.com\/?cat=1"},"img":{"alt_text":"","src":"","width":0,"height":0},"classes":[]}],"jetpack_sharing_enabled":true,"jetpack_likes_enabled":true,"jetpack_featured_media_url":"","_links":{"self":[{"href":"http:\/\/www.24baires.com\/index.php?rest_route=\/wp\/v2\/posts\/70502","targetHints":{"allow":["GET"]}}],"collection":[{"href":"http:\/\/www.24baires.com\/index.php?rest_route=\/wp\/v2\/posts"}],"about":[{"href":"http:\/\/www.24baires.com\/index.php?rest_route=\/wp\/v2\/types\/post"}],"author":[{"embeddable":true,"href":"http:\/\/www.24baires.com\/index.php?rest_route=\/wp\/v2\/users\/8"}],"replies":[{"embeddable":true,"href":"http:\/\/www.24baires.com\/index.php?rest_route=%2Fwp%2Fv2%2Fcomments&post=70502"}],"version-history":[{"count":1,"href":"http:\/\/www.24baires.com\/index.php?rest_route=\/wp\/v2\/posts\/70502\/revisions"}],"predecessor-version":[{"id":70504,"href":"http:\/\/www.24baires.com\/index.php?rest_route=\/wp\/v2\/posts\/70502\/revisions\/70504"}],"wp:attachment":[{"href":"http:\/\/www.24baires.com\/index.php?rest_route=%2Fwp%2Fv2%2Fmedia&parent=70502"}],"wp:term":[{"taxonomy":"category","embeddable":true,"href":"http:\/\/www.24baires.com\/index.php?rest_route=%2Fwp%2Fv2%2Fcategories&post=70502"},{"taxonomy":"post_tag","embeddable":true,"href":"http:\/\/www.24baires.com\/index.php?rest_route=%2Fwp%2Fv2%2Ftags&post=70502"}],"curies":[{"name":"wp","href":"https:\/\/api.w.org\/{rel}","templated":true}]}}