{"id":70489,"date":"2015-08-12T17:15:44","date_gmt":"2015-08-12T20:15:44","guid":{"rendered":"http:\/\/www.24baires.com\/?p=70489"},"modified":"2015-08-12T16:54:19","modified_gmt":"2015-08-12T19:54:19","slug":"cristina-lidero-la-decision-del-continente-de-reconocer-al-estado-palestino","status":"publish","type":"post","link":"http:\/\/www.24baires.com\/?p=70489","title":{"rendered":"Cristina \u00ablider\u00f3 la decisi\u00f3n del continente de reconocer al Estado palestino\u00bb"},"content":{"rendered":"<p>La m\u00e1xima autoridad de la Organizaci\u00f3n para la Liberaci\u00f3n de Palestina (OLP), Saeb Erekat, agradeci\u00f3 en Buenos Aires a la Presidenta por su \u00abfirmeza\u00bb en la defensa de la soluci\u00f3n de dos Estados en el conflicto con Israel.<!--more--><\/p>\n<p>\u00abEstoy acostumbrado a ir a Mosc\u00fa, Berl\u00edn, Roma, Londres, Par\u00eds a negociar; pero hoy estoy en Buenos Aires solamente para expresar nuestra gratitud y agradecer lo que hicieron. Es muy significativo que Argentina haya liderado la decisi\u00f3n de gran parte de este continente de reconocer el Estado palestino\u00bb, enfatiz\u00f3 el dirigente palestino, de 60 a\u00f1os.<\/p>\n<p>El secretario general de la OLP, quien desde hace a\u00f1os lidera las actualmente interrumpidas negociaciones con Israel, viaj\u00f3 a Argentina para condecorar a \u00abla presidenta Cristina\u00bb -como la llama, pese a sus modales estrictamente diplom\u00e1ticos- con el m\u00e1ximo reconocimiento de su pa\u00eds, la Estrella Palestina.<\/p>\n<p>\u00abLa presidenta Cristina se mantuvo con mucha firmeza a favor de la soluci\u00f3n de dos Estados, del derecho de Palestina de vivir al lado de Israel en paz y al reconocer el Estado palestino\u00bb, explic\u00f3 en una entrevista con T\u00e9lam.<\/p>\n<p>Argentina reconoci\u00f3 oficialmente el Estado de Palestina seg\u00fan las fronteras previas a la guerra de 1967 -es decir, los territorios de Jerusal\u00e9n este, Cisjordania y la Franja de Gaza- a fines de 2010, dos a\u00f1os despu\u00e9s de abrir por primera vez una representaci\u00f3n diplom\u00e1tica en Ramallah, la sede de la Autoridad Nacional Palestina (ANP).<\/p>\n<p>Desde el principio, el kirchnerismo asumi\u00f3 la defensa de la soluci\u00f3n de dos Estados en el conflicto israel\u00ed-palestino y construy\u00f3 una buena relaci\u00f3n con Ramallah.<\/p>\n<p>En 2005, como senadora y en el marco de una gira que tambi\u00e9n la llev\u00f3 a Israel, Cristina Fern\u00e1ndez de Kirchner visit\u00f3 Cisjordania.<\/p>\n<p>Cuatro a\u00f1os despu\u00e9s, ya como presidenta, recibi\u00f3 a su par palestino, Mahmud Abbas, en Buenos Aires y en 2011 se reuni\u00f3 con su canciller, Ryad al Maliki, en Montevideo, paralelamente a la firma de un Tratado de Libre Comercio entre Mercosur y Palestina.<\/p>\n<p>El acercamiento de Argentina fue muy bien recibido por los palestinos, seg\u00fan un Erekat muy sonriente.<\/p>\n<p>\u00abLos palestinos comunes conocen a Argentina, los conocen (&#8230;) Cuando el equipo de f\u00fatbol argentino juega, es como si hubiera un toque de queda en Palestina. El pueblo palestino siente un amor profundo por el equipo de f\u00fatbol nacional argentino\u00bb, cont\u00f3 con orgullo.<\/p>\n<p>\u00abEn realidad -aclar\u00f3- el mundo es muy peque\u00f1o, y tener a un pa\u00eds en la otra punta del mundo que simpatiza con Palestina, con el proceso de paz y que apoya la soluci\u00f3n de dos Estados es algo que los palestinos aprecian mucho\u00bb.<\/p>\n<p>Para Erekat, quien luego de su paso por Buenos Aires viajar\u00e1 a Chile, la buena relaci\u00f3n con Argentina no se agot\u00f3 en el reconocimiento de 2010.<\/p>\n<p>El veterano negociador, que a\u00fan dirige el equipo del gobierno encargado de dialogar con Israel y la comunidad internacional, explic\u00f3 que est\u00e1n intentado reactivar un di\u00e1logo de paz sumando pa\u00edses al proceso.<\/p>\n<p>\u00abNo pensamos en reemplazar a Estados Unidos, no ser\u00eda algo realista. Lo que buscamos es ver c\u00f3mo complementamos y fortalecemos el rol de las terceras partes. Estamos trabajando con los franceses para expandir el Cuarteto (para Medio Oriente)\u00bb, se\u00f1al\u00f3, en referencia al grupo constituido por Estados Unidos, Rusia, la Uni\u00f3n Europea y la ONU.<\/p>\n<p>Consultado por T\u00e9lam sobre si la ANP quiere una mesa de negociaci\u00f3n similar a la que sell\u00f3 recientemente un acuerdo nuclear con Ir\u00e1n, Erekat respondi\u00f3: \u00abM\u00e1s o menos. Queremos que los BRICS (Brasil, Rusia, India, China y Sud\u00e1frica) se unan al Cuarteto\u00bb.<\/p>\n<p>\u00abTambi\u00e9n Argentina y por qu\u00e9 no Jap\u00f3n. Estamos trabajando muy duro para que esto se haga realidad. El modelo iran\u00ed demostr\u00f3 que cuando la comunidad internacional, los estadounidenses, los rusos, los chinos, los alemanes y franceses, trabajan juntos, producen resultados\u00bb, se\u00f1al\u00f3.<\/p>\n","protected":false},"excerpt":{"rendered":"<p>La m\u00e1xima autoridad de la Organizaci\u00f3n para la Liberaci\u00f3n de Palestina (OLP), Saeb Erekat, agradeci\u00f3 en Buenos Aires a la Presidenta por su \u00abfirmeza\u00bb en la defensa de la soluci\u00f3n de dos Estados en el conflicto con Israel.<\/p>\n","protected":false},"author":8,"featured_media":0,"comment_status":"open","ping_status":"open","sticky":false,"template":"","format":"standard","meta":{"_jetpack_newsletter_access":"","_jetpack_dont_email_post_to_subs":false,"_jetpack_newsletter_tier_id":0,"_jetpack_memberships_contains_paywalled_content":false,"_jetpack_memberships_contains_paid_content":false,"footnotes":""},"categories":[51],"tags":[],"class_list":["post-70489","post","type-post","status-publish","format-standard","hentry","category-politica"],"jetpack_shortlink":"https:\/\/wp.me\/p2JWE0-ikV","jetpack-related-posts":[{"id":5805,"url":"http:\/\/www.24baires.com\/?p=5805","url_meta":{"origin":70489,"position":0},"title":"Egipto le pidi\u00f3 a Cristina que intervenga para frenar la violencia en la Franja de Gaza","author":"AF","date":"17\/11\/2012","format":false,"excerpt":"El presidente de Egipto, Mohamed Morsi, se comunic\u00f3 con Cristina Fern\u00e1ndez de Kirchner para solicitarle que intervenga para frenar la violencia entre Israel y Palestina, en la Franja de Gaza. \"El presidente de la Rep\u00fablica \u00c1rabe de Egipto, Mohamed Morsi, se comunic\u00f3 con la Presidenta de la Naci\u00f3n, doctora Cristina\u2026","rel":"","context":"En \u00abPol\u00edtica\u00bb","block_context":{"text":"Pol\u00edtica","link":"http:\/\/www.24baires.com\/?cat=51"},"img":{"alt_text":"","src":"https:\/\/i0.wp.com\/www.24baires.com\/wp-content\/uploads\/2012\/11\/cristina-morsi.jpg?resize=350%2C200","width":350,"height":200,"srcset":"https:\/\/i0.wp.com\/www.24baires.com\/wp-content\/uploads\/2012\/11\/cristina-morsi.jpg?resize=350%2C200 1x, https:\/\/i0.wp.com\/www.24baires.com\/wp-content\/uploads\/2012\/11\/cristina-morsi.jpg?resize=525%2C300 1.5x"},"classes":[]},{"id":102545,"url":"http:\/\/www.24baires.com\/?p=102545","url_meta":{"origin":70489,"position":1},"title":"Suspendieron el amistoso entre Argentina e Israel por las amenazas","author":"AF","date":"05\/06\/2018","format":false,"excerpt":"Tras las amenazas contra Lionel Messi, se decidi\u00f3 no disputar el \u00faltimo encuentro del seleccionado argentino previo al comienzo de Rusia 2018. Tras la carta que envi\u00f3 el presidente de la Federaci\u00f3n Palestina a su par de la AFA, Chiqui Tapia y las amenazas de quemar camisetas de Lionel Messi,\u2026","rel":"","context":"En \u00abDeportes\u00bb","block_context":{"text":"Deportes","link":"http:\/\/www.24baires.com\/?cat=12"},"img":{"alt_text":"","src":"https:\/\/i0.wp.com\/www.24baires.com\/wp-content\/uploads\/2018\/06\/selecci%C3%B3n-argentina.jpeg?resize=350%2C200","width":350,"height":200,"srcset":"https:\/\/i0.wp.com\/www.24baires.com\/wp-content\/uploads\/2018\/06\/selecci%C3%B3n-argentina.jpeg?resize=350%2C200 1x, https:\/\/i0.wp.com\/www.24baires.com\/wp-content\/uploads\/2018\/06\/selecci%C3%B3n-argentina.jpeg?resize=525%2C300 1.5x"},"classes":[]},{"id":3973,"url":"http:\/\/www.24baires.com\/?p=3973","url_meta":{"origin":70489,"position":2},"title":"\u00abEl Juicio \u00c9tico por la ocupaci\u00f3n en Palestina fue suspendido por presiones de la Embajada israel\u00ed\u00bb","author":"Grupo Sierra","date":"31\/10\/2012","format":false,"excerpt":"As\u00ed lo expres\u00f3 la ex Diputada Nacional, Cecilia \u201cChecha\u201d Merch\u00e1n, en di\u00e1logo con el programa radial marplatense Un D\u00eda Perfecto , al referirse al Tribunal \u00c9tico por la Ocupaci\u00f3n y Colonizaci\u00f3n de Israel en Palestina que deb\u00eda realizarse el pasado martes, organizado por el Comit\u00e9 Argentino de Solidaridad con el\u2026","rel":"","context":"En \u00abPol\u00edtica\u00bb","block_context":{"text":"Pol\u00edtica","link":"http:\/\/www.24baires.com\/?cat=51"},"img":{"alt_text":"","src":"https:\/\/i0.wp.com\/www.24baires.com\/wp-content\/uploads\/2012\/10\/merchan2-288x300.jpg?resize=350%2C200","width":350,"height":200},"classes":[]},{"id":677,"url":"http:\/\/www.24baires.com\/?p=677","url_meta":{"origin":70489,"position":3},"title":"El embajador palestino advirti\u00f3 que \u201cScioli negocia con una empresa del apartheid israel\u00ed\u201d","author":"Grupo Sierra","date":"30\/09\/2012","format":false,"excerpt":"A la luz del arribo de MEKOROT, la compa\u00f1\u00eda de agua nacional de Israel en suelo bonaerense, el embajador palestino en Argentina, Walid Muaqqat, cuestion\u00f3 duramente al gobernador Scioli por permitir el ingreso al pa\u00eds de una \u201cempresa 'monstruo, c\u00f3mplice de delitos de lesa humanidad\u201d. En ese sentido, pidi\u00f3 al\u2026","rel":"","context":"En \u00abPol\u00edtica\u00bb","block_context":{"text":"Pol\u00edtica","link":"http:\/\/www.24baires.com\/?cat=51"},"img":{"alt_text":"","src":"https:\/\/i0.wp.com\/www.24baires.com\/wp-content\/uploads\/2012\/09\/embajador-palestino1.png?resize=350%2C200","width":350,"height":200,"srcset":"https:\/\/i0.wp.com\/www.24baires.com\/wp-content\/uploads\/2012\/09\/embajador-palestino1.png?resize=350%2C200 1x, https:\/\/i0.wp.com\/www.24baires.com\/wp-content\/uploads\/2012\/09\/embajador-palestino1.png?resize=525%2C300 1.5x"},"classes":[]},{"id":53063,"url":"http:\/\/www.24baires.com\/?p=53063","url_meta":{"origin":70489,"position":4},"title":"La Plata: convocan a un acto y marcha contra la invasi\u00f3n a Palestina","author":"GB","date":"04\/09\/2014","format":false,"excerpt":"El embajador de Palestina en Argentina, Walid Muaqqat encabezar\u00e1 ma\u00f1ana una charla en la C\u00e1mara de Diputados de la provincia de Buenos Aires, invitado por agrupaciones pol\u00edticas y sociales quienes anunciaron una movilizaci\u00f3n para repudiar la invasi\u00f3n israel\u00ed sobre Palestina. El embajador disertar\u00e1 en la legislatura, ubicada en calle 53\u2026","rel":"","context":"En \u00abLocales\u00bb","block_context":{"text":"Locales","link":"http:\/\/www.24baires.com\/?cat=38"},"img":{"alt_text":"","src":"https:\/\/i0.wp.com\/www.24baires.com\/wp-content\/uploads\/2014\/09\/convocatoria.jpg?resize=350%2C200","width":350,"height":200,"srcset":"https:\/\/i0.wp.com\/www.24baires.com\/wp-content\/uploads\/2014\/09\/convocatoria.jpg?resize=350%2C200 1x, https:\/\/i0.wp.com\/www.24baires.com\/wp-content\/uploads\/2014\/09\/convocatoria.jpg?resize=525%2C300 1.5x"},"classes":[]},{"id":50035,"url":"http:\/\/www.24baires.com\/?p=50035","url_meta":{"origin":70489,"position":5},"title":"Cerca de 300 personas protestaron en Capital contra el ataque a Gaza","author":"Grupo Sierra","date":"16\/07\/2014","format":false,"excerpt":"Se concentraron frente a la embajada israel\u00ed en el centro porte\u00f1o para protestar contra la nueva ofensiva lanzada contra la Franja de Gaza, que ya dej\u00f3 m\u00e1s de 220 muertos. Convocada por el Comit\u00e9 Argentino de Solidaridad con el Pueblo Palestino, la peque\u00f1a multitud que cop\u00f3 la cuadra de Avenida\u2026","rel":"","context":"En \u00abSociedad\u00bb","block_context":{"text":"Sociedad","link":"http:\/\/www.24baires.com\/?cat=1"},"img":{"alt_text":"","src":"https:\/\/i0.wp.com\/www.24baires.com\/wp-content\/uploads\/2014\/07\/Palestina-1-620x399.jpg?resize=350%2C200","width":350,"height":200,"srcset":"https:\/\/i0.wp.com\/www.24baires.com\/wp-content\/uploads\/2014\/07\/Palestina-1-620x399.jpg?resize=350%2C200 1x, https:\/\/i0.wp.com\/www.24baires.com\/wp-content\/uploads\/2014\/07\/Palestina-1-620x399.jpg?resize=525%2C300 1.5x"},"classes":[]}],"jetpack_sharing_enabled":true,"jetpack_likes_enabled":true,"jetpack_featured_media_url":"","_links":{"self":[{"href":"http:\/\/www.24baires.com\/index.php?rest_route=\/wp\/v2\/posts\/70489","targetHints":{"allow":["GET"]}}],"collection":[{"href":"http:\/\/www.24baires.com\/index.php?rest_route=\/wp\/v2\/posts"}],"about":[{"href":"http:\/\/www.24baires.com\/index.php?rest_route=\/wp\/v2\/types\/post"}],"author":[{"embeddable":true,"href":"http:\/\/www.24baires.com\/index.php?rest_route=\/wp\/v2\/users\/8"}],"replies":[{"embeddable":true,"href":"http:\/\/www.24baires.com\/index.php?rest_route=%2Fwp%2Fv2%2Fcomments&post=70489"}],"version-history":[{"count":1,"href":"http:\/\/www.24baires.com\/index.php?rest_route=\/wp\/v2\/posts\/70489\/revisions"}],"predecessor-version":[{"id":70490,"href":"http:\/\/www.24baires.com\/index.php?rest_route=\/wp\/v2\/posts\/70489\/revisions\/70490"}],"wp:attachment":[{"href":"http:\/\/www.24baires.com\/index.php?rest_route=%2Fwp%2Fv2%2Fmedia&parent=70489"}],"wp:term":[{"taxonomy":"category","embeddable":true,"href":"http:\/\/www.24baires.com\/index.php?rest_route=%2Fwp%2Fv2%2Fcategories&post=70489"},{"taxonomy":"post_tag","embeddable":true,"href":"http:\/\/www.24baires.com\/index.php?rest_route=%2Fwp%2Fv2%2Ftags&post=70489"}],"curies":[{"name":"wp","href":"https:\/\/api.w.org\/{rel}","templated":true}]}}