{"id":70486,"date":"2015-08-12T16:14:41","date_gmt":"2015-08-12T19:14:41","guid":{"rendered":"http:\/\/www.24baires.com\/?p=70486"},"modified":"2015-08-12T16:14:41","modified_gmt":"2015-08-12T19:14:41","slug":"daniel-scioli-regresara-al-pais-tras-postergar-su-tratamiento-en-italia","status":"publish","type":"post","link":"http:\/\/www.24baires.com\/?p=70486","title":{"rendered":"Daniel Scioli regresar\u00e1 al pa\u00eds tras postergar su tratamiento en Italia"},"content":{"rendered":"<p><img data-recalc-dims=\"1\" loading=\"lazy\" decoding=\"async\" class=\"aligncenter wp-image-68427\" src=\"https:\/\/i0.wp.com\/www.24baires.com\/wp-content\/uploads\/2015\/07\/scioli.jpg?resize=560%2C314\" alt=\"scioli\" width=\"560\" height=\"314\" srcset=\"https:\/\/i0.wp.com\/www.24baires.com\/wp-content\/uploads\/2015\/07\/scioli.jpg?w=510 510w, https:\/\/i0.wp.com\/www.24baires.com\/wp-content\/uploads\/2015\/07\/scioli.jpg?resize=300%2C168 300w\" sizes=\"auto, (max-width: 560px) 100vw, 560px\" \/>El gobernador bonaerense y candidato presidencial postergar\u00e1 el tratamiento m\u00e9dico de su brazo y regresar\u00e1 esta noche para continuar monitoreando a los municipios afectados por las inundaciones en la provincia de Buenos Aires.<!--more--><\/p>\n<p>As\u00ed lo confirm\u00f3 su jefe de Gabinete, Alberto P\u00e9rez, quien manifest\u00f3 en declaraciones period\u00edsticas que el gobernador bonaerense \u00absuspendi\u00f3 todas las actividades para estar al frente de esta situaci\u00f3n y regresa esta noche, ya que Daniel Scioli es de los gobernantes que est\u00e1n donde est\u00e1n los problemas\u201d.<\/p>\n<p>\u00abEsta noche adelant\u00f3 el viaje de regreso y ma\u00f1ana a las 8 va a estar en el pa\u00eds\u00bb, apunt\u00f3 P\u00e9rez y agreg\u00f3 que \u00abantes del mediod\u00eda de ma\u00f1ana va a tener una reuni\u00f3n de gabinete\u00bb y asegur\u00f3 que todo el Gabinete provincial est\u00e1 abocado al tema de las lluvias y los evacuados en territorio bonaerense.<\/p>\n<p>Adem\u00e1s, Perez subray\u00f3 que Scioli \u00abcancel\u00f3 las reuniones que ten\u00eda en ese pa\u00eds\u00bb y a\u00f1adi\u00f3 que \u00ab\u00e9l quiere estar ac\u00e1\u00bb.<br \/>\nP\u00e9rez dej\u00f3 en claro que \u00abDaniel Scioli es de los gobernantes que est\u00e1 donde est\u00e1n los problemas\u00bb, al referirse a la situaci\u00f3n planteada en medio de las inundaciones que azotan la provincia.<\/p>\n<p>En ese sentido, detall\u00f3 que el gobierno provincial \u00abdecret\u00f3 la emergencia agropecuaria en las zonas afectadas por las inundaciones, lo que supone que en algunos casos no se pagar\u00e1n impuestos y se pospondr\u00e1 el cobro de cr\u00e9ditos con el Banco Provincia\u201d.<\/p>\n<p>\u201cQueremos estar al lado de la gente como siempre lo hacemos por eso estamos coordinando la asistencia a los afectados a nivel nacional, provincial y municipal\u201d, concluy\u00f3.<\/p>\n<p>En esa l\u00ednea, el vocero de campa\u00f1a de Scioli, Jorge Telerman, expres\u00f3 en declaraciones period\u00edsticas que \u201ces su obligaci\u00f3n e inclinaci\u00f3n natural estar ac\u00e1\u201d y a\u00f1adi\u00f3 que \u00abquiere estar ac\u00e1 supervisando y controlando, apenas toc\u00f3 suelo italiano decidi\u00f3 regresar\u201d.<\/p>\n<p>\u00abScioli tom\u00f3 la decisi\u00f3n de volver inmediatamente. Todo el gobierno provincial est\u00e1 comprometido, pero la decisi\u00f3n de Scioli es estar al frente, por lo que decidi\u00f3 postergar su control m\u00e9dico\u00bb.<\/p>\n","protected":false},"excerpt":{"rendered":"<p>El gobernador bonaerense y candidato presidencial postergar\u00e1 el tratamiento m\u00e9dico de su brazo y regresar\u00e1 esta noche para continuar monitoreando a los municipios afectados por las inundaciones en la provincia de Buenos Aires.<\/p>\n","protected":false},"author":8,"featured_media":0,"comment_status":"open","ping_status":"open","sticky":false,"template":"","format":"standard","meta":{"_jetpack_newsletter_access":"","_jetpack_dont_email_post_to_subs":false,"_jetpack_newsletter_tier_id":0,"_jetpack_memberships_contains_paywalled_content":false,"_jetpack_memberships_contains_paid_content":false,"footnotes":""},"categories":[51],"tags":[],"class_list":["post-70486","post","type-post","status-publish","format-standard","hentry","category-politica"],"jetpack_shortlink":"https:\/\/wp.me\/p2JWE0-ikS","jetpack-related-posts":[{"id":102717,"url":"http:\/\/www.24baires.com\/?p=102717","url_meta":{"origin":70486,"position":0},"title":"Stolbizer: \u00abLa gesti\u00f3n de Vidal es tan mala como la de Scioli\u00bb","author":"GB","date":"13\/06\/2018","format":false,"excerpt":"La l\u00edder del GEN endureci\u00f3 su discurso contra la Gobernadora y afirm\u00f3 que \"no puede mostrar avances\" en educaci\u00f3n, salud y seguridad. Margarita Stolbizer abandon\u00f3 el discurso conciliador con Mar\u00eda Eugenia Vidal y afirm\u00f3 que su gesti\u00f3n \"es tan mala\" como la de su antecesor Daniel Scioli. Durante una visita\u2026","rel":"","context":"En \u00abPol\u00edtica\u00bb","block_context":{"text":"Pol\u00edtica","link":"http:\/\/www.24baires.com\/?cat=51"},"img":{"alt_text":"","src":"https:\/\/i0.wp.com\/www.24baires.com\/wp-content\/uploads\/2016\/08\/vidal-stolbizer.jpg?resize=350%2C200","width":350,"height":200,"srcset":"https:\/\/i0.wp.com\/www.24baires.com\/wp-content\/uploads\/2016\/08\/vidal-stolbizer.jpg?resize=350%2C200 1x, https:\/\/i0.wp.com\/www.24baires.com\/wp-content\/uploads\/2016\/08\/vidal-stolbizer.jpg?resize=525%2C300 1.5x"},"classes":[]},{"id":101122,"url":"http:\/\/www.24baires.com\/?p=101122","url_meta":{"origin":70486,"position":1},"title":"Indagar\u00e1n a Scioli por irregularidades en la construcci\u00f3n de las UPA 24","author":"AF","date":"17\/03\/2018","format":false,"excerpt":"El ex gobernador Daniel Scioli y quien fuera su ministro de Salud, Alejandro Collia, fueron imputados y citados a prestar declaraci\u00f3n indagatoria en el marco de una causa que investiga presuntas irregularidades en la adjudicaci\u00f3n de ocho Unidades de Pronta Atenci\u00f3n (UPA 24) para las que se destinaron m\u00e1s de\u2026","rel":"","context":"En \u00abJUDICIALES\u00bb","block_context":{"text":"JUDICIALES","link":"http:\/\/www.24baires.com\/?cat=68"},"img":{"alt_text":"","src":"https:\/\/i0.wp.com\/www.24baires.com\/wp-content\/uploads\/2014\/05\/Daniel-Scioli.jpg?resize=350%2C200","width":350,"height":200,"srcset":"https:\/\/i0.wp.com\/www.24baires.com\/wp-content\/uploads\/2014\/05\/Daniel-Scioli.jpg?resize=350%2C200 1x, https:\/\/i0.wp.com\/www.24baires.com\/wp-content\/uploads\/2014\/05\/Daniel-Scioli.jpg?resize=525%2C300 1.5x"},"classes":[]},{"id":42857,"url":"http:\/\/www.24baires.com\/?p=42857","url_meta":{"origin":70486,"position":2},"title":"Conflicto docente: chau De Luc\u00eda, hola P\u00e9rez","author":"Grupo Sierra","date":"27\/03\/2014","format":false,"excerpt":"El jefe de Gabinete bonaerense asegur\u00f3 que el propio Scioli lo envi\u00f3 a ser el intermediario para seguir las negociaciones con los gremios docentes. El jefe de Gabinete del gobierno bonaerense, Alberto P\u00e9rez, nuevo negociador del sciolismo ante los gremios docentes, asever\u00f3 hoy que no comprende \"esta intransigencia\" demostrada por\u2026","rel":"","context":"En \u00abPol\u00edtica\u00bb","block_context":{"text":"Pol\u00edtica","link":"http:\/\/www.24baires.com\/?cat=51"},"img":{"alt_text":"Nora de luc\u00eda alberto p\u00e9rez","src":"https:\/\/i0.wp.com\/www.24baires.com\/wp-content\/uploads\/2014\/03\/Nora-de-luc%C3%ADa-alberto-p%C3%A9rez-300x169.jpg?resize=350%2C200","width":350,"height":200},"classes":[]},{"id":20341,"url":"http:\/\/www.24baires.com\/?p=20341","url_meta":{"origin":70486,"position":3},"title":"Francisco llam\u00f3 al gobernador Scioli y le brind\u00f3 \u00abtoda la fortaleza de la Iglesia cat\u00f3lica\u00bb","author":"AF","date":"06\/04\/2013","format":false,"excerpt":"El papa Francisco manifest\u00f3 hoy su solidaridad con los damnificados por las inundaciones en una charla con el gobernador Daniel Scioli, quien lo visitar\u00e1 en el Vaticano, revel\u00f3 hoy el jefe de Gabinete bonaerense, Alberto P\u00e9rez. \"El Papa se comunic\u00f3 hace diez minutos con el gobernador para acercarnos toda la\u2026","rel":"","context":"En \u00abPol\u00edtica\u00bb","block_context":{"text":"Pol\u00edtica","link":"http:\/\/www.24baires.com\/?cat=51"},"img":{"alt_text":"","src":"https:\/\/i0.wp.com\/www.24baires.com\/wp-content\/uploads\/2013\/04\/scioli-bergoglio.jpg?resize=350%2C200","width":350,"height":200,"srcset":"https:\/\/i0.wp.com\/www.24baires.com\/wp-content\/uploads\/2013\/04\/scioli-bergoglio.jpg?resize=350%2C200 1x, https:\/\/i0.wp.com\/www.24baires.com\/wp-content\/uploads\/2013\/04\/scioli-bergoglio.jpg?resize=525%2C300 1.5x"},"classes":[]},{"id":49077,"url":"http:\/\/www.24baires.com\/?p=49077","url_meta":{"origin":70486,"position":4},"title":"Polic\u00edas Municipales: \u00abScioli no hizo m\u00e1s que anunciar una oficina\u00bb","author":"Grupo Sierra","date":"01\/07\/2014","format":false,"excerpt":"As\u00ed se refiri\u00f3 el Intendente de San Miguel, Joaqu\u00edn de la Torre, en declaraciones radiales y analiz\u00f3 la serie de anuncios realizados por Scioli y su gabinete respecto a la creaci\u00f3n de las polic\u00edas municipales por decreto. \"Las declaraciones en televisi\u00f3n del Gobernador, lo que luego explic\u00f3 Alberto P\u00e9rez y\u2026","rel":"","context":"En \u00abPol\u00edtica\u00bb","block_context":{"text":"Pol\u00edtica","link":"http:\/\/www.24baires.com\/?cat=51"},"img":{"alt_text":"scioli - granados","src":"https:\/\/i0.wp.com\/www.24baires.com\/wp-content\/uploads\/2014\/06\/scioli-granados.jpg?resize=350%2C200","width":350,"height":200,"srcset":"https:\/\/i0.wp.com\/www.24baires.com\/wp-content\/uploads\/2014\/06\/scioli-granados.jpg?resize=350%2C200 1x, https:\/\/i0.wp.com\/www.24baires.com\/wp-content\/uploads\/2014\/06\/scioli-granados.jpg?resize=525%2C300 1.5x"},"classes":[]},{"id":100134,"url":"http:\/\/www.24baires.com\/?p=100134","url_meta":{"origin":70486,"position":5},"title":"La Provincia prev\u00e9 una dura negociaci\u00f3n con los gremios docentes","author":"GB","date":"24\/01\/2018","format":false,"excerpt":"En el gobierno bonaerense afirman que \"no hay ni piso ni techo\" para la paritaria; avanzan en la \"depuraci\u00f3n\" de las afiliaciones de los sindicatos que agrupan a maestros y profesores Volvi\u00f3 descansada y feliz de Villa La Angostura. Ya de regreso en su despacho, Mar\u00eda Eugenia Vidal se pondr\u00e1\u2026","rel":"","context":"En \u00abProvincia\u00bb","block_context":{"text":"Provincia","link":"http:\/\/www.24baires.com\/?cat=40"},"img":{"alt_text":"","src":"https:\/\/i0.wp.com\/www.24baires.com\/wp-content\/uploads\/2017\/11\/docentes.jpg?resize=350%2C200","width":350,"height":200,"srcset":"https:\/\/i0.wp.com\/www.24baires.com\/wp-content\/uploads\/2017\/11\/docentes.jpg?resize=350%2C200 1x, https:\/\/i0.wp.com\/www.24baires.com\/wp-content\/uploads\/2017\/11\/docentes.jpg?resize=525%2C300 1.5x"},"classes":[]}],"jetpack_sharing_enabled":true,"jetpack_likes_enabled":true,"jetpack_featured_media_url":"","_links":{"self":[{"href":"http:\/\/www.24baires.com\/index.php?rest_route=\/wp\/v2\/posts\/70486","targetHints":{"allow":["GET"]}}],"collection":[{"href":"http:\/\/www.24baires.com\/index.php?rest_route=\/wp\/v2\/posts"}],"about":[{"href":"http:\/\/www.24baires.com\/index.php?rest_route=\/wp\/v2\/types\/post"}],"author":[{"embeddable":true,"href":"http:\/\/www.24baires.com\/index.php?rest_route=\/wp\/v2\/users\/8"}],"replies":[{"embeddable":true,"href":"http:\/\/www.24baires.com\/index.php?rest_route=%2Fwp%2Fv2%2Fcomments&post=70486"}],"version-history":[{"count":1,"href":"http:\/\/www.24baires.com\/index.php?rest_route=\/wp\/v2\/posts\/70486\/revisions"}],"predecessor-version":[{"id":70487,"href":"http:\/\/www.24baires.com\/index.php?rest_route=\/wp\/v2\/posts\/70486\/revisions\/70487"}],"wp:attachment":[{"href":"http:\/\/www.24baires.com\/index.php?rest_route=%2Fwp%2Fv2%2Fmedia&parent=70486"}],"wp:term":[{"taxonomy":"category","embeddable":true,"href":"http:\/\/www.24baires.com\/index.php?rest_route=%2Fwp%2Fv2%2Fcategories&post=70486"},{"taxonomy":"post_tag","embeddable":true,"href":"http:\/\/www.24baires.com\/index.php?rest_route=%2Fwp%2Fv2%2Ftags&post=70486"}],"curies":[{"name":"wp","href":"https:\/\/api.w.org\/{rel}","templated":true}]}}