{"id":70459,"date":"2015-08-12T10:43:55","date_gmt":"2015-08-12T13:43:55","guid":{"rendered":"http:\/\/www.24baires.com\/?p=70459"},"modified":"2015-08-12T20:27:31","modified_gmt":"2015-08-12T23:27:31","slug":"anibal-fernandez-el-kirchnerismo-es-el-peronismo-del-siglo-xxi","status":"publish","type":"post","link":"http:\/\/www.24baires.com\/?p=70459","title":{"rendered":"An\u00edbal Fern\u00e1ndez: \u00abEl kirchnerismo es el peronismo del siglo XXI\u00bb"},"content":{"rendered":"<p><img data-recalc-dims=\"1\" loading=\"lazy\" decoding=\"async\" class=\"aligncenter size-full wp-image-10776\" src=\"https:\/\/i0.wp.com\/www.24baires.com\/wp-content\/uploads\/2012\/12\/fern%C3%A1ndez-an%C3%ADbal.jpg?resize=560%2C314\" alt=\"fern\u00e1ndez an\u00edbal\" width=\"560\" height=\"314\" srcset=\"https:\/\/i0.wp.com\/www.24baires.com\/wp-content\/uploads\/2012\/12\/fern%C3%A1ndez-an%C3%ADbal.jpg?w=560 560w, https:\/\/i0.wp.com\/www.24baires.com\/wp-content\/uploads\/2012\/12\/fern%C3%A1ndez-an%C3%ADbal.jpg?resize=300%2C168 300w\" sizes=\"auto, (max-width: 560px) 100vw, 560px\" \/>El jefe de Gabinete y candidato a gobernador de la provincia de Buenos Aires por el Frente para la Victoria dijo \u00abno hay nadie en el mundo m\u00e1s peronista\u00bb que \u00e9l, al tiempo que consider\u00f3 que el macrismo ya \u00abmostr\u00f3 su piso y su techo\u00bb en el distrito.<!--more--><\/p>\n<p>\u00abEl kirchnerismo es el peronismo del siglo XXI, que tiene una base amplia porque tiene gente muchos otros sectores\u00bb, dijo Fern\u00e1ndez en una entrevista con el diario P\u00e1gina\/12 publicada este mi\u00e9rcoles.<\/p>\n<p>En ese marco, el funcionario ampli\u00f3 que \u00abel kirchnerismo es eso, son miles de hombres, mujeres y pibes que vienen de distintos sectores o que vienen empezando en la pol\u00edtica y que tienen una visi\u00f3n estrat\u00e9gica m\u00e1s nueva, m\u00e1s moderna a la que hay que acostumbrarse\u00bb.<\/p>\n<p>\u00abSer moderno no significa ser pibe, yo me considero moderno y tengo 58. Pero la dirigencia moderna tiene que pensar en eso: construcci\u00f3n de una nueva fuerza que N\u00e9stor la marc\u00f3 y que consolid\u00f3 Cristina en su mano, que lleva tiempo, pero que hoy no vuelve atr\u00e1s\u00bb, interpret\u00f3 el candidato a gobernador de la provincia de Buenos Aires por el kirchnerismo.<\/p>\n<p>Por otra parte, al evaluar la performance del PRO en las primarias abiertas, simult\u00e1neas y obligatorias (PASO) del domingo pasado, el ministro coordinador sostuvo que el \u00abmacrismo mostr\u00f3 su piso y su techo en la provincia de Buenos Aires. Es lo que ya se vio en todos lados\u00bb.<\/p>\n<p>En ese marco, Fern\u00e1ndez agreg\u00f3 que \u00abcompitieron en C\u00f3rdoba, en Chaco, Santa Fe y en La Rioja. En todos lados tuvieron la misma visi\u00f3n. En la Ciudad la visi\u00f3n fue del 47 por ciento, Mart\u00edn Lousteau subi\u00f3 26 puntos y Rodr\u00edguez Larreta solo cuatro. Forzosamente su situaci\u00f3n no es c\u00f3moda, as\u00ed como tampoco la de Mar\u00eda Eugenia Vidal, a la que yo respeto\u00bb.<\/p>\n<p>Por otra parte, consultado sobre si luego de las PASO los candidatos quedan &#8216;heridos&#8217;, en particular su relaci\u00f3n con Juli\u00e1n Dom\u00ednguez -su contrincante en la interna del FpV-, consider\u00f3 que \u00ablo criterioso de la pol\u00edtica una vez que la elecci\u00f3n termin\u00f3 es construir pol\u00edtica\u00bb.<\/p>\n<p>\u00ab\u00bfYo qu\u00e9 voy a hacer de esto? \u00bfUna cuesti\u00f3n de vida o muerte? Si son mis amigos, mis compa\u00f1eros de toda la vida Fernando (Espinoza) y Juli\u00e1n. \u00bfHubo cosas que no fueron acertadas? Seguramente las hubo&#8230; de los dos lados\u00bb, sintetiz\u00f3 el jefe de ministros y candidato a gobernador.<\/p>\n","protected":false},"excerpt":{"rendered":"<p>El jefe de Gabinete y candidato a gobernador de la provincia de Buenos Aires por el Frente para la Victoria dijo \u00abno hay nadie en el mundo m\u00e1s peronista\u00bb que \u00e9l, al tiempo que consider\u00f3 que el macrismo ya \u00abmostr\u00f3 su piso y su techo\u00bb en el distrito.<\/p>\n","protected":false},"author":4,"featured_media":0,"comment_status":"open","ping_status":"open","sticky":false,"template":"","format":"standard","meta":{"_jetpack_newsletter_access":"","_jetpack_dont_email_post_to_subs":false,"_jetpack_newsletter_tier_id":0,"_jetpack_memberships_contains_paywalled_content":false,"_jetpack_memberships_contains_paid_content":false,"footnotes":""},"categories":[51],"tags":[],"class_list":["post-70459","post","type-post","status-publish","format-standard","hentry","category-politica"],"jetpack_shortlink":"https:\/\/wp.me\/p2JWE0-ikr","jetpack-related-posts":[{"id":105173,"url":"http:\/\/www.24baires.com\/?p=105173","url_meta":{"origin":70459,"position":0},"title":"\u00abSer\u00eda aberrante formar un frente opositor sin el kirchnerismo\u00bb","author":"GB","date":"30\/10\/2018","format":false,"excerpt":"El intendente de Tigre afirm\u00f3 que CFK y Massa tienen \"ideas en com\u00fan\" y pidi\u00f3 que confluyan en un mismo frente. Larroque le abri\u00f3 las puertas al exdiputado y dijo que \"el \u00fanico l\u00edmite es Macri\". El intendente de Tigre, Julio Zamora, opin\u00f3 que ser\u00eda \"aberrante\" excluir al kirchnerismo del\u2026","rel":"","context":"En \u00abPol\u00edtica\u00bb","block_context":{"text":"Pol\u00edtica","link":"http:\/\/www.24baires.com\/?cat=51"},"img":{"alt_text":"","src":"https:\/\/i0.wp.com\/www.24baires.com\/wp-content\/uploads\/2018\/10\/massa-zamora.jpg?resize=350%2C200","width":350,"height":200,"srcset":"https:\/\/i0.wp.com\/www.24baires.com\/wp-content\/uploads\/2018\/10\/massa-zamora.jpg?resize=350%2C200 1x, https:\/\/i0.wp.com\/www.24baires.com\/wp-content\/uploads\/2018\/10\/massa-zamora.jpg?resize=525%2C300 1.5x"},"classes":[]},{"id":108278,"url":"http:\/\/www.24baires.com\/?p=108278","url_meta":{"origin":70459,"position":1},"title":"Schiaretti asegur\u00f3 que habr\u00e1 f\u00f3rmula propia de Alternativa Federal","author":"AF","date":"20\/05\/2019","format":false,"excerpt":"El gobernador reelecto de C\u00f3rdoba descart\u00f3 una eventual alianza con el kirchnerismo o Cambiemos, luego de que Cristina Kirchner anunciara que va de vice con Alberto Fern\u00e1ndez. El gobernador reelecto de C\u00f3rdoba, Juan Schiaretti, ratific\u00f3 que Alternativa Federal presentar\u00e1 una f\u00f3rmula propia de cara a las PASO y rechaz\u00f3 una\u2026","rel":"","context":"En \u00abPol\u00edtica\u00bb","block_context":{"text":"Pol\u00edtica","link":"http:\/\/www.24baires.com\/?cat=51"},"img":{"alt_text":"","src":"https:\/\/i0.wp.com\/www.24baires.com\/wp-content\/uploads\/2019\/05\/schiaretti.jpg?resize=350%2C200","width":350,"height":200},"classes":[]},{"id":121757,"url":"http:\/\/www.24baires.com\/?p=121757","url_meta":{"origin":70459,"position":2},"title":"\u00abLa l\u00f3gica de sometido o traidor caus\u00f3 malos resultados\u00bb","author":"GB","date":"21\/10\/2024","format":false,"excerpt":"Axel Kicillof respondi\u00f3 a los \"ataques\" del kirchnerismo con una extensa carta en la que defiende su prescindencia en la interna. Duro reproche a CFK. El gobernador Axel Kicillof sali\u00f3 a responder los ataques del kirchnerismo y a ratificar su pedido de unidad frente a la interna del PJ Nacional,\u2026","rel":"","context":"En \u00abProvincia\u00bb","block_context":{"text":"Provincia","link":"http:\/\/www.24baires.com\/?cat=40"},"img":{"alt_text":"","src":"https:\/\/i0.wp.com\/www.24baires.com\/wp-content\/uploads\/2022\/07\/kicillof.jpg?resize=350%2C200","width":350,"height":200,"srcset":"https:\/\/i0.wp.com\/www.24baires.com\/wp-content\/uploads\/2022\/07\/kicillof.jpg?resize=350%2C200 1x, https:\/\/i0.wp.com\/www.24baires.com\/wp-content\/uploads\/2022\/07\/kicillof.jpg?resize=525%2C300 1.5x, https:\/\/i0.wp.com\/www.24baires.com\/wp-content\/uploads\/2022\/07\/kicillof.jpg?resize=700%2C400 2x"},"classes":[]},{"id":107118,"url":"http:\/\/www.24baires.com\/?p=107118","url_meta":{"origin":70459,"position":3},"title":"El PJ invita a Massa y a los Gobernadores a una \u201cgran interna\u201d opositora","author":"GB","date":"07\/03\/2019","format":false,"excerpt":"El Partido Justicialista, en el orden nacional, celebra hoy un Congreso en el que se habilitar\u00e1 al espacio a conformar alianzas electorales. A su ingreso al estadio de Ferro, desde el kirchnerismo abrieron las puertas a espacios disidentes. Tal como el PJ Bonaerense hizo hace apenas unas semanas, el Partido\u2026","rel":"","context":"En \u00abProvincia\u00bb","block_context":{"text":"Provincia","link":"http:\/\/www.24baires.com\/?cat=40"},"img":{"alt_text":"","src":"https:\/\/i0.wp.com\/www.24baires.com\/wp-content\/uploads\/2019\/03\/congreso-justicialista.jpg?resize=350%2C200","width":350,"height":200,"srcset":"https:\/\/i0.wp.com\/www.24baires.com\/wp-content\/uploads\/2019\/03\/congreso-justicialista.jpg?resize=350%2C200 1x, https:\/\/i0.wp.com\/www.24baires.com\/wp-content\/uploads\/2019\/03\/congreso-justicialista.jpg?resize=525%2C300 1.5x"},"classes":[]},{"id":107126,"url":"http:\/\/www.24baires.com\/?p=107126","url_meta":{"origin":70459,"position":4},"title":"Pichetto critic\u00f3 que aumente el monto de la AUH y dijo que es \u00abimposible de sostener\u00bb","author":"AF","date":"07\/03\/2019","format":false,"excerpt":"En su discurso de campa\u00f1a de supuesta cr\u00edtica a Cambiemos, el senador y precandidato del Peronismo Federal Miguel \u00c1ngel Pichetto recurri\u00f3 al estigma social que pesa sobre los beneficiarios de planes sociales. Critic\u00f3 el aumento de la Asignaci\u00f3n Universal por Hijo (AUH) por tratarse de una medida tomada a favor\u2026","rel":"","context":"En \u00abSociedad\u00bb","block_context":{"text":"Sociedad","link":"http:\/\/www.24baires.com\/?cat=1"},"img":{"alt_text":"","src":"https:\/\/i0.wp.com\/www.24baires.com\/wp-content\/uploads\/2015\/05\/pichetto.jpg?resize=350%2C200","width":350,"height":200,"srcset":"https:\/\/i0.wp.com\/www.24baires.com\/wp-content\/uploads\/2015\/05\/pichetto.jpg?resize=350%2C200 1x, https:\/\/i0.wp.com\/www.24baires.com\/wp-content\/uploads\/2015\/05\/pichetto.jpg?resize=525%2C300 1.5x"},"classes":[]},{"id":101862,"url":"http:\/\/www.24baires.com\/?p=101862","url_meta":{"origin":70459,"position":5},"title":"Malvinas Argentinas: el PJ Bonaerense lanz\u00f3 \u00abIncluir\u00bb, su escuela de formaci\u00f3n pol\u00edtica","author":"GB","date":"27\/04\/2018","format":false,"excerpt":"Dirigentes de todos los sectores del peronismo confluyeron en Malvinas Argentinas para presentar la herramienta de \"modernizaci\u00f3n\" del partido de cara al 2019. Con un acto en Malvinas Argentinas del que participaron dirigentes del kirchnerismo y el massismo, el PJ Bonaerense lanz\u00f3 ayer \"Incluir\", su escuela de formaci\u00f3n pol\u00edtica para\u2026","rel":"","context":"En \u00abProvincia\u00bb","block_context":{"text":"Provincia","link":"http:\/\/www.24baires.com\/?cat=40"},"img":{"alt_text":"","src":"https:\/\/i0.wp.com\/www.24baires.com\/wp-content\/uploads\/2018\/04\/incluir.jpg?resize=350%2C200","width":350,"height":200,"srcset":"https:\/\/i0.wp.com\/www.24baires.com\/wp-content\/uploads\/2018\/04\/incluir.jpg?resize=350%2C200 1x, https:\/\/i0.wp.com\/www.24baires.com\/wp-content\/uploads\/2018\/04\/incluir.jpg?resize=525%2C300 1.5x"},"classes":[]}],"jetpack_sharing_enabled":true,"jetpack_likes_enabled":true,"jetpack_featured_media_url":"","_links":{"self":[{"href":"http:\/\/www.24baires.com\/index.php?rest_route=\/wp\/v2\/posts\/70459","targetHints":{"allow":["GET"]}}],"collection":[{"href":"http:\/\/www.24baires.com\/index.php?rest_route=\/wp\/v2\/posts"}],"about":[{"href":"http:\/\/www.24baires.com\/index.php?rest_route=\/wp\/v2\/types\/post"}],"author":[{"embeddable":true,"href":"http:\/\/www.24baires.com\/index.php?rest_route=\/wp\/v2\/users\/4"}],"replies":[{"embeddable":true,"href":"http:\/\/www.24baires.com\/index.php?rest_route=%2Fwp%2Fv2%2Fcomments&post=70459"}],"version-history":[{"count":1,"href":"http:\/\/www.24baires.com\/index.php?rest_route=\/wp\/v2\/posts\/70459\/revisions"}],"predecessor-version":[{"id":70460,"href":"http:\/\/www.24baires.com\/index.php?rest_route=\/wp\/v2\/posts\/70459\/revisions\/70460"}],"wp:attachment":[{"href":"http:\/\/www.24baires.com\/index.php?rest_route=%2Fwp%2Fv2%2Fmedia&parent=70459"}],"wp:term":[{"taxonomy":"category","embeddable":true,"href":"http:\/\/www.24baires.com\/index.php?rest_route=%2Fwp%2Fv2%2Fcategories&post=70459"},{"taxonomy":"post_tag","embeddable":true,"href":"http:\/\/www.24baires.com\/index.php?rest_route=%2Fwp%2Fv2%2Ftags&post=70459"}],"curies":[{"name":"wp","href":"https:\/\/api.w.org\/{rel}","templated":true}]}}