{"id":70452,"date":"2015-08-11T20:32:18","date_gmt":"2015-08-11T23:32:18","guid":{"rendered":"http:\/\/www.24baires.com\/?p=70452"},"modified":"2015-08-11T20:18:27","modified_gmt":"2015-08-11T23:18:27","slug":"tras-la-humillante-derrota-con-el-pro-piden-a-sanz-que-renuncie-al-comite-nacional","status":"publish","type":"post","link":"http:\/\/www.24baires.com\/?p=70452","title":{"rendered":"Tras la \u00abhumillante derrota\u00bb con el PRO piden a Sanz que renuncie al Comit\u00e9 Nacional"},"content":{"rendered":"<p><img data-recalc-dims=\"1\" loading=\"lazy\" decoding=\"async\" class=\"aligncenter size-full wp-image-21704\" src=\"https:\/\/i0.wp.com\/www.24baires.com\/wp-content\/uploads\/2013\/04\/sanz-ernesto.jpg?resize=560%2C420\" alt=\"sanz ernesto\" width=\"560\" height=\"420\" srcset=\"https:\/\/i0.wp.com\/www.24baires.com\/wp-content\/uploads\/2013\/04\/sanz-ernesto.jpg?w=560 560w, https:\/\/i0.wp.com\/www.24baires.com\/wp-content\/uploads\/2013\/04\/sanz-ernesto.jpg?resize=300%2C225 300w\" sizes=\"auto, (max-width: 560px) 100vw, 560px\" \/>La contundente victoria del l\u00edder del PRO, Mauricio Macri, en la interna de Cambiemos, sobre Sanz y Elisa Carri\u00f3 (Coalici\u00f3n C\u00edvica-ARI) y el magro resultado obtenido por el senador mendocino, agitaron las aguas en el radicalismo.<!--more--><\/p>\n<p>Un sector del radicalismo cordob\u00e9s reclam\u00f3 hoy la renuncia de Ernesto Sanz al frente del Comit\u00e9 Nacional de la UCR por exponer al partido a la \u00abderrota m\u00e1s humillante que se recuerde en su centenaria trayectoria democr\u00e1tica\u00bb, tras el 3,4% de los votos que obtuvo el ex precandidato presidencial en las PASO del \u00faltimo domingo.<\/p>\n<p>En rigor, el 3,4 por ciento que consigui\u00f3 el titular del Comit\u00e9 nacional en las primarias es la segunda marca m\u00e1s baja del radicalismo en una elecci\u00f3n, luego del 2,3 por ciento, que sac\u00f3 Leopoldo Moreau en las presidenciales de 2003.<\/p>\n<p>\u00abTanto Ernesto Sanz, el mariscal de la derrota, como los dem\u00e1s autores materiales, instigadores y participes necesarios de la claudicaci\u00f3n y la entrega del partido deben asumir las consecuencias de una decisi\u00f3n infamante y dar un paso al costado\u00bb, dice el comunicado de la agrupaci\u00f3n Democracia Radical, que encabeza el dirigente Rodrigo L\u00f3pez Tais.<\/p>\n<p>En esa l\u00ednea, adjudica a la alianza del radicalismo con el PRO y la Coalici\u00f3n C\u00edvica-ARI, la baja performance de Sanz en los comicios del domingo pasado, que dej\u00f3 al partido por primera vez desde la restauraci\u00f3n democr\u00e1tica sin formar parte de un f\u00f3rmula presidencial.<\/p>\n<p>\u201cEl resultado de las PASO dej\u00f3 una certidumbre:fue la alianza electoral de centroderecha que llev\u00f3 adelante la direcci\u00f3n nacional de la Uni\u00f3n C\u00edvica Radical -con el concurso de los Convencionales Nacionales que la aprobaron-, que ten\u00eda como \u00fanico objetivo asegurar la supervivencia, por una temporada m\u00e1s, de dirigentes con m\u00e1s pasado que futuro\u00bb, sostiene el comunicado.<\/p>\n<p>Los radicales cordobeses acusan a Sanz -principal arquitecto del pacto radical con el PRO- de haber propiciado el \u00ababandono de las mejores tradiciones nacionales, populares y progresistas\u00bb de la UCR y de \u00abbrindar una candidatura testimonial\u00bb que \u00ablegitimara\u00bb la postulaci\u00f3n del l\u00edder del PRO a la Casa Rosada.<\/p>\n<p>Asimismo, endilgan a la c\u00fapula radical \u00abofertar al PRO la tercerizaci\u00f3n de los \u00abservicios de fiscalizaci\u00f3n electoral en los comicios generales de octubre, a cambio de un racimo de cargos legislativos\u00bb.<\/p>\n<p>\u00abEse acuerdo vergonzante, determinado por la especulaci\u00f3n, el c\u00e1lculo y una sobredosis letal de pragmatismo, presentado como &#8216;posible, ventajoso y ganador&#8217; (latiguillo usado por Sanz para justificar la alianza con el PRO) finalmente result\u00f3 perjudicial, ruinoso y derrotista para el radicalismo\u201d, dice el comunicado y agrega que la alianza con macristas y c\u00edvicos \u00abexpuso a la Uni\u00f3n C\u00edvica Radical a la derrota m\u00e1s humillante que se recuerde en su centenaria trayectoria democr\u00e1tica\u00bb.<\/p>\n<p>Por \u00faltimo, los radicales cordobeses reclamaron a la actual conducci\u00f3n \u00abdepositar la soberan\u00eda partidaria en manos los afiliados, para dar inicio al verdadero proceso de renovaci\u00f3n pol\u00edtica que la sociedad le exige a la Uni\u00f3n C\u00edvica Radical.<\/p>\n","protected":false},"excerpt":{"rendered":"<p>La contundente victoria del l\u00edder del PRO, Mauricio Macri, en la interna de Cambiemos, sobre Sanz y Elisa Carri\u00f3 (Coalici\u00f3n C\u00edvica-ARI) y el magro resultado obtenido por el senador mendocino, agitaron las aguas en el radicalismo.<\/p>\n","protected":false},"author":8,"featured_media":0,"comment_status":"open","ping_status":"open","sticky":false,"template":"","format":"standard","meta":{"_jetpack_newsletter_access":"","_jetpack_dont_email_post_to_subs":false,"_jetpack_newsletter_tier_id":0,"_jetpack_memberships_contains_paywalled_content":false,"_jetpack_memberships_contains_paid_content":false,"footnotes":""},"categories":[51],"tags":[],"class_list":["post-70452","post","type-post","status-publish","format-standard","hentry","category-politica"],"jetpack_shortlink":"https:\/\/wp.me\/p2JWE0-ikk","jetpack-related-posts":[{"id":63972,"url":"http:\/\/www.24baires.com\/?p=63972","url_meta":{"origin":70452,"position":0},"title":"En cada distrito, la UCR podr\u00e1 hacer alianzas con otras fuerzas","author":"GB","date":"07\/04\/2015","format":false,"excerpt":"Sanz se reuni\u00f3 con los dirigentes radicales cr\u00edticos del acuerdo a nivel nacional alcanzado con el PRO y les garantiz\u00f3 la posibilidad de trabar alianzas a nivel distrital con otras fuerzas. Tras reunirse con dirigentes radicales descontentos con el pacto que a nivel nacional que esa fuerza cerr\u00f3 con el\u2026","rel":"","context":"En \u00abElecciones 2015\u00bb","block_context":{"text":"Elecciones 2015","link":"http:\/\/www.24baires.com\/?cat=74"},"img":{"alt_text":"sanz ernesto","src":"https:\/\/i0.wp.com\/www.24baires.com\/wp-content\/uploads\/2013\/04\/sanz-ernesto.jpg?resize=350%2C200","width":350,"height":200,"srcset":"https:\/\/i0.wp.com\/www.24baires.com\/wp-content\/uploads\/2013\/04\/sanz-ernesto.jpg?resize=350%2C200 1x, https:\/\/i0.wp.com\/www.24baires.com\/wp-content\/uploads\/2013\/04\/sanz-ernesto.jpg?resize=525%2C300 1.5x"},"classes":[]},{"id":35318,"url":"http:\/\/www.24baires.com\/?p=35318","url_meta":{"origin":70452,"position":1},"title":"La irrupci\u00f3n de Sanz en el radicalismo bonaerense agita la interna","author":"Grupo Sierra","date":"17\/11\/2013","format":false,"excerpt":"El alfonsinismo se prepara para resistir el avance del senador nacional Ernesto Sanz en la UCR bonaerense, en medio de la crisis partidaria desatada tras el flojo desempe\u00f1o electoral y la fuga de dirigentes a las filas del Frente Renovador (FR), que lidera Sergio Massa. El plenario convocado por el\u2026","rel":"","context":"En \u00abPol\u00edtica\u00bb","block_context":{"text":"Pol\u00edtica","link":"http:\/\/www.24baires.com\/?cat=51"},"img":{"alt_text":"sanz ernesto","src":"https:\/\/i0.wp.com\/www.24baires.com\/wp-content\/uploads\/2013\/04\/sanz-ernesto-300x225.jpg?resize=350%2C200","width":350,"height":200},"classes":[]},{"id":57264,"url":"http:\/\/www.24baires.com\/?p=57264","url_meta":{"origin":70452,"position":2},"title":"Los candidatos radicales definen su futuro en San Fernando","author":"Grupo Sierra","date":"17\/11\/2014","format":false,"excerpt":"Autoridades partidarias, legisladores nacionales y candidatos a gobernadores de la UCR est\u00e1n reunidos en un club n\u00e1utico de la localidad bonaerense en un intento por limar asperezas en torno al 2015 y superar la crisis que atraviesa al partido. Del debate que se realiza desde las 14.15 en el Club\u2026","rel":"","context":"En \u00abPol\u00edtica\u00bb","block_context":{"text":"Pol\u00edtica","link":"http:\/\/www.24baires.com\/?cat=51"},"img":{"alt_text":"cobos sanz ucr","src":"https:\/\/i0.wp.com\/www.24baires.com\/wp-content\/uploads\/2014\/05\/cobos-sanz-ucr.jpg?resize=350%2C200","width":350,"height":200,"srcset":"https:\/\/i0.wp.com\/www.24baires.com\/wp-content\/uploads\/2014\/05\/cobos-sanz-ucr.jpg?resize=350%2C200 1x, https:\/\/i0.wp.com\/www.24baires.com\/wp-content\/uploads\/2014\/05\/cobos-sanz-ucr.jpg?resize=525%2C300 1.5x"},"classes":[]},{"id":68147,"url":"http:\/\/www.24baires.com\/?p=68147","url_meta":{"origin":70452,"position":3},"title":"Sanz puso en duda la continuidad de su alianza con Macri despu\u00e9s del 11 de diciembre","author":"GB","date":"25\/06\/2015","format":false,"excerpt":"El precandidato presidencial del radicalismo, Ernesto Sanz, por Cambiemos sorprendi\u00f3 al afirmar que no puede asegurar que el acuerdo contin\u00fae despu\u00e9s de las elecciones, si es que no resultan ganadores. El presidente de la Uni\u00f3n C\u00edvica Radical y precandidato presidencial, Ernesto Sanz, dijo, en declaraciones a radio del Plata que\u2026","rel":"","context":"En \u00abElecciones 2015\u00bb","block_context":{"text":"Elecciones 2015","link":"http:\/\/www.24baires.com\/?cat=74"},"img":{"alt_text":"macri sanz","src":"https:\/\/i0.wp.com\/www.24baires.com\/wp-content\/uploads\/2015\/03\/macri-sanz.jpg?resize=350%2C200","width":350,"height":200,"srcset":"https:\/\/i0.wp.com\/www.24baires.com\/wp-content\/uploads\/2015\/03\/macri-sanz.jpg?resize=350%2C200 1x, https:\/\/i0.wp.com\/www.24baires.com\/wp-content\/uploads\/2015\/03\/macri-sanz.jpg?resize=525%2C300 1.5x"},"classes":[]},{"id":63148,"url":"http:\/\/www.24baires.com\/?p=63148","url_meta":{"origin":70452,"position":4},"title":"Convenci\u00f3n de la UCR: Sanz vencer\u00eda a Cobos","author":"AF","date":"14\/03\/2015","format":false,"excerpt":"El titular del comit\u00e9 nacional de la UCR, Ernesto Sanz, logr\u00f3 imponer sus posturas por sobre las del diputado nacional Julio Cobos en las primeras votaciones que se desarrollaron en la convenci\u00f3n nacional partidaria, por lo que les permiti\u00f3 a ambos dirigentes medir el nivel de fuerzas con el que\u2026","rel":"","context":"En \u00abPol\u00edtica\u00bb","block_context":{"text":"Pol\u00edtica","link":"http:\/\/www.24baires.com\/?cat=51"},"img":{"alt_text":"convenci\u00f3n radical","src":"https:\/\/i0.wp.com\/www.24baires.com\/wp-content\/uploads\/2015\/03\/convenci%C3%B3n-radical.jpg?resize=350%2C200","width":350,"height":200},"classes":[]},{"id":63189,"url":"http:\/\/www.24baires.com\/?p=63189","url_meta":{"origin":70452,"position":5},"title":"An\u00edbal Fern\u00e1ndez: \u00abEl acuerdo UCR-PRO es una alianza con objetivo electoral y sin contenido pol\u00edtico\u00bb","author":"AF","date":"16\/03\/2015","format":false,"excerpt":"El jefe de Gabinete, An\u00edbal Fern\u00e1ndez, consider\u00f3 que el acuerdo pol\u00edtico sellado entre el PRO, el radicalismo y la Coalici\u00f3n C\u00edvica constituye una alianza \u201ccon objetivo electoral y sin contenido pol\u00edtico\u201d entre quienes representan a la \u201cderecha espantosa\u201d de la Argentina. Adem\u00e1s, sostuvo que, en ese tipo de acuerdos puramente\u2026","rel":"","context":"En \u00abPol\u00edtica\u00bb","block_context":{"text":"Pol\u00edtica","link":"http:\/\/www.24baires.com\/?cat=51"},"img":{"alt_text":"fern\u00e1ndez an\u00edbal2","src":"https:\/\/i0.wp.com\/www.24baires.com\/wp-content\/uploads\/2012\/11\/fern%C3%A1ndez-an%C3%ADbal2.jpg?resize=350%2C200","width":350,"height":200,"srcset":"https:\/\/i0.wp.com\/www.24baires.com\/wp-content\/uploads\/2012\/11\/fern%C3%A1ndez-an%C3%ADbal2.jpg?resize=350%2C200 1x, https:\/\/i0.wp.com\/www.24baires.com\/wp-content\/uploads\/2012\/11\/fern%C3%A1ndez-an%C3%ADbal2.jpg?resize=525%2C300 1.5x"},"classes":[]}],"jetpack_sharing_enabled":true,"jetpack_likes_enabled":true,"jetpack_featured_media_url":"","_links":{"self":[{"href":"http:\/\/www.24baires.com\/index.php?rest_route=\/wp\/v2\/posts\/70452","targetHints":{"allow":["GET"]}}],"collection":[{"href":"http:\/\/www.24baires.com\/index.php?rest_route=\/wp\/v2\/posts"}],"about":[{"href":"http:\/\/www.24baires.com\/index.php?rest_route=\/wp\/v2\/types\/post"}],"author":[{"embeddable":true,"href":"http:\/\/www.24baires.com\/index.php?rest_route=\/wp\/v2\/users\/8"}],"replies":[{"embeddable":true,"href":"http:\/\/www.24baires.com\/index.php?rest_route=%2Fwp%2Fv2%2Fcomments&post=70452"}],"version-history":[{"count":1,"href":"http:\/\/www.24baires.com\/index.php?rest_route=\/wp\/v2\/posts\/70452\/revisions"}],"predecessor-version":[{"id":70453,"href":"http:\/\/www.24baires.com\/index.php?rest_route=\/wp\/v2\/posts\/70452\/revisions\/70453"}],"wp:attachment":[{"href":"http:\/\/www.24baires.com\/index.php?rest_route=%2Fwp%2Fv2%2Fmedia&parent=70452"}],"wp:term":[{"taxonomy":"category","embeddable":true,"href":"http:\/\/www.24baires.com\/index.php?rest_route=%2Fwp%2Fv2%2Fcategories&post=70452"},{"taxonomy":"post_tag","embeddable":true,"href":"http:\/\/www.24baires.com\/index.php?rest_route=%2Fwp%2Fv2%2Ftags&post=70452"}],"curies":[{"name":"wp","href":"https:\/\/api.w.org\/{rel}","templated":true}]}}